{"id":95552,"date":"2019-06-23T09:54:47","date_gmt":"2019-06-23T12:54:47","guid":{"rendered":"http:\/\/www.hoymercedes.com.ar\/principal\/?p=95552"},"modified":"2019-06-23T14:50:26","modified_gmt":"2019-06-23T17:50:26","slug":"103-aniversario-del-colegio-de-abogados","status":"publish","type":"post","link":"https:\/\/www.hoymercedes.com.ar\/principal\/2019\/06\/23\/103-aniversario-del-colegio-de-abogados\/","title":{"rendered":"103\u00b0 Aniversario del Colegio de Abogados"},"content":{"rendered":"\n<p>Este domingo, 23 de junio, se conmemora el 103* aniversario de creaci\u00f3n de Colegio de Abogados Departamento Judicial Mercedes. En ese marco, los abogados hacen extensiva la invitaci\u00f3n a dos eventos abiertos a la comunidad. <\/p>\n\n\n\n<p>En la localidad de Chivilcoy, en horas de la ma\u00f1ana de este lunes 24, plantar\u00e1n un \u00e1rbol en la plaza 25 de Mayo de dicha ciudad. A la hora 9:30, los abogados de encontrar\u00e1n en la puerta de la Municipalidad de Chivilcoy.<\/p>\n\n\n\n<p>En la ciudad de Mercedes los festejos se har\u00e1n con m\u00fasica. El jueves 27, 19:30 horas, Jorge Mehaudy har\u00e1 M\u00fasica Sefard\u00ed en el Sal\u00f3n de Actos \u00abDr. Arturo Acu\u00f1a Anzorena\u00bb estar\u00e1 acompa\u00f1ado de otros m\u00fasicos mercedinos interpretando temas que pertenecer\u00e1n al quinto disco del m\u00fasico. <\/p>\n","protected":false},"excerpt":{"rendered":"<p>Este domingo, 23 de junio, se conmemora el 103* aniversario de creaci\u00f3n de Colegio de Abogados Departamento Judicial Mercedes. En &#8230; <a title=\"103\u00b0 Aniversario del Colegio de Abogados\" class=\"read-more\" href=\"https:\/\/www.hoymercedes.com.ar\/principal\/2019\/06\/23\/103-aniversario-del-colegio-de-abogados\/\" aria-label=\"Leer m\u00e1s sobre 103\u00b0 Aniversario del Colegio de Abogados\">Leer m\u00e1s<\/a><\/p>\n","protected":false},"author":1,"featured_media":92718,"comment_status":"closed","ping_status":"open","sticky":false,"template":"","format":"standard","meta":{"_monsterinsights_skip_tracking":false,"_monsterinsights_sitenote_active":false,"_monsterinsights_sitenote_note":"","_monsterinsights_sitenote_category":0,"jetpack_post_was_ever_published":false,"_jetpack_newsletter_access":"","_jetpack_dont_email_post_to_subs":false,"_jetpack_newsletter_tier_id":0,"_jetpack_memberships_contains_paywalled_content":false,"_jetpack_memberships_contains_paid_content":false,"footnotes":"","jetpack_publicize_message":"","jetpack_publicize_feature_enabled":true,"jetpack_social_post_already_shared":true,"jetpack_social_options":{"image_generator_settings":{"template":"highway","default_image_id":0,"font":"","enabled":false},"version":2},"_wpas_customize_per_network":false},"categories":[8],"tags":[8829,928],"class_list":["post-95552","post","type-post","status-publish","format-standard","has-post-thumbnail","hentry","category-sociedad","tag-aniversario","tag-colegio-de-abogados","generate-columns","tablet-grid-50","mobile-grid-100","grid-parent","grid-50"],"jetpack_publicize_connections":[],"jetpack_featured_media_url":"https:\/\/www.hoymercedes.com.ar\/principal\/wp-content\/uploads\/2019\/05\/Colegio-de-Abogados.png","wps_subtitle":"","jetpack_sharing_enabled":true,"_links":{"self":[{"href":"https:\/\/www.hoymercedes.com.ar\/principal\/wp-json\/wp\/v2\/posts\/95552","targetHints":{"allow":["GET"]}}],"collection":[{"href":"https:\/\/www.hoymercedes.com.ar\/principal\/wp-json\/wp\/v2\/posts"}],"about":[{"href":"https:\/\/www.hoymercedes.com.ar\/principal\/wp-json\/wp\/v2\/types\/post"}],"author":[{"embeddable":true,"href":"https:\/\/www.hoymercedes.com.ar\/principal\/wp-json\/wp\/v2\/users\/1"}],"replies":[{"embeddable":true,"href":"https:\/\/www.hoymercedes.com.ar\/principal\/wp-json\/wp\/v2\/comments?post=95552"}],"version-history":[{"count":0,"href":"https:\/\/www.hoymercedes.com.ar\/principal\/wp-json\/wp\/v2\/posts\/95552\/revisions"}],"wp:featuredmedia":[{"embeddable":true,"href":"https:\/\/www.hoymercedes.com.ar\/principal\/wp-json\/wp\/v2\/media\/92718"}],"wp:attachment":[{"href":"https:\/\/www.hoymercedes.com.ar\/principal\/wp-json\/wp\/v2\/media?parent=95552"}],"wp:term":[{"taxonomy":"category","embeddable":true,"href":"https:\/\/www.hoymercedes.com.ar\/principal\/wp-json\/wp\/v2\/categories?post=95552"},{"taxonomy":"post_tag","embeddable":true,"href":"https:\/\/www.hoymercedes.com.ar\/principal\/wp-json\/wp\/v2\/tags?post=95552"}],"curies":[{"name":"wp","href":"https:\/\/api.w.org\/{rel}","templated":true}]}}