{"id":95555,"date":"2019-06-23T14:33:54","date_gmt":"2019-06-23T17:33:54","guid":{"rendered":"http:\/\/www.hoymercedes.com.ar\/principal\/?p=95555"},"modified":"2019-06-23T14:52:39","modified_gmt":"2019-06-23T17:52:39","slug":"revora-selva-y-de-pedro-iran-por-la-reelecion-en-diputados-nacionales-y-provincia","status":"publish","type":"post","link":"https:\/\/www.hoymercedes.com.ar\/principal\/2019\/06\/23\/revora-selva-y-de-pedro-iran-por-la-reelecion-en-diputados-nacionales-y-provincia\/","title":{"rendered":"R\u00e9vora, Selva y de Pedro ir\u00e1n por la reeleci\u00f3n en diputados nacionales y provincia"},"content":{"rendered":"\n<figure class=\"wp-block-image\"><img loading=\"lazy\" decoding=\"async\" width=\"800\" height=\"207\" data-attachment-id=\"95556\" data-permalink=\"https:\/\/www.hoymercedes.com.ar\/principal\/2019\/06\/23\/revora-selva-y-de-pedro-iran-por-la-reelecion-en-diputados-nacionales-y-provincia\/wado-lalo-selva\/#main\" data-orig-file=\"https:\/\/www.hoymercedes.com.ar\/principal\/wp-content\/uploads\/2019\/06\/wado-lalo-selva.jpg\" data-orig-size=\"800,207\" data-comments-opened=\"0\" data-image-meta=\"{&quot;aperture&quot;:&quot;0&quot;,&quot;credit&quot;:&quot;&quot;,&quot;camera&quot;:&quot;&quot;,&quot;caption&quot;:&quot;&quot;,&quot;created_timestamp&quot;:&quot;0&quot;,&quot;copyright&quot;:&quot;&quot;,&quot;focal_length&quot;:&quot;0&quot;,&quot;iso&quot;:&quot;0&quot;,&quot;shutter_speed&quot;:&quot;0&quot;,&quot;title&quot;:&quot;&quot;,&quot;orientation&quot;:&quot;0&quot;}\" data-image-title=\"wado-lalo-selva\" data-image-description=\"\" data-image-caption=\"\" data-large-file=\"https:\/\/www.hoymercedes.com.ar\/principal\/wp-content\/uploads\/2019\/06\/wado-lalo-selva.jpg\" src=\"https:\/\/www.hoymercedes.com.ar\/principal\/wp-content\/uploads\/2019\/06\/wado-lalo-selva.jpg\" alt=\"\" class=\"wp-image-95556\" srcset=\"https:\/\/www.hoymercedes.com.ar\/principal\/wp-content\/uploads\/2019\/06\/wado-lalo-selva.jpg 800w, https:\/\/www.hoymercedes.com.ar\/principal\/wp-content\/uploads\/2019\/06\/wado-lalo-selva-150x39.jpg 150w, https:\/\/www.hoymercedes.com.ar\/principal\/wp-content\/uploads\/2019\/06\/wado-lalo-selva-630x163.jpg 630w\" sizes=\"auto, (max-width: 800px) 100vw, 800px\" \/><\/figure>\n\n\n\n<p>Tras un s\u00e1bado fren\u00e9tico se\nconocieron las ubicaciones en que en el Frente de Todos a nivel nacional y\nprovincial ocupar\u00e1n los mercedinos Santiago R\u00e9vora, Carlos Selva y Eduardo \u201cWado\u201d\nDe Pedro.<\/p>\n\n\n\n<p>Despu\u00e9s de muchas ideas y vueltas, informaciones cruzadas y\ndatos, finalmente se supo que el actual dipurado por el Frente Renovador,\nCarlos Selva, ahora dentro del Frente de Todos, en un peronismo unido, ocupar\u00e1\nel lugar N\u00b019 de la lista de diputados nacionales, por su parte, en la misma\nlista, Eduardo de Pedro ir\u00e1 en el N\u00b09.<\/p>\n\n\n\n<p>Por otra parte, ya en la legislatura provincial, tambi\u00e9n\nSantiago \u201clalo\u201d R\u00e9vora ocupar\u00e1 el 3 lugar de la lista por la primera secci\u00f3n\nelectoral. <\/p>\n\n\n\n<p>De esta manera Mercedes volver\u00e1 a contar, dentro del\nperonismo, con representantes locales en las c\u00e1maras legislativas nacionales y\nprovinciales. <\/p>\n","protected":false},"excerpt":{"rendered":"<p>Tras un s\u00e1bado fren\u00e9tico se conocieron las ubicaciones en que en el Frente de Todos a nivel nacional y provincial &#8230; <a title=\"R\u00e9vora, Selva y de Pedro ir\u00e1n por la reeleci\u00f3n en diputados nacionales y provincia\" class=\"read-more\" href=\"https:\/\/www.hoymercedes.com.ar\/principal\/2019\/06\/23\/revora-selva-y-de-pedro-iran-por-la-reelecion-en-diputados-nacionales-y-provincia\/\" aria-label=\"Leer m\u00e1s sobre R\u00e9vora, Selva y de Pedro ir\u00e1n por la reeleci\u00f3n en diputados nacionales y provincia\">Leer m\u00e1s<\/a><\/p>\n","protected":false},"author":1,"featured_media":0,"comment_status":"closed","ping_status":"open","sticky":false,"template":"","format":"standard","meta":{"_monsterinsights_skip_tracking":false,"_monsterinsights_sitenote_active":false,"_monsterinsights_sitenote_note":"","_monsterinsights_sitenote_category":0,"jetpack_post_was_ever_published":false,"_jetpack_newsletter_access":"","_jetpack_dont_email_post_to_subs":false,"_jetpack_newsletter_tier_id":0,"_jetpack_memberships_contains_paywalled_content":false,"_jetpack_memberships_contains_paid_content":false,"footnotes":"","jetpack_publicize_message":"","jetpack_publicize_feature_enabled":true,"jetpack_social_post_already_shared":true,"jetpack_social_options":{"image_generator_settings":{"template":"highway","default_image_id":0,"font":"","enabled":false},"version":2},"_wpas_customize_per_network":false},"categories":[5],"tags":[1409,10019,6379,14403,5319],"class_list":["post-95555","post","type-post","status-publish","format-standard","hentry","category-politica","tag-candidatos","tag-diputados-nacionales","tag-diputados-provinciales","tag-elecciones-2019","tag-politica-2","generate-columns","tablet-grid-50","mobile-grid-100","grid-parent","grid-50"],"jetpack_publicize_connections":[],"jetpack_featured_media_url":"","wps_subtitle":"","jetpack_sharing_enabled":true,"_links":{"self":[{"href":"https:\/\/www.hoymercedes.com.ar\/principal\/wp-json\/wp\/v2\/posts\/95555","targetHints":{"allow":["GET"]}}],"collection":[{"href":"https:\/\/www.hoymercedes.com.ar\/principal\/wp-json\/wp\/v2\/posts"}],"about":[{"href":"https:\/\/www.hoymercedes.com.ar\/principal\/wp-json\/wp\/v2\/types\/post"}],"author":[{"embeddable":true,"href":"https:\/\/www.hoymercedes.com.ar\/principal\/wp-json\/wp\/v2\/users\/1"}],"replies":[{"embeddable":true,"href":"https:\/\/www.hoymercedes.com.ar\/principal\/wp-json\/wp\/v2\/comments?post=95555"}],"version-history":[{"count":0,"href":"https:\/\/www.hoymercedes.com.ar\/principal\/wp-json\/wp\/v2\/posts\/95555\/revisions"}],"wp:attachment":[{"href":"https:\/\/www.hoymercedes.com.ar\/principal\/wp-json\/wp\/v2\/media?parent=95555"}],"wp:term":[{"taxonomy":"category","embeddable":true,"href":"https:\/\/www.hoymercedes.com.ar\/principal\/wp-json\/wp\/v2\/categories?post=95555"},{"taxonomy":"post_tag","embeddable":true,"href":"https:\/\/www.hoymercedes.com.ar\/principal\/wp-json\/wp\/v2\/tags?post=95555"}],"curies":[{"name":"wp","href":"https:\/\/api.w.org\/{rel}","templated":true}]}}