{"id":95567,"date":"2019-06-23T15:48:32","date_gmt":"2019-06-23T18:48:32","guid":{"rendered":"http:\/\/www.hoymercedes.com.ar\/principal\/?p=95567"},"modified":"2019-06-23T16:20:40","modified_gmt":"2019-06-23T19:20:40","slug":"presos-con-caras-ocultas-las-razones-para-no-mostrarlas","status":"publish","type":"post","link":"https:\/\/www.hoymercedes.com.ar\/principal\/2019\/06\/23\/presos-con-caras-ocultas-las-razones-para-no-mostrarlas\/","title":{"rendered":"Presos con caras ocultas: las razones para no mostrarlas"},"content":{"rendered":"\n<p><em><strong>El Ministerio P\u00fablico Bonaerense explic\u00f3 los motivos por los cuales la Polic\u00eda no puede <\/strong><\/em><em><strong> mostrar el rostro de la persona que acaban de ser detenida. <\/strong><\/em> <\/p>\n\n\n\n<p>Es frecuente que los lectores de distintos medios locales, regionales y provinciales exijan y reclamen que las im\u00e1genes que env\u00eda la polic\u00eda y los investigadores judiciales de los detenidos sean a cara descubierta y con los nombres completos, apodos y hasta los domicilios para estar prevenidos o, hasta en algunos casos, llegar a la \u00abjusticia por mano propia\u00bb. <\/p>\n\n\n\n<p>Sin embargo, hay razones legales. Est\u00e1 claro que cuando se trata de menores la informaci\u00f3n est\u00e1 debidamente vedada a ser revelada. Cualquier informaci\u00f3n al respecto que pueda afectar o conducir a la identificaci\u00f3n del menor no puede ser difundida por la prensa.<\/p>\n\n\n\n<p>\u00bfPero qu\u00e9 pasa cuando los apresados son mayores de edad? \u00daltimamente, y siguiendo una l\u00ednea de trabajo, un protocolo, impartido por la superioridad, la Polic\u00eda se encarga de ocultar el rostro del delincuente en la fotos que env\u00eda a los medios de comunicaci\u00f3n.<\/p>\n\n\n\n<p>Muchas veces, la Polic\u00eda no est\u00e1 autorizada por la Justicia a dar nombres. El motivo es que la difusi\u00f3n de las identidades luego se viralizan por las redes sociales y la persona aprehendida tiene complicaciones en el futuro en caso de buscar trabajo.<\/p>\n\n\n\n<p>Hace poco, el Ministerio P\u00fablico explic\u00f3 en un comunicado los motivos por los cuales se les tapa la cara a los detenidos: \u201cCuando la Polic\u00eda realiza una intervenci\u00f3n o allanamiento, los detenidos suelen ser sacados con sus rostros tapados o, en el caso de las im\u00e1genes, estos aparecen distorsionados. Algunos consideran que deber\u00edan ser expuestos al ojo p\u00fablico, sin embargo, esta pr\u00e1ctica conlleva objetivos espec\u00edficos\u201d.<\/p>\n\n\n\n<p>Y agreg\u00f3: \u201caunque muchos ciudadanos piensan que lo anterior solo contribuye a proteger al detenido, el hecho es que tambi\u00e9n esta pr\u00e1ctica es de suma importancia para el proceso judicial que podr\u00eda enfrentar el involucrado\u201d.<\/p>\n\n\n\n<p>Hay dos aspectos a tomar en cuenta al cubrir el rostro del aprehendido: el principio de inocencia y una afectaci\u00f3n en el desarrollo del caso por parte del Ministerio P\u00fablico.<\/p>\n\n\n\n<p>Record\u00f3 que \u201cante todo siempre rige primero el principio de inocencia. Es un principio jur\u00eddico penal que establece la inocencia de la persona como regla. Solamente a trav\u00e9s de un proceso o juicio en el que se demuestre la culpabilidad de la persona, podr\u00e1 el Estado aplicarle una pena o sanci\u00f3n\u201d.<\/p>\n\n\n\n<p>La presunci\u00f3n de inocencia es una garant\u00eda consagrada en la Declaraci\u00f3n Universal de los Derechos Humanos en tratados internacionales sobre derechos humanos como, por ejemplo, la Convenci\u00f3n Americana sobre Derechos Humanos o la Convenci\u00f3n Europea de Derechos Humanos.<\/p>\n\n\n\n<p>Toda persona acusada de delito tiene derecho a que se presuma su inocencia mientras no se pruebe su culpabilidad, conforme a la ley y en un juicio p\u00fablico en el que se le hayan asegurado todas las garant\u00edas necesarias a su defensa (art\u00edculo 11 de la Declaraci\u00f3n Universal de los Derechos Humano). Es decir, toda persona es inocente hasta que se demuestre lo contrario, por tal motivo, se resguarda su identidad hasta que un respectivo tribunal lo considere culpable\u201d.<\/p>\n\n\n\n<p>Pero tambi\u00e9n hay otro aspecto que en caso de mostrarse el rostro puede hacer caer una investigaci\u00f3n. \u201cEn muchas ocasiones es necesario que las v\u00edctimas realicen un reconocimiento del supuesto agresor, lo cual significa una importante prueba en el desarrollo del caso. Si no se tapa el rostro del detenido, el abogado defensor de esta persona puede alegar que los afectados lo reconocieron por dichas im\u00e1genes y no precisamente por haber sido quien cometi\u00f3 el delito, lo cual tirar\u00eda abajo todo el proceder policial.\u201d<\/p>\n\n\n\n<p>\u201cEn muchas ocasiones, se requiere tapar el rostro para que luego se realice un proceso de reconocimiento. Si se muestra su cara perjudica ese tipo de situaciones, porque, puede tirar abajo el reconocimiento, lo que sirve como una prueba m\u00e1s.<\/p>\n\n\n\n<p>Por tales motivos aunque las personas pidan que se revelen los rostros, se lleva a cabo esta pr\u00e1ctica, para apegarse al principio de inocencia y no afectar una posible investigaci\u00f3n del caso\u201d, explic\u00f3 Ministerio.<\/p>\n\n\n\n<p>Fuente: Gustavo Charino de El Civismo de Luj\u00e1n.<\/p>\n","protected":false},"excerpt":{"rendered":"<p>El Ministerio P\u00fablico Bonaerense explic\u00f3 los motivos por los cuales la Polic\u00eda no puede mostrar el rostro de la persona &#8230; <a title=\"Presos con caras ocultas: las razones para no mostrarlas\" class=\"read-more\" href=\"https:\/\/www.hoymercedes.com.ar\/principal\/2019\/06\/23\/presos-con-caras-ocultas-las-razones-para-no-mostrarlas\/\" aria-label=\"Leer m\u00e1s sobre Presos con caras ocultas: las razones para no mostrarlas\">Leer m\u00e1s<\/a><\/p>\n","protected":false},"author":1,"featured_media":90495,"comment_status":"closed","ping_status":"open","sticky":false,"template":"","format":"standard","meta":{"_monsterinsights_skip_tracking":false,"_monsterinsights_sitenote_active":false,"_monsterinsights_sitenote_note":"","_monsterinsights_sitenote_category":0,"jetpack_post_was_ever_published":false,"_jetpack_newsletter_access":"","_jetpack_dont_email_post_to_subs":false,"_jetpack_newsletter_tier_id":0,"_jetpack_memberships_contains_paywalled_content":false,"_jetpack_memberships_contains_paid_content":false,"footnotes":"","jetpack_publicize_message":"","jetpack_publicize_feature_enabled":true,"jetpack_social_post_already_shared":true,"jetpack_social_options":{"image_generator_settings":{"template":"highway","default_image_id":0,"font":"","enabled":false},"version":2},"_wpas_customize_per_network":false},"categories":[85],"tags":[215,12006,3457],"class_list":["post-95567","post","type-post","status-publish","format-standard","has-post-thumbnail","hentry","category-policial","tag-detenciones","tag-ministerio-publico","tag-policiales","generate-columns","tablet-grid-50","mobile-grid-100","grid-parent","grid-50"],"jetpack_publicize_connections":[],"jetpack_featured_media_url":"https:\/\/www.hoymercedes.com.ar\/principal\/wp-content\/uploads\/2019\/04\/01-policial.jpg","wps_subtitle":"","jetpack_sharing_enabled":true,"_links":{"self":[{"href":"https:\/\/www.hoymercedes.com.ar\/principal\/wp-json\/wp\/v2\/posts\/95567","targetHints":{"allow":["GET"]}}],"collection":[{"href":"https:\/\/www.hoymercedes.com.ar\/principal\/wp-json\/wp\/v2\/posts"}],"about":[{"href":"https:\/\/www.hoymercedes.com.ar\/principal\/wp-json\/wp\/v2\/types\/post"}],"author":[{"embeddable":true,"href":"https:\/\/www.hoymercedes.com.ar\/principal\/wp-json\/wp\/v2\/users\/1"}],"replies":[{"embeddable":true,"href":"https:\/\/www.hoymercedes.com.ar\/principal\/wp-json\/wp\/v2\/comments?post=95567"}],"version-history":[{"count":0,"href":"https:\/\/www.hoymercedes.com.ar\/principal\/wp-json\/wp\/v2\/posts\/95567\/revisions"}],"wp:featuredmedia":[{"embeddable":true,"href":"https:\/\/www.hoymercedes.com.ar\/principal\/wp-json\/wp\/v2\/media\/90495"}],"wp:attachment":[{"href":"https:\/\/www.hoymercedes.com.ar\/principal\/wp-json\/wp\/v2\/media?parent=95567"}],"wp:term":[{"taxonomy":"category","embeddable":true,"href":"https:\/\/www.hoymercedes.com.ar\/principal\/wp-json\/wp\/v2\/categories?post=95567"},{"taxonomy":"post_tag","embeddable":true,"href":"https:\/\/www.hoymercedes.com.ar\/principal\/wp-json\/wp\/v2\/tags?post=95567"}],"curies":[{"name":"wp","href":"https:\/\/api.w.org\/{rel}","templated":true}]}}