{"id":95573,"date":"2019-06-23T17:16:27","date_gmt":"2019-06-23T20:16:27","guid":{"rendered":"http:\/\/www.hoymercedes.com.ar\/principal\/?p=95573"},"modified":"2019-06-23T16:56:53","modified_gmt":"2019-06-23T19:56:53","slug":"entregaron-premios-en-el-salon-de-pinturas","status":"publish","type":"post","link":"https:\/\/www.hoymercedes.com.ar\/principal\/2019\/06\/23\/entregaron-premios-en-el-salon-de-pinturas\/","title":{"rendered":"Entregaron premios en el Sal\u00f3n de Pinturas"},"content":{"rendered":"\n<p>En la tarde noche de este s\u00e1bado, se llev\u00f3 adelante la entregar <a rel=\"noreferrer noopener\" aria-label=\"premios y distinciones  (opens in a new tab)\" href=\"https:\/\/www.hoymercedes.com.ar\/principal\/2019\/06\/19\/marcela-cueto-gana-el-premio-local-del-salon-de-pintura\/\" target=\"_blank\">premios y distinciones <\/a>a los artistas pl\u00e1sticos seleccionados y ganadores del 16\u00b0 Sal\u00f3n de Pintura \u00abCiudad de Mercedes\u00bb. Los premios principales fueron para Marcela Cueto que por cuarta vez recibe un primer premio en el Sal\u00f3n y Jorge Ricciardulli de Luj\u00e1n con el premio del sal\u00f3n. <\/p>\n\n\n\n<figure class=\"wp-block-image\"><img loading=\"lazy\" decoding=\"async\" width=\"750\" height=\"500\" data-attachment-id=\"95578\" data-permalink=\"https:\/\/www.hoymercedes.com.ar\/principal\/2019\/06\/23\/entregaron-premios-en-el-salon-de-pinturas\/23-salon-premios-3\/#main\" data-orig-file=\"https:\/\/www.hoymercedes.com.ar\/principal\/wp-content\/uploads\/2019\/06\/23-salon-premios-3.jpg\" data-orig-size=\"750,500\" data-comments-opened=\"0\" data-image-meta=\"{&quot;aperture&quot;:&quot;2&quot;,&quot;credit&quot;:&quot;&quot;,&quot;camera&quot;:&quot;Moto G (5S) Plus&quot;,&quot;caption&quot;:&quot;&quot;,&quot;created_timestamp&quot;:&quot;1561235783&quot;,&quot;copyright&quot;:&quot;&quot;,&quot;focal_length&quot;:&quot;3.59&quot;,&quot;iso&quot;:&quot;721&quot;,&quot;shutter_speed&quot;:&quot;0.05&quot;,&quot;title&quot;:&quot;&quot;,&quot;orientation&quot;:&quot;1&quot;}\" data-image-title=\"23 salon premios 3\" data-image-description=\"&lt;p&gt;El artista pl\u00e1stico de Luj\u00e1n gan\u00f3 el premio principal del Sal\u00f3n. &lt;\/p&gt;\n\" data-image-caption=\"\" data-large-file=\"https:\/\/www.hoymercedes.com.ar\/principal\/wp-content\/uploads\/2019\/06\/23-salon-premios-3.jpg\" src=\"https:\/\/www.hoymercedes.com.ar\/principal\/wp-content\/uploads\/2019\/06\/23-salon-premios-3.jpg\" alt=\"\" class=\"wp-image-95578\" srcset=\"https:\/\/www.hoymercedes.com.ar\/principal\/wp-content\/uploads\/2019\/06\/23-salon-premios-3.jpg 750w, https:\/\/www.hoymercedes.com.ar\/principal\/wp-content\/uploads\/2019\/06\/23-salon-premios-3-150x100.jpg 150w, https:\/\/www.hoymercedes.com.ar\/principal\/wp-content\/uploads\/2019\/06\/23-salon-premios-3-630x420.jpg 630w, https:\/\/www.hoymercedes.com.ar\/principal\/wp-content\/uploads\/2019\/06\/23-salon-premios-3-720x480.jpg 720w, https:\/\/www.hoymercedes.com.ar\/principal\/wp-content\/uploads\/2019\/06\/23-salon-premios-3-360x240.jpg 360w\" sizes=\"auto, (max-width: 750px) 100vw, 750px\" \/><\/figure>\n\n\n\n<p>El acto inaugural y de entrega de premios se realiz\u00f3 en el Museo de Arte \u00abMunicipalidad de Mercedes\u00bb (MAMM) con un p\u00fablico presente que sab\u00eda de ante mano qui\u00e9nes hab\u00edan ganado el certamen, pero que igual se hicieron presentes porque este a\u00f1o m\u00e1s de 60 obras fueron seleccionadas para exponer en los cuatro salones del Museo. <\/p>\n\n\n\n<figure class=\"wp-block-image\"><img loading=\"lazy\" decoding=\"async\" width=\"750\" height=\"421\" data-attachment-id=\"95579\" data-permalink=\"https:\/\/www.hoymercedes.com.ar\/principal\/2019\/06\/23\/entregaron-premios-en-el-salon-de-pinturas\/23-salon-premios-4\/#main\" data-orig-file=\"https:\/\/www.hoymercedes.com.ar\/principal\/wp-content\/uploads\/2019\/06\/23-salon-premios-4.jpg\" data-orig-size=\"750,421\" data-comments-opened=\"0\" data-image-meta=\"{&quot;aperture&quot;:&quot;0&quot;,&quot;credit&quot;:&quot;&quot;,&quot;camera&quot;:&quot;&quot;,&quot;caption&quot;:&quot;&quot;,&quot;created_timestamp&quot;:&quot;0&quot;,&quot;copyright&quot;:&quot;&quot;,&quot;focal_length&quot;:&quot;0&quot;,&quot;iso&quot;:&quot;0&quot;,&quot;shutter_speed&quot;:&quot;0&quot;,&quot;title&quot;:&quot;&quot;,&quot;orientation&quot;:&quot;0&quot;}\" data-image-title=\"23 salon premios 4\" data-image-description=\"&lt;p&gt;Juli\u00e1n Etchagaray gan\u00f3 el premio est\u00edmulo local para los j\u00f3venes artistas pl\u00e1sticos. &lt;\/p&gt;\n\" data-image-caption=\"\" data-large-file=\"https:\/\/www.hoymercedes.com.ar\/principal\/wp-content\/uploads\/2019\/06\/23-salon-premios-4.jpg\" src=\"https:\/\/www.hoymercedes.com.ar\/principal\/wp-content\/uploads\/2019\/06\/23-salon-premios-4.jpg\" alt=\"\" class=\"wp-image-95579\" srcset=\"https:\/\/www.hoymercedes.com.ar\/principal\/wp-content\/uploads\/2019\/06\/23-salon-premios-4.jpg 750w, https:\/\/www.hoymercedes.com.ar\/principal\/wp-content\/uploads\/2019\/06\/23-salon-premios-4-150x84.jpg 150w, https:\/\/www.hoymercedes.com.ar\/principal\/wp-content\/uploads\/2019\/06\/23-salon-premios-4-630x354.jpg 630w\" sizes=\"auto, (max-width: 750px) 100vw, 750px\" \/><\/figure>\n\n\n\n<p>Fueron m\u00e1s de 240 las obras presentadas de 20 ciudades de la provincia. Se desatac\u00f3 la participaci\u00f3n de estudiantes de la Escuela de Arte \u201cFifo\u201d Roggero. Muchos de ellos participaron y exponen por primera vez en el MAMM.<\/p>\n\n\n\n<p>Los premiados recibieron sus distinciones de manos de las autoridades presentes. Solo Marcela Cueto habl\u00f3 ante los presentes como cierre y en nombre de los artistas pl\u00e1sticos ganadores y participantes. (Ver Video). <\/p>\n\n\n\n<figure class=\"wp-block-embed-youtube wp-block-embed is-type-video is-provider-youtube wp-embed-aspect-16-9 wp-has-aspect-ratio\"><div class=\"wp-block-embed__wrapper\">\n<span class=\"embed-youtube\" style=\"text-align:center; display: block;\"><iframe loading=\"lazy\" class=\"youtube-player\" width=\"1200\" height=\"675\" src=\"https:\/\/www.youtube.com\/embed\/FaYEoDjgc0I?version=3&#038;rel=1&#038;showsearch=0&#038;showinfo=1&#038;iv_load_policy=1&#038;fs=1&#038;hl=es-ES&#038;autohide=2&#038;wmode=transparent\" allowfullscreen=\"true\" style=\"border:0;\" sandbox=\"allow-scripts allow-same-origin allow-popups allow-presentation allow-popups-to-escape-sandbox\"><\/iframe><\/span>\n<\/div><\/figure>\n\n\n\n<p>En nombre de las autoridades, la Directora de Cultura, Luc\u00eda Capaccio, habl\u00f3 ante los presentes y destac\u00f3 la alta participaci\u00f3n de artistas pl\u00e1sticos de la regi\u00f3n. En tanto, el Jefe Comunal Juan Ignacio Ustarroz agradeci\u00f3 y felicit\u00f3 a los trabajadores del Museo y a los artistas pl\u00e1sticos que se hicieron eco de la convocatoria. <\/p>\n\n\n\n<figure class=\"wp-block-image\"><img loading=\"lazy\" decoding=\"async\" width=\"750\" height=\"500\" data-attachment-id=\"95577\" data-permalink=\"https:\/\/www.hoymercedes.com.ar\/principal\/2019\/06\/23\/entregaron-premios-en-el-salon-de-pinturas\/23-salon-premios-2\/#main\" data-orig-file=\"https:\/\/www.hoymercedes.com.ar\/principal\/wp-content\/uploads\/2019\/06\/23-salon-premios-2.jpg\" data-orig-size=\"750,500\" data-comments-opened=\"0\" data-image-meta=\"{&quot;aperture&quot;:&quot;2&quot;,&quot;credit&quot;:&quot;&quot;,&quot;camera&quot;:&quot;Moto G (5S) Plus&quot;,&quot;caption&quot;:&quot;&quot;,&quot;created_timestamp&quot;:&quot;1561232623&quot;,&quot;copyright&quot;:&quot;&quot;,&quot;focal_length&quot;:&quot;3.59&quot;,&quot;iso&quot;:&quot;756&quot;,&quot;shutter_speed&quot;:&quot;0.04&quot;,&quot;title&quot;:&quot;&quot;,&quot;orientation&quot;:&quot;1&quot;}\" data-image-title=\"23 salon premios 2\" data-image-description=\"\" data-image-caption=\"\" data-large-file=\"https:\/\/www.hoymercedes.com.ar\/principal\/wp-content\/uploads\/2019\/06\/23-salon-premios-2.jpg\" src=\"https:\/\/www.hoymercedes.com.ar\/principal\/wp-content\/uploads\/2019\/06\/23-salon-premios-2.jpg\" alt=\"\" class=\"wp-image-95577\" srcset=\"https:\/\/www.hoymercedes.com.ar\/principal\/wp-content\/uploads\/2019\/06\/23-salon-premios-2.jpg 750w, https:\/\/www.hoymercedes.com.ar\/principal\/wp-content\/uploads\/2019\/06\/23-salon-premios-2-150x100.jpg 150w, https:\/\/www.hoymercedes.com.ar\/principal\/wp-content\/uploads\/2019\/06\/23-salon-premios-2-630x420.jpg 630w, https:\/\/www.hoymercedes.com.ar\/principal\/wp-content\/uploads\/2019\/06\/23-salon-premios-2-720x480.jpg 720w, https:\/\/www.hoymercedes.com.ar\/principal\/wp-content\/uploads\/2019\/06\/23-salon-premios-2-360x240.jpg 360w\" sizes=\"auto, (max-width: 750px) 100vw, 750px\" \/><figcaption>Los dos primeros premios (el del Sal\u00f3n y el Local) expuestos en la Sala A del MAMM. <\/figcaption><\/figure>\n\n\n\n<figure class=\"wp-block-image\"><img loading=\"lazy\" decoding=\"async\" width=\"750\" height=\"500\" data-attachment-id=\"95576\" data-permalink=\"https:\/\/www.hoymercedes.com.ar\/principal\/2019\/06\/23\/entregaron-premios-en-el-salon-de-pinturas\/23-salon-premios-1\/#main\" data-orig-file=\"https:\/\/www.hoymercedes.com.ar\/principal\/wp-content\/uploads\/2019\/06\/23-salon-premios-1.jpg\" data-orig-size=\"750,500\" data-comments-opened=\"0\" data-image-meta=\"{&quot;aperture&quot;:&quot;2&quot;,&quot;credit&quot;:&quot;&quot;,&quot;camera&quot;:&quot;Moto G (5S) Plus&quot;,&quot;caption&quot;:&quot;&quot;,&quot;created_timestamp&quot;:&quot;1561236378&quot;,&quot;copyright&quot;:&quot;&quot;,&quot;focal_length&quot;:&quot;3.59&quot;,&quot;iso&quot;:&quot;781&quot;,&quot;shutter_speed&quot;:&quot;0.04&quot;,&quot;title&quot;:&quot;&quot;,&quot;orientation&quot;:&quot;1&quot;}\" data-image-title=\"23 salon premios 1\" data-image-description=\"\" data-image-caption=\"&lt;p&gt;Todos los ganadores y distinguidos junto a las autoridades. &lt;\/p&gt;\n\" data-large-file=\"https:\/\/www.hoymercedes.com.ar\/principal\/wp-content\/uploads\/2019\/06\/23-salon-premios-1.jpg\" src=\"https:\/\/www.hoymercedes.com.ar\/principal\/wp-content\/uploads\/2019\/06\/23-salon-premios-1.jpg\" alt=\"\" class=\"wp-image-95576\" srcset=\"https:\/\/www.hoymercedes.com.ar\/principal\/wp-content\/uploads\/2019\/06\/23-salon-premios-1.jpg 750w, https:\/\/www.hoymercedes.com.ar\/principal\/wp-content\/uploads\/2019\/06\/23-salon-premios-1-150x100.jpg 150w, https:\/\/www.hoymercedes.com.ar\/principal\/wp-content\/uploads\/2019\/06\/23-salon-premios-1-630x420.jpg 630w, https:\/\/www.hoymercedes.com.ar\/principal\/wp-content\/uploads\/2019\/06\/23-salon-premios-1-720x480.jpg 720w, https:\/\/www.hoymercedes.com.ar\/principal\/wp-content\/uploads\/2019\/06\/23-salon-premios-1-360x240.jpg 360w\" sizes=\"auto, (max-width: 750px) 100vw, 750px\" \/><figcaption>Todos los ganadores y distinguidos junto a las autoridades. <\/figcaption><\/figure>\n","protected":false},"excerpt":{"rendered":"<p>En la tarde noche de este s\u00e1bado, se llev\u00f3 adelante la entregar premios y distinciones a los artistas pl\u00e1sticos seleccionados &#8230; <a title=\"Entregaron premios en el Sal\u00f3n de Pinturas\" class=\"read-more\" href=\"https:\/\/www.hoymercedes.com.ar\/principal\/2019\/06\/23\/entregaron-premios-en-el-salon-de-pinturas\/\" aria-label=\"Leer m\u00e1s sobre Entregaron premios en el Sal\u00f3n de Pinturas\">Leer m\u00e1s<\/a><\/p>\n","protected":false},"author":1,"featured_media":95576,"comment_status":"closed","ping_status":"open","sticky":false,"template":"","format":"standard","meta":{"_monsterinsights_skip_tracking":false,"_monsterinsights_sitenote_active":false,"_monsterinsights_sitenote_note":"","_monsterinsights_sitenote_category":0,"jetpack_post_was_ever_published":false,"_jetpack_newsletter_access":"","_jetpack_dont_email_post_to_subs":false,"_jetpack_newsletter_tier_id":0,"_jetpack_memberships_contains_paywalled_content":false,"_jetpack_memberships_contains_paid_content":false,"footnotes":"","jetpack_publicize_message":"","jetpack_publicize_feature_enabled":true,"jetpack_social_post_already_shared":true,"jetpack_social_options":{"image_generator_settings":{"template":"highway","default_image_id":0,"font":"","enabled":false},"version":2},"_wpas_customize_per_network":false},"categories":[104],"tags":[7805,15375,3384,8674,11231],"class_list":["post-95573","post","type-post","status-publish","format-standard","has-post-thumbnail","hentry","category-cultura","tag-cultura","tag-entrega-de-premios","tag-ganadores","tag-mamm","tag-salon-de-pinturas","generate-columns","tablet-grid-50","mobile-grid-100","grid-parent","grid-50"],"jetpack_publicize_connections":[],"jetpack_featured_media_url":"https:\/\/www.hoymercedes.com.ar\/principal\/wp-content\/uploads\/2019\/06\/23-salon-premios-1.jpg","wps_subtitle":"El s\u00e1bado a la noche","jetpack_sharing_enabled":true,"_links":{"self":[{"href":"https:\/\/www.hoymercedes.com.ar\/principal\/wp-json\/wp\/v2\/posts\/95573","targetHints":{"allow":["GET"]}}],"collection":[{"href":"https:\/\/www.hoymercedes.com.ar\/principal\/wp-json\/wp\/v2\/posts"}],"about":[{"href":"https:\/\/www.hoymercedes.com.ar\/principal\/wp-json\/wp\/v2\/types\/post"}],"author":[{"embeddable":true,"href":"https:\/\/www.hoymercedes.com.ar\/principal\/wp-json\/wp\/v2\/users\/1"}],"replies":[{"embeddable":true,"href":"https:\/\/www.hoymercedes.com.ar\/principal\/wp-json\/wp\/v2\/comments?post=95573"}],"version-history":[{"count":0,"href":"https:\/\/www.hoymercedes.com.ar\/principal\/wp-json\/wp\/v2\/posts\/95573\/revisions"}],"wp:featuredmedia":[{"embeddable":true,"href":"https:\/\/www.hoymercedes.com.ar\/principal\/wp-json\/wp\/v2\/media\/95576"}],"wp:attachment":[{"href":"https:\/\/www.hoymercedes.com.ar\/principal\/wp-json\/wp\/v2\/media?parent=95573"}],"wp:term":[{"taxonomy":"category","embeddable":true,"href":"https:\/\/www.hoymercedes.com.ar\/principal\/wp-json\/wp\/v2\/categories?post=95573"},{"taxonomy":"post_tag","embeddable":true,"href":"https:\/\/www.hoymercedes.com.ar\/principal\/wp-json\/wp\/v2\/tags?post=95573"}],"curies":[{"name":"wp","href":"https:\/\/api.w.org\/{rel}","templated":true}]}}