{"id":95590,"date":"2019-06-23T20:00:11","date_gmt":"2019-06-23T23:00:11","guid":{"rendered":"http:\/\/www.hoymercedes.com.ar\/principal\/?p=95590"},"modified":"2019-06-23T21:30:08","modified_gmt":"2019-06-24T00:30:08","slug":"nuevo-encuentro-de-la-federacion-de-asociaciones-italianas","status":"publish","type":"post","link":"https:\/\/www.hoymercedes.com.ar\/principal\/2019\/06\/23\/nuevo-encuentro-de-la-federacion-de-asociaciones-italianas\/","title":{"rendered":"Nuevo encuentro de la Federaci\u00f3n de Asociaciones Italianas"},"content":{"rendered":"\n<p>La Sociedad Italiana de Mercedes, a trav\u00e9s de su presidente Ernesto R\u00edssola, particip\u00f3 este domingo de una nueva reuni\u00f3n de la FAIA (Federaci\u00f3n de Asociaciones Italianas Argentinas en la localidad de Moreno junto a otras instituciones que re\u00fanen a la colectividad italiana en el pa\u00eds. <\/p>\n\n\n\n<p>Durante la reuni\u00f3n fueron varios los temas tratados. Entre ellos, la participaci\u00f3n de la FAIA dentro de la CAM (Confederaci\u00f3n Argentina de Mutuales) con el fin de participar de proyectos del mutualismo nacional. Otro tema planteado fue la inserci\u00f3n de la Federaci\u00f3n en Feditalia. Un espacio que agrupa a todas las Federaciones Italianas y que la pr\u00f3xima semana se reunir\u00e1 en la capital bonaerense. <\/p>\n\n\n\n<p>Por \u00faltimo, los referentes de la colectividad italiana fueron d\u00e1ndole forma a la participaci\u00f3n que tendr\u00e1 la Federaci\u00f3n en Buenos Aires Celebr\u00f3 Italia con  la inclusi\u00f3n de un stand con la cultura y costumbres de los italianos. <\/p>\n\n\n\n<figure class=\"wp-block-image\"><img loading=\"lazy\" decoding=\"async\" width=\"750\" height=\"500\" data-attachment-id=\"95592\" data-permalink=\"https:\/\/www.hoymercedes.com.ar\/principal\/2019\/06\/23\/nuevo-encuentro-de-la-federacion-de-asociaciones-italianas\/23-soc-italiana\/#main\" data-orig-file=\"https:\/\/www.hoymercedes.com.ar\/principal\/wp-content\/uploads\/2019\/06\/23-soc-italiana.jpg\" data-orig-size=\"750,500\" data-comments-opened=\"0\" data-image-meta=\"{&quot;aperture&quot;:&quot;0&quot;,&quot;credit&quot;:&quot;&quot;,&quot;camera&quot;:&quot;&quot;,&quot;caption&quot;:&quot;&quot;,&quot;created_timestamp&quot;:&quot;0&quot;,&quot;copyright&quot;:&quot;&quot;,&quot;focal_length&quot;:&quot;0&quot;,&quot;iso&quot;:&quot;0&quot;,&quot;shutter_speed&quot;:&quot;0&quot;,&quot;title&quot;:&quot;&quot;,&quot;orientation&quot;:&quot;0&quot;}\" data-image-title=\"23 soc italiana\" data-image-description=\"\" data-image-caption=\"\" data-large-file=\"https:\/\/www.hoymercedes.com.ar\/principal\/wp-content\/uploads\/2019\/06\/23-soc-italiana.jpg\" src=\"https:\/\/www.hoymercedes.com.ar\/principal\/wp-content\/uploads\/2019\/06\/23-soc-italiana.jpg\" alt=\"\" class=\"wp-image-95592\" srcset=\"https:\/\/www.hoymercedes.com.ar\/principal\/wp-content\/uploads\/2019\/06\/23-soc-italiana.jpg 750w, https:\/\/www.hoymercedes.com.ar\/principal\/wp-content\/uploads\/2019\/06\/23-soc-italiana-150x100.jpg 150w, https:\/\/www.hoymercedes.com.ar\/principal\/wp-content\/uploads\/2019\/06\/23-soc-italiana-630x420.jpg 630w, https:\/\/www.hoymercedes.com.ar\/principal\/wp-content\/uploads\/2019\/06\/23-soc-italiana-720x480.jpg 720w, https:\/\/www.hoymercedes.com.ar\/principal\/wp-content\/uploads\/2019\/06\/23-soc-italiana-360x240.jpg 360w\" sizes=\"auto, (max-width: 750px) 100vw, 750px\" \/><\/figure>\n","protected":false},"excerpt":{"rendered":"<p>La Sociedad Italiana de Mercedes, a trav\u00e9s de su presidente Ernesto R\u00edssola, particip\u00f3 este domingo de una nueva reuni\u00f3n de &#8230; <a title=\"Nuevo encuentro de la Federaci\u00f3n de Asociaciones Italianas\" class=\"read-more\" href=\"https:\/\/www.hoymercedes.com.ar\/principal\/2019\/06\/23\/nuevo-encuentro-de-la-federacion-de-asociaciones-italianas\/\" aria-label=\"Leer m\u00e1s sobre Nuevo encuentro de la Federaci\u00f3n de Asociaciones Italianas\">Leer m\u00e1s<\/a><\/p>\n","protected":false},"author":1,"featured_media":95592,"comment_status":"closed","ping_status":"open","sticky":false,"template":"","format":"standard","meta":{"_monsterinsights_skip_tracking":false,"_monsterinsights_sitenote_active":false,"_monsterinsights_sitenote_note":"","_monsterinsights_sitenote_category":0,"jetpack_post_was_ever_published":false,"_jetpack_newsletter_access":"","_jetpack_dont_email_post_to_subs":false,"_jetpack_newsletter_tier_id":0,"_jetpack_memberships_contains_paywalled_content":false,"_jetpack_memberships_contains_paid_content":false,"footnotes":"","jetpack_publicize_message":"","jetpack_publicize_feature_enabled":true,"jetpack_social_post_already_shared":true,"jetpack_social_options":{"image_generator_settings":{"template":"highway","default_image_id":0,"font":"","enabled":false},"version":2},"_wpas_customize_per_network":false},"categories":[8],"tags":[2538,12926,15371,8864],"class_list":["post-95590","post","type-post","status-publish","format-standard","has-post-thumbnail","hentry","category-sociedad","tag-encuentro","tag-faia","tag-italianos-en-el-exterior","tag-sociedad-italiana","generate-columns","tablet-grid-50","mobile-grid-100","grid-parent","grid-50"],"jetpack_publicize_connections":[],"jetpack_featured_media_url":"https:\/\/www.hoymercedes.com.ar\/principal\/wp-content\/uploads\/2019\/06\/23-soc-italiana.jpg","wps_subtitle":"","jetpack_sharing_enabled":true,"_links":{"self":[{"href":"https:\/\/www.hoymercedes.com.ar\/principal\/wp-json\/wp\/v2\/posts\/95590","targetHints":{"allow":["GET"]}}],"collection":[{"href":"https:\/\/www.hoymercedes.com.ar\/principal\/wp-json\/wp\/v2\/posts"}],"about":[{"href":"https:\/\/www.hoymercedes.com.ar\/principal\/wp-json\/wp\/v2\/types\/post"}],"author":[{"embeddable":true,"href":"https:\/\/www.hoymercedes.com.ar\/principal\/wp-json\/wp\/v2\/users\/1"}],"replies":[{"embeddable":true,"href":"https:\/\/www.hoymercedes.com.ar\/principal\/wp-json\/wp\/v2\/comments?post=95590"}],"version-history":[{"count":0,"href":"https:\/\/www.hoymercedes.com.ar\/principal\/wp-json\/wp\/v2\/posts\/95590\/revisions"}],"wp:featuredmedia":[{"embeddable":true,"href":"https:\/\/www.hoymercedes.com.ar\/principal\/wp-json\/wp\/v2\/media\/95592"}],"wp:attachment":[{"href":"https:\/\/www.hoymercedes.com.ar\/principal\/wp-json\/wp\/v2\/media?parent=95590"}],"wp:term":[{"taxonomy":"category","embeddable":true,"href":"https:\/\/www.hoymercedes.com.ar\/principal\/wp-json\/wp\/v2\/categories?post=95590"},{"taxonomy":"post_tag","embeddable":true,"href":"https:\/\/www.hoymercedes.com.ar\/principal\/wp-json\/wp\/v2\/tags?post=95590"}],"curies":[{"name":"wp","href":"https:\/\/api.w.org\/{rel}","templated":true}]}}