{"id":95604,"date":"2019-06-23T22:35:59","date_gmt":"2019-06-24T01:35:59","guid":{"rendered":"http:\/\/www.hoymercedes.com.ar\/principal\/?p=95604"},"modified":"2019-06-23T21:56:50","modified_gmt":"2019-06-24T00:56:50","slug":"vehiculo-se-incendia-en-ruta-5","status":"publish","type":"post","link":"https:\/\/www.hoymercedes.com.ar\/principal\/2019\/06\/23\/vehiculo-se-incendia-en-ruta-5\/","title":{"rendered":"Veh\u00edculo se incendia en Ruta 5"},"content":{"rendered":"\n<p>Promediando la tarde de este domingo, en Ruta 5 kil\u00f3metro 134,300, un auto Ford Fiesta Max se incendi\u00f3 luego de haberse detenido en la banquina de la ruta. Los veh\u00edculos que transitaban por la v\u00eda, se detuvieron para colaborar con la familia oriunda que Capital Federal para detener el incendio hasta la llegada de los Bomberos Voluntarios de Suipacha. El tr\u00e1nsito de la ruta se vio interrumpido parcialmente.<\/p>\n\n\n\n<figure class=\"wp-block-image\"><img loading=\"lazy\" decoding=\"async\" width=\"750\" height=\"500\" data-attachment-id=\"95606\" data-permalink=\"https:\/\/www.hoymercedes.com.ar\/principal\/2019\/06\/23\/vehiculo-se-incendia-en-ruta-5\/23-incendio-ruta-2\/#main\" data-orig-file=\"https:\/\/www.hoymercedes.com.ar\/principal\/wp-content\/uploads\/2019\/06\/23-incendio-ruta-2.jpg\" data-orig-size=\"750,500\" data-comments-opened=\"0\" data-image-meta=\"{&quot;aperture&quot;:&quot;0&quot;,&quot;credit&quot;:&quot;&quot;,&quot;camera&quot;:&quot;&quot;,&quot;caption&quot;:&quot;&quot;,&quot;created_timestamp&quot;:&quot;0&quot;,&quot;copyright&quot;:&quot;&quot;,&quot;focal_length&quot;:&quot;0&quot;,&quot;iso&quot;:&quot;0&quot;,&quot;shutter_speed&quot;:&quot;0&quot;,&quot;title&quot;:&quot;&quot;,&quot;orientation&quot;:&quot;0&quot;}\" data-image-title=\"23 incendio ruta 2\" data-image-description=\"\" data-image-caption=\"\" data-large-file=\"https:\/\/www.hoymercedes.com.ar\/principal\/wp-content\/uploads\/2019\/06\/23-incendio-ruta-2.jpg\" src=\"https:\/\/www.hoymercedes.com.ar\/principal\/wp-content\/uploads\/2019\/06\/23-incendio-ruta-2.jpg\" alt=\"\" class=\"wp-image-95606\" srcset=\"https:\/\/www.hoymercedes.com.ar\/principal\/wp-content\/uploads\/2019\/06\/23-incendio-ruta-2.jpg 750w, https:\/\/www.hoymercedes.com.ar\/principal\/wp-content\/uploads\/2019\/06\/23-incendio-ruta-2-150x100.jpg 150w, https:\/\/www.hoymercedes.com.ar\/principal\/wp-content\/uploads\/2019\/06\/23-incendio-ruta-2-630x420.jpg 630w, https:\/\/www.hoymercedes.com.ar\/principal\/wp-content\/uploads\/2019\/06\/23-incendio-ruta-2-720x480.jpg 720w, https:\/\/www.hoymercedes.com.ar\/principal\/wp-content\/uploads\/2019\/06\/23-incendio-ruta-2-360x240.jpg 360w\" sizes=\"auto, (max-width: 750px) 100vw, 750px\" \/><\/figure>\n\n\n\n<p>El incendio del veh\u00edculo se produjo cerca de la hora 16:20 a la altura de la localidad de Suipacha de la Ruta Nacional N\u00b0 5, m\u00e1s exactamente en el kil\u00f3metro 134,300. El Ford Fiesta Max, dominio FOZ-665, color rojo, conducido por Manuel Ramon Lago de 65 a\u00f1os, se prendi\u00f3 fuego. <\/p>\n\n\n\n<p>El auto circulaba en sentido Chivilcoy-Suipacha. Inmediatamente despu\u00e9s de haber adelantado un cami\u00f3n que circulaba delante, el motor del veh\u00edculo se detuvo, debiendo dirigirse hacia el sector de banquina donde comenz\u00f3 a incendiarse. <\/p>\n\n\n\n<p>Lago viajaban Mar\u00eda Magdalena Huvelle de 61 a\u00f1os, Federico Lago de 29 a\u00f1os y Ashley Zarwanitzer de 28&nbsp;a\u00f1os. Los cuatro ocupantes lograron salir del habit\u00e1culo sin lesiones. <\/p>\n\n\n\n<figure class=\"wp-block-image\"><img loading=\"lazy\" decoding=\"async\" width=\"750\" height=\"500\" data-attachment-id=\"95605\" data-permalink=\"https:\/\/www.hoymercedes.com.ar\/principal\/2019\/06\/23\/vehiculo-se-incendia-en-ruta-5\/23-incendio-ruta-1\/#main\" data-orig-file=\"https:\/\/www.hoymercedes.com.ar\/principal\/wp-content\/uploads\/2019\/06\/23-incendio-ruta-1.jpg\" data-orig-size=\"750,500\" data-comments-opened=\"0\" data-image-meta=\"{&quot;aperture&quot;:&quot;0&quot;,&quot;credit&quot;:&quot;&quot;,&quot;camera&quot;:&quot;&quot;,&quot;caption&quot;:&quot;&quot;,&quot;created_timestamp&quot;:&quot;0&quot;,&quot;copyright&quot;:&quot;&quot;,&quot;focal_length&quot;:&quot;0&quot;,&quot;iso&quot;:&quot;0&quot;,&quot;shutter_speed&quot;:&quot;0&quot;,&quot;title&quot;:&quot;&quot;,&quot;orientation&quot;:&quot;0&quot;}\" data-image-title=\"23 incendio ruta 1\" data-image-description=\"\" data-image-caption=\"\" data-large-file=\"https:\/\/www.hoymercedes.com.ar\/principal\/wp-content\/uploads\/2019\/06\/23-incendio-ruta-1.jpg\" src=\"https:\/\/www.hoymercedes.com.ar\/principal\/wp-content\/uploads\/2019\/06\/23-incendio-ruta-1.jpg\" alt=\"\" class=\"wp-image-95605\" srcset=\"https:\/\/www.hoymercedes.com.ar\/principal\/wp-content\/uploads\/2019\/06\/23-incendio-ruta-1.jpg 750w, https:\/\/www.hoymercedes.com.ar\/principal\/wp-content\/uploads\/2019\/06\/23-incendio-ruta-1-150x100.jpg 150w, https:\/\/www.hoymercedes.com.ar\/principal\/wp-content\/uploads\/2019\/06\/23-incendio-ruta-1-630x420.jpg 630w, https:\/\/www.hoymercedes.com.ar\/principal\/wp-content\/uploads\/2019\/06\/23-incendio-ruta-1-720x480.jpg 720w, https:\/\/www.hoymercedes.com.ar\/principal\/wp-content\/uploads\/2019\/06\/23-incendio-ruta-1-360x240.jpg 360w\" sizes=\"auto, (max-width: 750px) 100vw, 750px\" \/><\/figure>\n\n\n\n<p>A pesar de la colaboraci\u00f3n de otros automovilistas que pasaban por el lugar y por el ch\u00f3fer del cami\u00f3n que acababan de pasar, que r\u00e1pidamente se acercaron con sus matafuegos nada pudieron hacer con la r\u00e1pida combusti\u00f3n del veh\u00edculo. Finalmente, una dotaci\u00f3n de los Bomberos Voluntarios de Suipacha sofoc\u00f3 el incendio, que produjo la destrucci\u00f3n total del autom\u00f3vil.<\/p>\n\n\n\n<p>Los ocupantes del veh\u00edculo regresaban desde la provincia de La Pampa hacia su lugar de residencia en Capital Federal, luego de haber acudido a una fiesta familiar.<\/p>\n\n\n\n<p>Intervinieron Bomberos Voluntarios, Polic\u00eda Comunal, CPR de Suipacha y m\u00f3viles del concesionario Vial., el tr\u00e1nsito de la ruta 5 estuvo interrumpido parcialmente por alrededor de 20 minutos.<\/p>\n\n\n\n<p>Fuente: Jorge Oscar Lasala de Suipacha. <\/p>\n","protected":false},"excerpt":{"rendered":"<p>Promediando la tarde de este domingo, en Ruta 5 kil\u00f3metro 134,300, un auto Ford Fiesta Max se incendi\u00f3 luego de &#8230; <a title=\"Veh\u00edculo se incendia en Ruta 5\" class=\"read-more\" href=\"https:\/\/www.hoymercedes.com.ar\/principal\/2019\/06\/23\/vehiculo-se-incendia-en-ruta-5\/\" aria-label=\"Leer m\u00e1s sobre Veh\u00edculo se incendia en Ruta 5\">Leer m\u00e1s<\/a><\/p>\n","protected":false},"author":1,"featured_media":95605,"comment_status":"closed","ping_status":"open","sticky":false,"template":"","format":"standard","meta":{"_monsterinsights_skip_tracking":false,"_monsterinsights_sitenote_active":false,"_monsterinsights_sitenote_note":"","_monsterinsights_sitenote_category":0,"jetpack_post_was_ever_published":false,"_jetpack_newsletter_access":"","_jetpack_dont_email_post_to_subs":false,"_jetpack_newsletter_tier_id":0,"_jetpack_memberships_contains_paywalled_content":false,"_jetpack_memberships_contains_paid_content":false,"footnotes":"","jetpack_publicize_message":"","jetpack_publicize_feature_enabled":true,"jetpack_social_post_already_shared":true,"jetpack_social_options":{"image_generator_settings":{"template":"highway","default_image_id":0,"font":"","enabled":false},"version":2},"_wpas_customize_per_network":false},"categories":[85],"tags":[],"class_list":["post-95604","post","type-post","status-publish","format-standard","has-post-thumbnail","hentry","category-policial","generate-columns","tablet-grid-50","mobile-grid-100","grid-parent","grid-50"],"jetpack_publicize_connections":[],"jetpack_featured_media_url":"https:\/\/www.hoymercedes.com.ar\/principal\/wp-content\/uploads\/2019\/06\/23-incendio-ruta-1.jpg","wps_subtitle":"En la tarde del domingo","jetpack_sharing_enabled":true,"_links":{"self":[{"href":"https:\/\/www.hoymercedes.com.ar\/principal\/wp-json\/wp\/v2\/posts\/95604","targetHints":{"allow":["GET"]}}],"collection":[{"href":"https:\/\/www.hoymercedes.com.ar\/principal\/wp-json\/wp\/v2\/posts"}],"about":[{"href":"https:\/\/www.hoymercedes.com.ar\/principal\/wp-json\/wp\/v2\/types\/post"}],"author":[{"embeddable":true,"href":"https:\/\/www.hoymercedes.com.ar\/principal\/wp-json\/wp\/v2\/users\/1"}],"replies":[{"embeddable":true,"href":"https:\/\/www.hoymercedes.com.ar\/principal\/wp-json\/wp\/v2\/comments?post=95604"}],"version-history":[{"count":0,"href":"https:\/\/www.hoymercedes.com.ar\/principal\/wp-json\/wp\/v2\/posts\/95604\/revisions"}],"wp:featuredmedia":[{"embeddable":true,"href":"https:\/\/www.hoymercedes.com.ar\/principal\/wp-json\/wp\/v2\/media\/95605"}],"wp:attachment":[{"href":"https:\/\/www.hoymercedes.com.ar\/principal\/wp-json\/wp\/v2\/media?parent=95604"}],"wp:term":[{"taxonomy":"category","embeddable":true,"href":"https:\/\/www.hoymercedes.com.ar\/principal\/wp-json\/wp\/v2\/categories?post=95604"},{"taxonomy":"post_tag","embeddable":true,"href":"https:\/\/www.hoymercedes.com.ar\/principal\/wp-json\/wp\/v2\/tags?post=95604"}],"curies":[{"name":"wp","href":"https:\/\/api.w.org\/{rel}","templated":true}]}}