{"id":95624,"date":"2019-06-24T15:10:52","date_gmt":"2019-06-24T18:10:52","guid":{"rendered":"http:\/\/www.hoymercedes.com.ar\/principal\/?p=95624"},"modified":"2019-06-24T14:59:46","modified_gmt":"2019-06-24T17:59:46","slug":"inauguraron-nuevo-tramo-de-ruta-7-en-san-andres-de-giles","status":"publish","type":"post","link":"https:\/\/www.hoymercedes.com.ar\/principal\/2019\/06\/24\/inauguraron-nuevo-tramo-de-ruta-7-en-san-andres-de-giles\/","title":{"rendered":"Inauguraron nuevo tramo de Ruta 7 en San Andr\u00e9s de Giles"},"content":{"rendered":"\n<p>Durante la ma\u00f1ana de este lunes, la localidad de San Andr\u00e9s Giles recibi\u00f3 al Presidente de la Naci\u00f3n, Mauricio Macri, y a la Gobernadora de la provincia de Buenos Aires, Mar\u00eda Eugenia Vidal, con el fin de inaugurar un tramo de la Ruta Nacional N\u00b0 7, denominado Variante San Andr\u00e9s de Giles a la altura de su intersecci\u00f3n con la Ruta Provincial N\u00b0 41. <\/p>\n\n\n\n<figure class=\"wp-block-image\"><img loading=\"lazy\" decoding=\"async\" width=\"750\" height=\"541\" data-attachment-id=\"95625\" data-permalink=\"https:\/\/www.hoymercedes.com.ar\/principal\/2019\/06\/24\/inauguraron-nuevo-tramo-de-ruta-7-en-san-andres-de-giles\/24-ruta-7\/#main\" data-orig-file=\"https:\/\/www.hoymercedes.com.ar\/principal\/wp-content\/uploads\/2019\/06\/24-ruta-7.jpg\" data-orig-size=\"750,541\" data-comments-opened=\"0\" data-image-meta=\"{&quot;aperture&quot;:&quot;8&quot;,&quot;credit&quot;:&quot;&quot;,&quot;camera&quot;:&quot;Canon EOS-1D X Mark II&quot;,&quot;caption&quot;:&quot;&quot;,&quot;created_timestamp&quot;:&quot;1561369542&quot;,&quot;copyright&quot;:&quot;&quot;,&quot;focal_length&quot;:&quot;200&quot;,&quot;iso&quot;:&quot;1000&quot;,&quot;shutter_speed&quot;:&quot;0.004&quot;,&quot;title&quot;:&quot;&quot;,&quot;orientation&quot;:&quot;1&quot;}\" data-image-title=\"24 ruta 7\" data-image-description=\"\" data-image-caption=\"\" data-large-file=\"https:\/\/www.hoymercedes.com.ar\/principal\/wp-content\/uploads\/2019\/06\/24-ruta-7.jpg\" src=\"https:\/\/www.hoymercedes.com.ar\/principal\/wp-content\/uploads\/2019\/06\/24-ruta-7.jpg\" alt=\"\" class=\"wp-image-95625\" srcset=\"https:\/\/www.hoymercedes.com.ar\/principal\/wp-content\/uploads\/2019\/06\/24-ruta-7.jpg 750w, https:\/\/www.hoymercedes.com.ar\/principal\/wp-content\/uploads\/2019\/06\/24-ruta-7-150x108.jpg 150w, https:\/\/www.hoymercedes.com.ar\/principal\/wp-content\/uploads\/2019\/06\/24-ruta-7-630x454.jpg 630w\" sizes=\"auto, (max-width: 750px) 100vw, 750px\" \/><\/figure>\n\n\n\n<p>Reclamado por los vecinos de las localidades vecinas con marchas y protestas a ra\u00edz de la cantidad de siniestros viales en la regi\u00f3n, las obras comenzaron y a varios a\u00f1os se realiz\u00f3 el acto de inauguraci\u00f3n sobre el puente de la Ruta Nacional N\u00b0 7, en el cruce con la Ruta Provincial N\u00b041. <\/p>\n\n\n\n<p>El nuevo tramo de autopista tiene una extensi\u00f3n de 8 kil\u00f3metros y permite bordear el tejido urbano de San Andr\u00e9s de Giles para optimizar la circulaci\u00f3n del tr\u00e1nsito al evitar el cruce de la Ruta Provincial N\u00ba 7 con la Ruta Provincial N\u00ba 41 mediante un paso de alto nivel.<\/p>\n\n\n\n<figure class=\"wp-block-embed-facebook wp-block-embed is-type-video is-provider-facebook\"><div class=\"wp-block-embed__wrapper\">\n<div class=\"fb-video\" data-allowfullscreen=\"true\" data-href=\"https:\/\/www.facebook.com\/fmvall\/videos\/707310196390952\/\" style=\"background-color: #fff; display: inline-block;\"><\/div>\n<\/div><\/figure>\n\n\n\n<p>Ese punto registra m\u00e1s de 2 siniestros viales por mes, es el s\u00e9ptimo entre los tramos m\u00e1s peligrosos de toda la provincia de Buenos Aires, y con mayores \u00edndices de mortalidad. El sector del nuevo puente ten\u00eda tres veces m\u00e1s siniestralidad que el resto de la ruta. El principal objetivo de la obra es aportar mayor seguridad vial, reducir los tiempos de viaje, ya que permite evitar el ingreso a la ciudad, y los costos log\u00edsticos para el transporte de carga.<\/p>\n\n\n\n<p>La obra hab\u00eda sido licitada en 2014 pero comenz\u00f3 en 2017. Para su construcci\u00f3n se invirtieron $1.751 millones. <\/p>\n\n\n\n<p>Fuente: Secretar\u00eda de Medios provincia de Buenos Aires<br>Video: FM Vall San Andr\u00e9s de Giles<\/p>\n","protected":false},"excerpt":{"rendered":"<p>Durante la ma\u00f1ana de este lunes, la localidad de San Andr\u00e9s Giles recibi\u00f3 al Presidente de la Naci\u00f3n, Mauricio Macri, &#8230; <a title=\"Inauguraron nuevo tramo de Ruta 7 en San Andr\u00e9s de Giles\" class=\"read-more\" href=\"https:\/\/www.hoymercedes.com.ar\/principal\/2019\/06\/24\/inauguraron-nuevo-tramo-de-ruta-7-en-san-andres-de-giles\/\" aria-label=\"Leer m\u00e1s sobre Inauguraron nuevo tramo de Ruta 7 en San Andr\u00e9s de Giles\">Leer m\u00e1s<\/a><\/p>\n","protected":false},"author":1,"featured_media":95625,"comment_status":"closed","ping_status":"open","sticky":false,"template":"","format":"standard","meta":{"_monsterinsights_skip_tracking":false,"_monsterinsights_sitenote_active":false,"_monsterinsights_sitenote_note":"","_monsterinsights_sitenote_category":0,"jetpack_post_was_ever_published":false,"_jetpack_newsletter_access":"","_jetpack_dont_email_post_to_subs":false,"_jetpack_newsletter_tier_id":0,"_jetpack_memberships_contains_paywalled_content":false,"_jetpack_memberships_contains_paid_content":false,"footnotes":"","jetpack_publicize_message":"","jetpack_publicize_feature_enabled":true,"jetpack_social_post_already_shared":true,"jetpack_social_options":{"image_generator_settings":{"template":"highway","default_image_id":0,"font":"","enabled":false},"version":2},"_wpas_customize_per_network":false},"categories":[5501],"tags":[5947,15377,4476,2123,15378],"class_list":["post-95624","post","type-post","status-publish","format-standard","has-post-thumbnail","hentry","category-region","tag-obras-publicas","tag-ruta-nacional-7","tag-ruta-provincial-41","tag-san-andres-de-giles","tag-variante","generate-columns","tablet-grid-50","mobile-grid-100","grid-parent","grid-50"],"jetpack_publicize_connections":[],"jetpack_featured_media_url":"https:\/\/www.hoymercedes.com.ar\/principal\/wp-content\/uploads\/2019\/06\/24-ruta-7.jpg","wps_subtitle":"Acto en la ma\u00f1ana del lunes","jetpack_sharing_enabled":true,"_links":{"self":[{"href":"https:\/\/www.hoymercedes.com.ar\/principal\/wp-json\/wp\/v2\/posts\/95624","targetHints":{"allow":["GET"]}}],"collection":[{"href":"https:\/\/www.hoymercedes.com.ar\/principal\/wp-json\/wp\/v2\/posts"}],"about":[{"href":"https:\/\/www.hoymercedes.com.ar\/principal\/wp-json\/wp\/v2\/types\/post"}],"author":[{"embeddable":true,"href":"https:\/\/www.hoymercedes.com.ar\/principal\/wp-json\/wp\/v2\/users\/1"}],"replies":[{"embeddable":true,"href":"https:\/\/www.hoymercedes.com.ar\/principal\/wp-json\/wp\/v2\/comments?post=95624"}],"version-history":[{"count":0,"href":"https:\/\/www.hoymercedes.com.ar\/principal\/wp-json\/wp\/v2\/posts\/95624\/revisions"}],"wp:featuredmedia":[{"embeddable":true,"href":"https:\/\/www.hoymercedes.com.ar\/principal\/wp-json\/wp\/v2\/media\/95625"}],"wp:attachment":[{"href":"https:\/\/www.hoymercedes.com.ar\/principal\/wp-json\/wp\/v2\/media?parent=95624"}],"wp:term":[{"taxonomy":"category","embeddable":true,"href":"https:\/\/www.hoymercedes.com.ar\/principal\/wp-json\/wp\/v2\/categories?post=95624"},{"taxonomy":"post_tag","embeddable":true,"href":"https:\/\/www.hoymercedes.com.ar\/principal\/wp-json\/wp\/v2\/tags?post=95624"}],"curies":[{"name":"wp","href":"https:\/\/api.w.org\/{rel}","templated":true}]}}