{"id":95653,"date":"2019-06-25T08:00:01","date_gmt":"2019-06-25T11:00:01","guid":{"rendered":"http:\/\/www.hoymercedes.com.ar\/principal\/?p=95653"},"modified":"2019-06-24T23:53:58","modified_gmt":"2019-06-25T02:53:58","slug":"ustarroz-convoco-a-candidatos-en-pos-de-una-campana-limpia","status":"publish","type":"post","link":"https:\/\/www.hoymercedes.com.ar\/principal\/2019\/06\/25\/ustarroz-convoco-a-candidatos-en-pos-de-una-campana-limpia\/","title":{"rendered":"Ustarroz convoc\u00f3 a candidatos en pos de una \u201cCampa\u00f1a Limpia\u201d"},"content":{"rendered":"\n<figure class=\"wp-block-image\"><img loading=\"lazy\" decoding=\"async\" width=\"1024\" height=\"682\" data-attachment-id=\"95654\" data-permalink=\"https:\/\/www.hoymercedes.com.ar\/principal\/2019\/06\/25\/ustarroz-convoco-a-candidatos-en-pos-de-una-campana-limpia\/campanalimpia-2019-2\/#main\" data-orig-file=\"https:\/\/www.hoymercedes.com.ar\/principal\/wp-content\/uploads\/2019\/06\/Campa\u00f1aLimpia-2019.2.jpeg\" data-orig-size=\"1280,853\" data-comments-opened=\"0\" data-image-meta=\"{&quot;aperture&quot;:&quot;0&quot;,&quot;credit&quot;:&quot;&quot;,&quot;camera&quot;:&quot;&quot;,&quot;caption&quot;:&quot;&quot;,&quot;created_timestamp&quot;:&quot;0&quot;,&quot;copyright&quot;:&quot;&quot;,&quot;focal_length&quot;:&quot;0&quot;,&quot;iso&quot;:&quot;0&quot;,&quot;shutter_speed&quot;:&quot;0&quot;,&quot;title&quot;:&quot;&quot;,&quot;orientation&quot;:&quot;0&quot;}\" data-image-title=\"Campa\u00f1aLimpia-2019.2\" data-image-description=\"\" data-image-caption=\"\" data-large-file=\"https:\/\/www.hoymercedes.com.ar\/principal\/wp-content\/uploads\/2019\/06\/Campa\u00f1aLimpia-2019.2-1024x682.jpeg\" src=\"https:\/\/www.hoymercedes.com.ar\/principal\/wp-content\/uploads\/2019\/06\/Campa\u00f1aLimpia-2019.2-1024x682.jpeg\" alt=\"\" class=\"wp-image-95654\" srcset=\"https:\/\/www.hoymercedes.com.ar\/principal\/wp-content\/uploads\/2019\/06\/Campa\u00f1aLimpia-2019.2-1024x682.jpeg 1024w, https:\/\/www.hoymercedes.com.ar\/principal\/wp-content\/uploads\/2019\/06\/Campa\u00f1aLimpia-2019.2-150x100.jpeg 150w, https:\/\/www.hoymercedes.com.ar\/principal\/wp-content\/uploads\/2019\/06\/Campa\u00f1aLimpia-2019.2-630x420.jpeg 630w, https:\/\/www.hoymercedes.com.ar\/principal\/wp-content\/uploads\/2019\/06\/Campa\u00f1aLimpia-2019.2-720x480.jpeg 720w, https:\/\/www.hoymercedes.com.ar\/principal\/wp-content\/uploads\/2019\/06\/Campa\u00f1aLimpia-2019.2-360x240.jpeg 360w, https:\/\/www.hoymercedes.com.ar\/principal\/wp-content\/uploads\/2019\/06\/Campa\u00f1aLimpia-2019.2.jpeg 1280w\" sizes=\"auto, (max-width: 1024px) 100vw, 1024px\" \/><\/figure>\n\n\n\n<p>El intendente Juan Ignacio Ustarroz convoc\u00f3 a las distintas fuerzas locales que ser\u00e1n parte de las pr\u00f3ximas elecciones con el objetivo de promover \u201cUna campa\u00f1a limpia\u201d. En la reuni\u00f3n se present\u00f3 un documento que fue adherido por todos los asistentes. <br>\n\u201cDeseamos y esperamos tener una campa\u00f1a transparente, limpia, sin falsas noticias, que contribuya a difundir ideas, pero tambi\u00e9n a cuidar el espacio p\u00fablico, dando al vecino un claro mensaje de cuidado y respeto\u201d manifest\u00f3 Ustarroz. <\/p>\n\n\n\n<p>\u201cHan pasado 30 a\u00f1os de democracia ininterrumpida, es un periodo prolongado de gobiernos democr\u00e1ticos como antes nunca\u201d afirm\u00f3 y remarc\u00f3 que \u201cla madurez pol\u00edtica exige elevar la discusi\u00f3n y llevarla a la altura que los vecinos se merecen, sin  agresiones, con transparencia, debate y cuidando los espacios compartidos por todos los vecinos\u201d, remarc\u00f3.<\/p>\n\n\n\n<figure class=\"wp-block-image\"><img loading=\"lazy\" decoding=\"async\" width=\"1024\" height=\"682\" data-attachment-id=\"95655\" data-permalink=\"https:\/\/www.hoymercedes.com.ar\/principal\/2019\/06\/25\/ustarroz-convoco-a-candidatos-en-pos-de-una-campana-limpia\/campanalimpia-2019\/#main\" data-orig-file=\"https:\/\/www.hoymercedes.com.ar\/principal\/wp-content\/uploads\/2019\/06\/Campa\u00f1aLimpia-2019.jpeg\" data-orig-size=\"1280,853\" data-comments-opened=\"0\" data-image-meta=\"{&quot;aperture&quot;:&quot;0&quot;,&quot;credit&quot;:&quot;&quot;,&quot;camera&quot;:&quot;&quot;,&quot;caption&quot;:&quot;&quot;,&quot;created_timestamp&quot;:&quot;0&quot;,&quot;copyright&quot;:&quot;&quot;,&quot;focal_length&quot;:&quot;0&quot;,&quot;iso&quot;:&quot;0&quot;,&quot;shutter_speed&quot;:&quot;0&quot;,&quot;title&quot;:&quot;&quot;,&quot;orientation&quot;:&quot;0&quot;}\" data-image-title=\"Campa\u00f1aLimpia-2019\" data-image-description=\"\" data-image-caption=\"\" data-large-file=\"https:\/\/www.hoymercedes.com.ar\/principal\/wp-content\/uploads\/2019\/06\/Campa\u00f1aLimpia-2019-1024x682.jpeg\" src=\"https:\/\/www.hoymercedes.com.ar\/principal\/wp-content\/uploads\/2019\/06\/Campa\u00f1aLimpia-2019-1024x682.jpeg\" alt=\"\" class=\"wp-image-95655\" srcset=\"https:\/\/www.hoymercedes.com.ar\/principal\/wp-content\/uploads\/2019\/06\/Campa\u00f1aLimpia-2019-1024x682.jpeg 1024w, https:\/\/www.hoymercedes.com.ar\/principal\/wp-content\/uploads\/2019\/06\/Campa\u00f1aLimpia-2019-150x100.jpeg 150w, https:\/\/www.hoymercedes.com.ar\/principal\/wp-content\/uploads\/2019\/06\/Campa\u00f1aLimpia-2019-630x420.jpeg 630w, https:\/\/www.hoymercedes.com.ar\/principal\/wp-content\/uploads\/2019\/06\/Campa\u00f1aLimpia-2019-720x480.jpeg 720w, https:\/\/www.hoymercedes.com.ar\/principal\/wp-content\/uploads\/2019\/06\/Campa\u00f1aLimpia-2019-360x240.jpeg 360w, https:\/\/www.hoymercedes.com.ar\/principal\/wp-content\/uploads\/2019\/06\/Campa\u00f1aLimpia-2019.jpeg 1280w\" sizes=\"auto, (max-width: 1024px) 100vw, 1024px\" \/><\/figure>\n\n\n\n<p>La reuni\u00f3n cont\u00f3 con la presencia de representantes de la Juntos por el Cambio encabezados por la pre candidata Julia De Paola, de Consenso Federal los representantes que ir\u00e1n a interna, Francisco \u201cPacha\u201d Cardozo y Gustavo Guti\u00e9rrez, y Pablo Demarco, desde la propuesta de izquierda, que este a\u00f1o estuvo ausente con aviso. Adem\u00e1s de los referentes hubo tambi\u00e9n otros integrantes de las mencionadas fuerzas.<\/p>\n\n\n\n<p>Info: FdT<\/p>\n","protected":false},"excerpt":{"rendered":"<p>El intendente Juan Ignacio Ustarroz convoc\u00f3 a las distintas fuerzas locales que ser\u00e1n parte de las pr\u00f3ximas elecciones con el &#8230; <a title=\"Ustarroz convoc\u00f3 a candidatos en pos de una \u201cCampa\u00f1a Limpia\u201d\" class=\"read-more\" href=\"https:\/\/www.hoymercedes.com.ar\/principal\/2019\/06\/25\/ustarroz-convoco-a-candidatos-en-pos-de-una-campana-limpia\/\" aria-label=\"Leer m\u00e1s sobre Ustarroz convoc\u00f3 a candidatos en pos de una \u201cCampa\u00f1a Limpia\u201d\">Leer m\u00e1s<\/a><\/p>\n","protected":false},"author":1,"featured_media":95654,"comment_status":"closed","ping_status":"open","sticky":false,"template":"","format":"standard","meta":{"_monsterinsights_skip_tracking":false,"_monsterinsights_sitenote_active":false,"_monsterinsights_sitenote_note":"","_monsterinsights_sitenote_category":0,"jetpack_post_was_ever_published":false,"_jetpack_newsletter_access":"","_jetpack_dont_email_post_to_subs":false,"_jetpack_newsletter_tier_id":0,"_jetpack_memberships_contains_paywalled_content":false,"_jetpack_memberships_contains_paid_content":false,"footnotes":"","jetpack_publicize_message":"","jetpack_publicize_feature_enabled":true,"jetpack_social_post_already_shared":true,"jetpack_social_options":{"image_generator_settings":{"template":"highway","default_image_id":0,"font":"","enabled":false},"version":2},"_wpas_customize_per_network":false},"categories":[5],"tags":[14821,15360,14403,424],"class_list":["post-95653","post","type-post","status-publish","format-standard","has-post-thumbnail","hentry","category-politica","tag-campana-2019","tag-de-paola","tag-elecciones-2019","tag-ustarroz","generate-columns","tablet-grid-50","mobile-grid-100","grid-parent","grid-50"],"jetpack_publicize_connections":[],"jetpack_featured_media_url":"https:\/\/www.hoymercedes.com.ar\/principal\/wp-content\/uploads\/2019\/06\/Campa\u00f1aLimpia-2019.2.jpeg","wps_subtitle":"","jetpack_sharing_enabled":true,"_links":{"self":[{"href":"https:\/\/www.hoymercedes.com.ar\/principal\/wp-json\/wp\/v2\/posts\/95653","targetHints":{"allow":["GET"]}}],"collection":[{"href":"https:\/\/www.hoymercedes.com.ar\/principal\/wp-json\/wp\/v2\/posts"}],"about":[{"href":"https:\/\/www.hoymercedes.com.ar\/principal\/wp-json\/wp\/v2\/types\/post"}],"author":[{"embeddable":true,"href":"https:\/\/www.hoymercedes.com.ar\/principal\/wp-json\/wp\/v2\/users\/1"}],"replies":[{"embeddable":true,"href":"https:\/\/www.hoymercedes.com.ar\/principal\/wp-json\/wp\/v2\/comments?post=95653"}],"version-history":[{"count":0,"href":"https:\/\/www.hoymercedes.com.ar\/principal\/wp-json\/wp\/v2\/posts\/95653\/revisions"}],"wp:featuredmedia":[{"embeddable":true,"href":"https:\/\/www.hoymercedes.com.ar\/principal\/wp-json\/wp\/v2\/media\/95654"}],"wp:attachment":[{"href":"https:\/\/www.hoymercedes.com.ar\/principal\/wp-json\/wp\/v2\/media?parent=95653"}],"wp:term":[{"taxonomy":"category","embeddable":true,"href":"https:\/\/www.hoymercedes.com.ar\/principal\/wp-json\/wp\/v2\/categories?post=95653"},{"taxonomy":"post_tag","embeddable":true,"href":"https:\/\/www.hoymercedes.com.ar\/principal\/wp-json\/wp\/v2\/tags?post=95653"}],"curies":[{"name":"wp","href":"https:\/\/api.w.org\/{rel}","templated":true}]}}