{"id":95659,"date":"2019-06-25T09:43:23","date_gmt":"2019-06-25T12:43:23","guid":{"rendered":"http:\/\/www.hoymercedes.com.ar\/principal\/?p=95659"},"modified":"2019-06-25T18:39:26","modified_gmt":"2019-06-25T21:39:26","slug":"suipacha-habilitan-nuevo-empaque-de-nuez-pecan-con-destino-exportacion","status":"publish","type":"post","link":"https:\/\/www.hoymercedes.com.ar\/principal\/2019\/06\/25\/suipacha-habilitan-nuevo-empaque-de-nuez-pecan-con-destino-exportacion\/","title":{"rendered":"Suipacha: Habilitan nuevo empaque de nuez pec\u00e1n con destino exportaci\u00f3n"},"content":{"rendered":"\n<p><strong><em>Senasa habilit\u00f3 un nuevo empaque de nuez pec\u00e1n con destino exportaci\u00f3n. El establecimiento, ubicado en la localidad bonaerense de Suipacha, tambi\u00e9n podr\u00e1 colocar su producto en el consumo interno. \u00a0<\/em><\/strong><\/p>\n\n\n\n<figure class=\"wp-block-image\"><img loading=\"lazy\" decoding=\"async\" width=\"778\" height=\"518\" data-attachment-id=\"95660\" data-permalink=\"https:\/\/www.hoymercedes.com.ar\/principal\/2019\/06\/25\/suipacha-habilitan-nuevo-empaque-de-nuez-pecan-con-destino-exportacion\/25-senasa-pecan\/#main\" data-orig-file=\"https:\/\/www.hoymercedes.com.ar\/principal\/wp-content\/uploads\/2019\/06\/25-senasa-pecan.jpg\" data-orig-size=\"778,518\" data-comments-opened=\"0\" data-image-meta=\"{&quot;aperture&quot;:&quot;0&quot;,&quot;credit&quot;:&quot;&quot;,&quot;camera&quot;:&quot;&quot;,&quot;caption&quot;:&quot;&quot;,&quot;created_timestamp&quot;:&quot;0&quot;,&quot;copyright&quot;:&quot;&quot;,&quot;focal_length&quot;:&quot;0&quot;,&quot;iso&quot;:&quot;0&quot;,&quot;shutter_speed&quot;:&quot;0&quot;,&quot;title&quot;:&quot;&quot;,&quot;orientation&quot;:&quot;0&quot;}\" data-image-title=\"25-senasa-pecan\" data-image-description=\"\" data-image-caption=\"\" data-large-file=\"https:\/\/www.hoymercedes.com.ar\/principal\/wp-content\/uploads\/2019\/06\/25-senasa-pecan.jpg\" src=\"https:\/\/www.hoymercedes.com.ar\/principal\/wp-content\/uploads\/2019\/06\/25-senasa-pecan.jpg\" alt=\"\" class=\"wp-image-95660\" srcset=\"https:\/\/www.hoymercedes.com.ar\/principal\/wp-content\/uploads\/2019\/06\/25-senasa-pecan.jpg 778w, https:\/\/www.hoymercedes.com.ar\/principal\/wp-content\/uploads\/2019\/06\/25-senasa-pecan-150x100.jpg 150w, https:\/\/www.hoymercedes.com.ar\/principal\/wp-content\/uploads\/2019\/06\/25-senasa-pecan-630x419.jpg 630w, https:\/\/www.hoymercedes.com.ar\/principal\/wp-content\/uploads\/2019\/06\/25-senasa-pecan-720x480.jpg 720w, https:\/\/www.hoymercedes.com.ar\/principal\/wp-content\/uploads\/2019\/06\/25-senasa-pecan-360x240.jpg 360w\" sizes=\"auto, (max-width: 778px) 100vw, 778px\" \/><\/figure>\n\n\n\n<p>El Servicio Nacional de Sanidad y Calidad Agroalimentaria (Senasa) habilit\u00f3 un nuevo establecimiento de empaque de nuez de pec\u00e1n (con y sin c\u00e1scara), en la localidad de Suipacha, en el noreste de la provincia de Buenos Aires.<\/p>\n\n\n\n<p>Los t\u00e9cnicos\ndel Centro Regional Pampeano, Carolina Ravinale y Gisela Reposo de la oficina del\nSenasa en Navarro y Luj\u00e1n, respectivamente, recorrieron cada una de las\ninstalaciones del lugar y constataron que dicha estructura edilicia (techos,\npisos, paredes, puertas, ventanas e iluminaci\u00f3n) se encontraban en condiciones \u00f3ptimas\npara realizar dicho proceso de empaque, seg\u00fan lo establecido por la Resoluci\u00f3n\nSAGPyA 48\/98.<\/p>\n\n\n\n<p>En las\nsucesivas visitas al lugar, por un lado se verificaron cada una de las actividades\nrealizadas por los operarios en los diferentes sectores productivos y, por el\notro, se hizo un an\u00e1lisis integrado del flujo de trabajo realizado a lo largo\nde todo el proceso de empaque.<\/p>\n\n\n\n<p>De este\nmodo, en estos encuentros se controlaron los registros documentales, las\npr\u00e1cticas de manipulaci\u00f3n e higiene aplicadas, el uso debido de la indumentaria\ny la infraestructura del lugar. <\/p>\n\n\n\n<p>Dado que el\nresultado de las inspecciones arroj\u00f3 resultados favorables para el empacador,\nel Senasa confirm\u00f3 su habilitaci\u00f3n. De este modo, asegur\u00f3 la calidad e\ninocuidad de la nuez en su proceso de comercializaci\u00f3n, tanto para consumo de\nlos argentinos como para el mundo. <\/p>\n","protected":false},"excerpt":{"rendered":"<p>Senasa habilit\u00f3 un nuevo empaque de nuez pec\u00e1n con destino exportaci\u00f3n. El establecimiento, ubicado en la localidad bonaerense de Suipacha, &#8230; <a title=\"Suipacha: Habilitan nuevo empaque de nuez pec\u00e1n con destino exportaci\u00f3n\" class=\"read-more\" href=\"https:\/\/www.hoymercedes.com.ar\/principal\/2019\/06\/25\/suipacha-habilitan-nuevo-empaque-de-nuez-pecan-con-destino-exportacion\/\" aria-label=\"Leer m\u00e1s sobre Suipacha: Habilitan nuevo empaque de nuez pec\u00e1n con destino exportaci\u00f3n\">Leer m\u00e1s<\/a><\/p>\n","protected":false},"author":1,"featured_media":95660,"comment_status":"closed","ping_status":"open","sticky":false,"template":"","format":"standard","meta":{"_monsterinsights_skip_tracking":false,"_monsterinsights_sitenote_active":false,"_monsterinsights_sitenote_note":"","_monsterinsights_sitenote_category":0,"jetpack_post_was_ever_published":false,"_jetpack_newsletter_access":"","_jetpack_dont_email_post_to_subs":false,"_jetpack_newsletter_tier_id":0,"_jetpack_memberships_contains_paywalled_content":false,"_jetpack_memberships_contains_paid_content":false,"footnotes":"","jetpack_publicize_message":"","jetpack_publicize_feature_enabled":true,"jetpack_social_post_already_shared":true,"jetpack_social_options":{"image_generator_settings":{"template":"highway","default_image_id":0,"font":"","enabled":false},"version":2},"_wpas_customize_per_network":false},"categories":[5501],"tags":[15232,15385,15386,8912,9322,559],"class_list":["post-95659","post","type-post","status-publish","format-standard","has-post-thumbnail","hentry","category-region","tag-controles-sanitarios","tag-exportacion","tag-nueces-pecan","tag-produccion","tag-region","tag-suipacha","generate-columns","tablet-grid-50","mobile-grid-100","grid-parent","grid-50"],"jetpack_publicize_connections":[],"jetpack_featured_media_url":"https:\/\/www.hoymercedes.com.ar\/principal\/wp-content\/uploads\/2019\/06\/25-senasa-pecan.jpg","wps_subtitle":"Controles sanitarios de SENASA","jetpack_sharing_enabled":true,"_links":{"self":[{"href":"https:\/\/www.hoymercedes.com.ar\/principal\/wp-json\/wp\/v2\/posts\/95659","targetHints":{"allow":["GET"]}}],"collection":[{"href":"https:\/\/www.hoymercedes.com.ar\/principal\/wp-json\/wp\/v2\/posts"}],"about":[{"href":"https:\/\/www.hoymercedes.com.ar\/principal\/wp-json\/wp\/v2\/types\/post"}],"author":[{"embeddable":true,"href":"https:\/\/www.hoymercedes.com.ar\/principal\/wp-json\/wp\/v2\/users\/1"}],"replies":[{"embeddable":true,"href":"https:\/\/www.hoymercedes.com.ar\/principal\/wp-json\/wp\/v2\/comments?post=95659"}],"version-history":[{"count":0,"href":"https:\/\/www.hoymercedes.com.ar\/principal\/wp-json\/wp\/v2\/posts\/95659\/revisions"}],"wp:featuredmedia":[{"embeddable":true,"href":"https:\/\/www.hoymercedes.com.ar\/principal\/wp-json\/wp\/v2\/media\/95660"}],"wp:attachment":[{"href":"https:\/\/www.hoymercedes.com.ar\/principal\/wp-json\/wp\/v2\/media?parent=95659"}],"wp:term":[{"taxonomy":"category","embeddable":true,"href":"https:\/\/www.hoymercedes.com.ar\/principal\/wp-json\/wp\/v2\/categories?post=95659"},{"taxonomy":"post_tag","embeddable":true,"href":"https:\/\/www.hoymercedes.com.ar\/principal\/wp-json\/wp\/v2\/tags?post=95659"}],"curies":[{"name":"wp","href":"https:\/\/api.w.org\/{rel}","templated":true}]}}