{"id":95663,"date":"2019-06-25T12:24:47","date_gmt":"2019-06-25T15:24:47","guid":{"rendered":"http:\/\/www.hoymercedes.com.ar\/principal\/?p=95663"},"modified":"2019-06-25T18:38:37","modified_gmt":"2019-06-25T21:38:37","slug":"avanza-la-construccion-de-la-casa-del-veterano-de-malvinas","status":"publish","type":"post","link":"https:\/\/www.hoymercedes.com.ar\/principal\/2019\/06\/25\/avanza-la-construccion-de-la-casa-del-veterano-de-malvinas\/","title":{"rendered":"Avanza la construcci\u00f3n de la Casa del Veterano de Malvinas"},"content":{"rendered":"\n<p>El intendente Juan Ignacio Ustarroz estuvo recorriendo lo que ser\u00e1 la primera Casa de Veteranos de Malvinas en nuestra ciudad. Esta obra se est\u00e1 llevando adelante mediante un trabajo mancomunado entre la Municipalidad de Mercedes, Gendarmer\u00eda y la ciudadan\u00eda. El lugar donde se est\u00e1 construyendo este espacio conmemorativo y representativo queda ubicado en calle 35 entre 108 y 110. <\/p>\n\n\n\n<figure class=\"wp-block-image\"><img loading=\"lazy\" decoding=\"async\" width=\"750\" height=\"500\" data-attachment-id=\"95666\" data-permalink=\"https:\/\/www.hoymercedes.com.ar\/principal\/2019\/06\/25\/avanza-la-construccion-de-la-casa-del-veterano-de-malvinas\/25-veteranos2\/#main\" data-orig-file=\"https:\/\/www.hoymercedes.com.ar\/principal\/wp-content\/uploads\/2019\/06\/25-Veteranos2.jpeg\" data-orig-size=\"750,500\" data-comments-opened=\"0\" data-image-meta=\"{&quot;aperture&quot;:&quot;0&quot;,&quot;credit&quot;:&quot;&quot;,&quot;camera&quot;:&quot;&quot;,&quot;caption&quot;:&quot;&quot;,&quot;created_timestamp&quot;:&quot;0&quot;,&quot;copyright&quot;:&quot;&quot;,&quot;focal_length&quot;:&quot;0&quot;,&quot;iso&quot;:&quot;0&quot;,&quot;shutter_speed&quot;:&quot;0&quot;,&quot;title&quot;:&quot;&quot;,&quot;orientation&quot;:&quot;0&quot;}\" data-image-title=\"25-Veteranos2\" data-image-description=\"\" data-image-caption=\"\" data-large-file=\"https:\/\/www.hoymercedes.com.ar\/principal\/wp-content\/uploads\/2019\/06\/25-Veteranos2.jpeg\" src=\"https:\/\/www.hoymercedes.com.ar\/principal\/wp-content\/uploads\/2019\/06\/25-Veteranos2.jpeg\" alt=\"\" class=\"wp-image-95666\" srcset=\"https:\/\/www.hoymercedes.com.ar\/principal\/wp-content\/uploads\/2019\/06\/25-Veteranos2.jpeg 750w, https:\/\/www.hoymercedes.com.ar\/principal\/wp-content\/uploads\/2019\/06\/25-Veteranos2-150x100.jpeg 150w, https:\/\/www.hoymercedes.com.ar\/principal\/wp-content\/uploads\/2019\/06\/25-Veteranos2-630x420.jpeg 630w, https:\/\/www.hoymercedes.com.ar\/principal\/wp-content\/uploads\/2019\/06\/25-Veteranos2-720x480.jpeg 720w, https:\/\/www.hoymercedes.com.ar\/principal\/wp-content\/uploads\/2019\/06\/25-Veteranos2-360x240.jpeg 360w\" sizes=\"auto, (max-width: 750px) 100vw, 750px\" \/><\/figure>\n\n\n\n<p>El intendente Ustarroz explic\u00f3: \u201ccontamos con el acompa\u00f1amiento muy importante de gendarmes de nuestra ciudad que est\u00e1n realizando la mano de obra, mientras que todos los materiales los aport\u00f3 la municipalidad\u201d y asegur\u00f3 \u201cestamos muy contentos porque es algo necesario para la ciudad donde siempre se recuerda a nuestros ca\u00eddos de Malvinas\u201d.<\/p>\n\n\n\n<p>Con respecto a los tiempos y el trabajo, Ustarroz sostuvo \u201cestamos adelantados y con una modalidad diferente, porque una cosa es hacerlo a trav\u00e9s de una licitaci\u00f3n y otra es apelar al compromiso y voluntad, en este caso, de una instituci\u00f3n como es Gendarmer\u00eda a quienes agradecemos el acompa\u00f1amiento\u201d y a\u00f1adi\u00f3 \u201clos que monitorean, trabajan y siguen toda la obra son ellos, los propios Veteranos de Malvinas\u201d.<\/p>\n\n\n\n<p>\u201cEstamos muy contentos con este r\u00e1pido avance, donde ya comienza a tomar color y donde creemos que la sociedad se sentir\u00e1 interpelada y vendr\u00e1 a colaborar con esta obra que es verdaderamente muy importante\u201d asever\u00f3 Ustarroz.\u00a0\u00a0\u00a0\u00a0<\/p>\n","protected":false},"excerpt":{"rendered":"<p>El intendente Juan Ignacio Ustarroz estuvo recorriendo lo que ser\u00e1 la primera Casa de Veteranos de Malvinas en nuestra ciudad. &#8230; <a title=\"Avanza la construcci\u00f3n de la Casa del Veterano de Malvinas\" class=\"read-more\" href=\"https:\/\/www.hoymercedes.com.ar\/principal\/2019\/06\/25\/avanza-la-construccion-de-la-casa-del-veterano-de-malvinas\/\" aria-label=\"Leer m\u00e1s sobre Avanza la construcci\u00f3n de la Casa del Veterano de Malvinas\">Leer m\u00e1s<\/a><\/p>\n","protected":false},"author":1,"featured_media":95666,"comment_status":"closed","ping_status":"open","sticky":false,"template":"","format":"standard","meta":{"_monsterinsights_skip_tracking":false,"_monsterinsights_sitenote_active":false,"_monsterinsights_sitenote_note":"","_monsterinsights_sitenote_category":0,"jetpack_post_was_ever_published":false,"_jetpack_newsletter_access":"","_jetpack_dont_email_post_to_subs":false,"_jetpack_newsletter_tier_id":0,"_jetpack_memberships_contains_paywalled_content":false,"_jetpack_memberships_contains_paid_content":false,"footnotes":"","jetpack_publicize_message":"","jetpack_publicize_feature_enabled":true,"jetpack_social_post_already_shared":true,"jetpack_social_options":{"image_generator_settings":{"template":"highway","default_image_id":0,"font":"","enabled":false},"version":2},"_wpas_customize_per_network":false},"categories":[30],"tags":[15384,244],"class_list":["post-95663","post","type-post","status-publish","format-standard","has-post-thumbnail","hentry","category-municipio","tag-casa-del-veterano","tag-municipio-2","generate-columns","tablet-grid-50","mobile-grid-100","grid-parent","grid-50"],"jetpack_publicize_connections":[],"jetpack_featured_media_url":"https:\/\/www.hoymercedes.com.ar\/principal\/wp-content\/uploads\/2019\/06\/25-Veteranos2.jpeg","wps_subtitle":"","jetpack_sharing_enabled":true,"_links":{"self":[{"href":"https:\/\/www.hoymercedes.com.ar\/principal\/wp-json\/wp\/v2\/posts\/95663","targetHints":{"allow":["GET"]}}],"collection":[{"href":"https:\/\/www.hoymercedes.com.ar\/principal\/wp-json\/wp\/v2\/posts"}],"about":[{"href":"https:\/\/www.hoymercedes.com.ar\/principal\/wp-json\/wp\/v2\/types\/post"}],"author":[{"embeddable":true,"href":"https:\/\/www.hoymercedes.com.ar\/principal\/wp-json\/wp\/v2\/users\/1"}],"replies":[{"embeddable":true,"href":"https:\/\/www.hoymercedes.com.ar\/principal\/wp-json\/wp\/v2\/comments?post=95663"}],"version-history":[{"count":0,"href":"https:\/\/www.hoymercedes.com.ar\/principal\/wp-json\/wp\/v2\/posts\/95663\/revisions"}],"wp:featuredmedia":[{"embeddable":true,"href":"https:\/\/www.hoymercedes.com.ar\/principal\/wp-json\/wp\/v2\/media\/95666"}],"wp:attachment":[{"href":"https:\/\/www.hoymercedes.com.ar\/principal\/wp-json\/wp\/v2\/media?parent=95663"}],"wp:term":[{"taxonomy":"category","embeddable":true,"href":"https:\/\/www.hoymercedes.com.ar\/principal\/wp-json\/wp\/v2\/categories?post=95663"},{"taxonomy":"post_tag","embeddable":true,"href":"https:\/\/www.hoymercedes.com.ar\/principal\/wp-json\/wp\/v2\/tags?post=95663"}],"curies":[{"name":"wp","href":"https:\/\/api.w.org\/{rel}","templated":true}]}}