{"id":95664,"date":"2019-06-25T11:00:33","date_gmt":"2019-06-25T14:00:33","guid":{"rendered":"http:\/\/www.hoymercedes.com.ar\/principal\/?p=95664"},"modified":"2019-06-25T18:39:45","modified_gmt":"2019-06-25T21:39:45","slug":"lo-malo-y-lo-bueno-del-cambio-climatico","status":"publish","type":"post","link":"https:\/\/www.hoymercedes.com.ar\/principal\/2019\/06\/25\/lo-malo-y-lo-bueno-del-cambio-climatico\/","title":{"rendered":"Lo malo y lo bueno del cambio clim\u00e1tico"},"content":{"rendered":"\n<p>Cristi\u00e1n\nFrers* &#8211; Un an\u00e1lisis&nbsp;catastr\u00f3fico de c\u00f3mo la civilizaci\u00f3n humana podr\u00eda\ncolapsar en las pr\u00f3xima d\u00e9cadas debido al&nbsp;cambio clim\u00e1tico&nbsp;ha llamado\nla atenci\u00f3n. El an\u00e1lisis,&nbsp;publicado por el <strong>Breakthrough National Centre for Climate\nRestoration<\/strong>, describe al calentamiento global como&nbsp;\u00ab<strong>una amenaza existencial a\ncorto o mediano plazo<\/strong>\u00ab.<\/p>\n\n\n\n<p>El\ninforme, escrito por <strong>David Spratt<\/strong>, director de investigaci\u00f3n de Breakthrough,\ne <strong>Ian Dunlop<\/strong>,\nex ejecutivo de Royal Dutch Shell, alerta que en nuestra actual\ntrayectoria&nbsp;<strong>\u00ablos sistemas planetarios y humanos [est\u00e1n] llegando a un &#8216;punto de\nno retorno&#8217; para mediados de siglo, en el que la perspectiva de una Tierra en\ngran medida inhabitable conduce a la desintegraci\u00f3n de las naciones y del orden\ninternacional\u00bb<\/strong><strong>.<\/strong><\/p>\n\n\n\n<p>Los\n<strong>\u00ab<\/strong><strong>resultados&nbsp;extremadamente\ngraves<\/strong><strong>\u00ab<\/strong> de las\namenazas a la seguridad relacionadas con el clima son mucho m\u00e1s probables de lo\nque se supone convencionalmente, sostiene el documento,&nbsp;pero casi\nimposibles de cuantificar porque \u00abno corresponden a la experiencia humana\nde los \u00faltimos mil a\u00f1os\u00bb.<\/p>\n\n\n\n<p><strong>\u00abMucha de la\ninformaci\u00f3n que reciben los legisladores y los pol\u00edticos son demasiado\nconservadoras<\/strong><strong>\u00ab<\/strong>,&nbsp;explic\u00f3 Spratt.\n\u00abDebido a que los riesgos son ahora existenciales, <strong>se requiere un nuevo\nenfoque de la evaluaci\u00f3n de riesgos clim\u00e1ticos<\/strong> y de seguridad\nutilizando el an\u00e1lisis de escenarios<strong>\u00ab.<\/strong><\/p>\n\n\n\n<p>El\nescenario advierte que si no cambian los modelos de negocio de las industrias\nque perjudican al ambiente, <strong>la Tierra probablemente sufrir\u00e1 al menos&nbsp;3 grados cent\u00edgrados de calentamiento\nglobal<\/strong>. Esto causar\u00eda a su vez la <strong>destrucci\u00f3n de ecosistemas\nclave<\/strong>, incluyendo \u00ablos sistemas de arrecifes de coral, la\nselva amaz\u00f3nica y el \u00c1rtico\u00bb.<\/p>\n\n\n\n<p>Los\nresultados ser\u00edan devastadores. <strong>Alrededor de 1.000 millones de personas se ver\u00edan\nobligadas a&nbsp;reasentarse,&nbsp;y 2.000 millones se enfrentar\u00edan a la\nescasez de suministros de agua<\/strong><strong>.<\/strong>&nbsp;La agricultura colapsar\u00eda en los pa\u00edses subtropicales y la\nproducci\u00f3n de alimentos se ver\u00eda dram\u00e1ticamente afectada en todo el mundo.<\/p>\n\n\n\n<p>La\ncomplejidad y consecuencias del cambio clim\u00e1tico ameritan un an\u00e1lisis profundo.\nM\u00e1s all\u00e1 de lo que la ciencia determina como c\u00edclico y fuera del alcance\nhumano, el debate debe centrarse no s\u00f3lo en lo que pueden y deben hacer los\ngobiernos para garantizar el cumplimiento de los acuerdos o la responsabilidad\nde las empresas&nbsp; y de los ciudadanos en\nrelaci\u00f3n al di\u00f3xido de carbono (CO2). Si queremos resolver los problemas de\nra\u00edz y atenuar los riesgos de manera considerable, debemos ir al coraz\u00f3n del\nproblema que est\u00e1, parad\u00f3jicamente, en el coraz\u00f3n del ser humano; el \u00fanico\nlugar donde se unen los dos hemisferios para alcanzar una mirada perif\u00e9rica y\nentender que no somos \u00fanicamente parte del problema sino de la soluci\u00f3n.<\/p>\n\n\n\n<p>Es\nverdad, ya sabemos c\u00f3mo debemos proceder para impedir las consecuencias del\ncambio clim\u00e1tico. Sin embargo, actuamos como si lo ignor\u00e1ramos. No se logra\ntrasmitir el sentido de urgencia que requiere la crisis que enfrenta la\nhumanidad y en esto seguramente tienen culpa los medios de comunicaci\u00f3n.<\/p>\n\n\n\n<p>Cuando\npermanecemos desconectados del mundo natural, inmersos en nuestro ego\u00edsmo y\nvanidad, nos volvemos indiferentes e incapaces de pensar en los dem\u00e1s. S\u00f3lo\nseremos capaces de frenar y revertir el deterioro que hemos causado a la\nnaturaleza y al clima si entendemos que todos somos uno, entre nosotros y con\nel planeta.<\/p>\n\n\n\n<p>S\u00f3lo\na trav\u00e9s de la presi\u00f3n popular de los ciudadanos los gobiernos de cada pa\u00eds se\ntomar\u00e1n m\u00e1s en serio la lucha contra el cambio clim\u00e1tico, que, como se\ndemuestra d\u00eda tras d\u00eda, constituye una amenaza real para el planeta. As\u00ed lo han\nentendido centenares de miles de j\u00f3venes de todo el mundo que protagonizaron la\nprimera huelga estudiantil global y se manifestaron en las calles de las\nprincipales ciudades. Fue una gran movilizaci\u00f3n inspirada por la joven sueca\nGreta Thunberg, de 16 a\u00f1os, icono del movimiento Fridays for Future, que empez\u00f3\nella sola en agosto del 2018 al manifestarse cada viernes delante del\nParlamento de Estocolmo, con una pancarta que dec\u00eda \u201cHuelga de la escuela por\nel clima\u201d. Este movimiento, que se ha propagado como la p\u00f3lvora a trav\u00e9s de las\nredes sociales, tiene cada vez m\u00e1s seguidores especialmente adolescente y\nestudiantes y alcanza ya 123 pa\u00edses. Constituye la plasmaci\u00f3n de una conciencia\ngeneracional planetaria en defensa de la Tierra.<\/p>\n\n\n\n<p>Como\ndijo uno de los j\u00f3venes manifestantes, parece que los l\u00edderes de hoy quieren\nenvejecer, morir y dejar tras de s\u00ed un mundo en ruinas. La movilizaci\u00f3n de los\nescolares para defender el planeta frente al calentamiento clim\u00e1tico no es\nninguna tonter\u00eda. Refleja una inquietud real y justificada de una generaci\u00f3n\nque llegar\u00e1 hasta el fin de siglo y que ser\u00e1 quien sufrir\u00e1 las consecuencias\ndel deterioro del planeta si ahora no se toman las medidas adecuadas.<\/p>\n\n\n\n<p>Hay\nuna magia singular en esas marchas, poseen al mismo tiempo algo de presagio y\nde euforia. Son una advertencia y un mensaje refrescante, que coincide con el\nde muchos ecologistas y cient\u00edficos vienen impulsando desde hace d\u00e9cadas. Es un\nllamado que debe conmover a quienes, ab\u00falicos, solo esperan el pr\u00f3ximo cap\u00edtulo\nde su serie de Netflix o desacreditan el cambio clim\u00e1tico por creerlo una nueva\nposici\u00f3n pol\u00edtica adversa al desarrollo.<\/p>\n\n\n\n<p>*Cristi\u00e1n\nFrers \u2013 T\u00e9cnico Superior en Gesti\u00f3n Ambiental y T\u00e9cnico Superior en\nComunicaci\u00f3n Social (Periodista).<\/p>\n","protected":false},"excerpt":{"rendered":"<p>Cristi\u00e1n Frers* &#8211; Un an\u00e1lisis&nbsp;catastr\u00f3fico de c\u00f3mo la civilizaci\u00f3n humana podr\u00eda colapsar en las pr\u00f3xima d\u00e9cadas debido al&nbsp;cambio clim\u00e1tico&nbsp;ha llamado &#8230; <a title=\"Lo malo y lo bueno del cambio clim\u00e1tico\" class=\"read-more\" href=\"https:\/\/www.hoymercedes.com.ar\/principal\/2019\/06\/25\/lo-malo-y-lo-bueno-del-cambio-climatico\/\" aria-label=\"Leer m\u00e1s sobre Lo malo y lo bueno del cambio clim\u00e1tico\">Leer m\u00e1s<\/a><\/p>\n","protected":false},"author":1,"featured_media":79611,"comment_status":"closed","ping_status":"open","sticky":false,"template":"","format":"standard","meta":{"_monsterinsights_skip_tracking":false,"_monsterinsights_sitenote_active":false,"_monsterinsights_sitenote_note":"","_monsterinsights_sitenote_category":0,"jetpack_post_was_ever_published":false,"_jetpack_newsletter_access":"","_jetpack_dont_email_post_to_subs":false,"_jetpack_newsletter_tier_id":0,"_jetpack_memberships_contains_paywalled_content":false,"_jetpack_memberships_contains_paid_content":false,"footnotes":"","jetpack_publicize_message":"","jetpack_publicize_feature_enabled":true,"jetpack_social_post_already_shared":true,"jetpack_social_options":{"image_generator_settings":{"template":"highway","default_image_id":0,"font":"","enabled":false},"version":2},"_wpas_customize_per_network":false},"categories":[1],"tags":[13876,43,8748],"class_list":["post-95664","post","type-post","status-publish","format-standard","has-post-thumbnail","hentry","category-opinion","tag-cambio-climatico","tag-medio-ambiente","tag-opinion","generate-columns","tablet-grid-50","mobile-grid-100","grid-parent","grid-50"],"jetpack_publicize_connections":[],"jetpack_featured_media_url":"https:\/\/www.hoymercedes.com.ar\/principal\/wp-content\/uploads\/2018\/08\/09-cambioclimatico.jpg","wps_subtitle":"","jetpack_sharing_enabled":true,"_links":{"self":[{"href":"https:\/\/www.hoymercedes.com.ar\/principal\/wp-json\/wp\/v2\/posts\/95664","targetHints":{"allow":["GET"]}}],"collection":[{"href":"https:\/\/www.hoymercedes.com.ar\/principal\/wp-json\/wp\/v2\/posts"}],"about":[{"href":"https:\/\/www.hoymercedes.com.ar\/principal\/wp-json\/wp\/v2\/types\/post"}],"author":[{"embeddable":true,"href":"https:\/\/www.hoymercedes.com.ar\/principal\/wp-json\/wp\/v2\/users\/1"}],"replies":[{"embeddable":true,"href":"https:\/\/www.hoymercedes.com.ar\/principal\/wp-json\/wp\/v2\/comments?post=95664"}],"version-history":[{"count":0,"href":"https:\/\/www.hoymercedes.com.ar\/principal\/wp-json\/wp\/v2\/posts\/95664\/revisions"}],"wp:featuredmedia":[{"embeddable":true,"href":"https:\/\/www.hoymercedes.com.ar\/principal\/wp-json\/wp\/v2\/media\/79611"}],"wp:attachment":[{"href":"https:\/\/www.hoymercedes.com.ar\/principal\/wp-json\/wp\/v2\/media?parent=95664"}],"wp:term":[{"taxonomy":"category","embeddable":true,"href":"https:\/\/www.hoymercedes.com.ar\/principal\/wp-json\/wp\/v2\/categories?post=95664"},{"taxonomy":"post_tag","embeddable":true,"href":"https:\/\/www.hoymercedes.com.ar\/principal\/wp-json\/wp\/v2\/tags?post=95664"}],"curies":[{"name":"wp","href":"https:\/\/api.w.org\/{rel}","templated":true}]}}