{"id":95668,"date":"2019-06-25T16:21:14","date_gmt":"2019-06-25T19:21:14","guid":{"rendered":"http:\/\/www.hoymercedes.com.ar\/principal\/?p=95668"},"modified":"2019-06-25T18:38:24","modified_gmt":"2019-06-25T21:38:24","slug":"reclaman-por-el-gas-en-las-escuelas-de-garcia","status":"publish","type":"post","link":"https:\/\/www.hoymercedes.com.ar\/principal\/2019\/06\/25\/reclaman-por-el-gas-en-las-escuelas-de-garcia\/","title":{"rendered":"Reclaman por el gas en las escuelas de Garc\u00eda"},"content":{"rendered":"\n<p>Las comunidades educativas de las escuelas de la localidad rural J. M. Garc\u00eda reclamaron ante los medios de la ciudad la situaci\u00f3n que est\u00e1n viviendo ante las bajas temperaturas y la falta de gas en los edificios desde hace un mes. Se trata del Jard\u00edn de Infantes N\u00b0 913, la Primaria N\u00b0 25 y la Extensi\u00f3n de la Secundaria N\u00b0 12. <\/p>\n\n\n\n<figure class=\"wp-block-image\"><img loading=\"lazy\" decoding=\"async\" width=\"750\" height=\"750\" data-attachment-id=\"95669\" data-permalink=\"https:\/\/www.hoymercedes.com.ar\/principal\/2019\/06\/25\/reclaman-por-el-gas-en-las-escuelas-de-garcia\/25-esc-garcia\/#main\" data-orig-file=\"https:\/\/www.hoymercedes.com.ar\/principal\/wp-content\/uploads\/2019\/06\/25-esc-garc\u00eda.jpg\" data-orig-size=\"750,750\" data-comments-opened=\"0\" data-image-meta=\"{&quot;aperture&quot;:&quot;0&quot;,&quot;credit&quot;:&quot;&quot;,&quot;camera&quot;:&quot;&quot;,&quot;caption&quot;:&quot;&quot;,&quot;created_timestamp&quot;:&quot;0&quot;,&quot;copyright&quot;:&quot;&quot;,&quot;focal_length&quot;:&quot;0&quot;,&quot;iso&quot;:&quot;0&quot;,&quot;shutter_speed&quot;:&quot;0&quot;,&quot;title&quot;:&quot;&quot;,&quot;orientation&quot;:&quot;0&quot;}\" data-image-title=\"25 esc garc\u00eda\" data-image-description=\"\" data-image-caption=\"\" data-large-file=\"https:\/\/www.hoymercedes.com.ar\/principal\/wp-content\/uploads\/2019\/06\/25-esc-garc\u00eda.jpg\" src=\"https:\/\/www.hoymercedes.com.ar\/principal\/wp-content\/uploads\/2019\/06\/25-esc-garc\u00eda.jpg\" alt=\"\" class=\"wp-image-95669\" srcset=\"https:\/\/www.hoymercedes.com.ar\/principal\/wp-content\/uploads\/2019\/06\/25-esc-garc\u00eda.jpg 750w, https:\/\/www.hoymercedes.com.ar\/principal\/wp-content\/uploads\/2019\/06\/25-esc-garc\u00eda-150x150.jpg 150w, https:\/\/www.hoymercedes.com.ar\/principal\/wp-content\/uploads\/2019\/06\/25-esc-garc\u00eda-620x620.jpg 620w, https:\/\/www.hoymercedes.com.ar\/principal\/wp-content\/uploads\/2019\/06\/25-esc-garc\u00eda-100x100.jpg 100w\" sizes=\"auto, (max-width: 750px) 100vw, 750px\" \/><figcaption>Imagen publicada en redes sociales cuando se habilit\u00f3 el gas en las escuelas de Garc\u00eda<\/figcaption><\/figure>\n\n\n\n<p>Algunos docentes del nivel secundario contaron que la problem\u00e1tica, m\u00e1s all\u00e1 del fr\u00edo, se acent\u00faa a la hora del almuerzo puesto que las escuelas tienen el Servicio Alimentario (comedores) para cerca de 70 alumnos de todos los niveles y no est\u00e1n dando la comida caliente por falta de gas en la cocina. Un servicio necesario para las escuelas de jornada extendida. <\/p>\n\n\n\n<p>\u00abEstamos esperando que vengan a cargar la chancha desde hace un mes\u00bb, coment\u00f3 uno de los docentes, explicando que el servicio de carga lo har\u00eda una empresa de San Andr\u00e9s de Giles y que la nueva instalaci\u00f3n de gas se hizo hace algunos meses (NdR: la foto es del momento en que habilitaron el gas en las escuelas de Garc\u00eda). <\/p>\n\n\n\n<p>Con la falta de gas, la calefacci\u00f3n, por lo tanto, no funciona. Pero adem\u00e1s tienen problemas con la energ\u00eda el\u00e9ctrica ya que la tensi\u00f3n, a veces, salta interrumpiendo el servicio, y otras, hay falta de agua, situaci\u00f3n que en general amerita la suspensi\u00f3n de clases. <\/p>\n\n\n\n<p><\/p>\n","protected":false},"excerpt":{"rendered":"<p>Las comunidades educativas de las escuelas de la localidad rural J. M. Garc\u00eda reclamaron ante los medios de la ciudad &#8230; <a title=\"Reclaman por el gas en las escuelas de Garc\u00eda\" class=\"read-more\" href=\"https:\/\/www.hoymercedes.com.ar\/principal\/2019\/06\/25\/reclaman-por-el-gas-en-las-escuelas-de-garcia\/\" aria-label=\"Leer m\u00e1s sobre Reclaman por el gas en las escuelas de Garc\u00eda\">Leer m\u00e1s<\/a><\/p>\n","protected":false},"author":1,"featured_media":95669,"comment_status":"closed","ping_status":"open","sticky":false,"template":"","format":"standard","meta":{"_monsterinsights_skip_tracking":false,"_monsterinsights_sitenote_active":false,"_monsterinsights_sitenote_note":"","_monsterinsights_sitenote_category":0,"jetpack_post_was_ever_published":false,"_jetpack_newsletter_access":"","_jetpack_dont_email_post_to_subs":false,"_jetpack_newsletter_tier_id":0,"_jetpack_memberships_contains_paywalled_content":false,"_jetpack_memberships_contains_paid_content":false,"footnotes":"","jetpack_publicize_message":"","jetpack_publicize_feature_enabled":true,"jetpack_social_post_already_shared":true,"jetpack_social_options":{"image_generator_settings":{"template":"highway","default_image_id":0,"font":"","enabled":false},"version":2},"_wpas_customize_per_network":false},"categories":[23],"tags":[1317,47,15382,15383,100],"class_list":["post-95668","post","type-post","status-publish","format-standard","has-post-thumbnail","hentry","category-educacion","tag-consejo-escolar","tag-educacion-2","tag-falta-de-gas","tag-j-m-garcia","tag-reclamo","generate-columns","tablet-grid-50","mobile-grid-100","grid-parent","grid-50"],"jetpack_publicize_connections":[],"jetpack_featured_media_url":"https:\/\/www.hoymercedes.com.ar\/principal\/wp-content\/uploads\/2019\/06\/25-esc-garc\u00eda.jpg","wps_subtitle":"","jetpack_sharing_enabled":true,"_links":{"self":[{"href":"https:\/\/www.hoymercedes.com.ar\/principal\/wp-json\/wp\/v2\/posts\/95668","targetHints":{"allow":["GET"]}}],"collection":[{"href":"https:\/\/www.hoymercedes.com.ar\/principal\/wp-json\/wp\/v2\/posts"}],"about":[{"href":"https:\/\/www.hoymercedes.com.ar\/principal\/wp-json\/wp\/v2\/types\/post"}],"author":[{"embeddable":true,"href":"https:\/\/www.hoymercedes.com.ar\/principal\/wp-json\/wp\/v2\/users\/1"}],"replies":[{"embeddable":true,"href":"https:\/\/www.hoymercedes.com.ar\/principal\/wp-json\/wp\/v2\/comments?post=95668"}],"version-history":[{"count":0,"href":"https:\/\/www.hoymercedes.com.ar\/principal\/wp-json\/wp\/v2\/posts\/95668\/revisions"}],"wp:featuredmedia":[{"embeddable":true,"href":"https:\/\/www.hoymercedes.com.ar\/principal\/wp-json\/wp\/v2\/media\/95669"}],"wp:attachment":[{"href":"https:\/\/www.hoymercedes.com.ar\/principal\/wp-json\/wp\/v2\/media?parent=95668"}],"wp:term":[{"taxonomy":"category","embeddable":true,"href":"https:\/\/www.hoymercedes.com.ar\/principal\/wp-json\/wp\/v2\/categories?post=95668"},{"taxonomy":"post_tag","embeddable":true,"href":"https:\/\/www.hoymercedes.com.ar\/principal\/wp-json\/wp\/v2\/tags?post=95668"}],"curies":[{"name":"wp","href":"https:\/\/api.w.org\/{rel}","templated":true}]}}