{"id":95671,"date":"2019-06-25T21:07:56","date_gmt":"2019-06-26T00:07:56","guid":{"rendered":"http:\/\/www.hoymercedes.com.ar\/principal\/?p=95671"},"modified":"2019-06-25T22:01:26","modified_gmt":"2019-06-26T01:01:26","slug":"apagon-la-defensoria-pidio-8-000-de-resarcimiento-por-dia-para-hogares-y-25-000-para-comercios","status":"publish","type":"post","link":"https:\/\/www.hoymercedes.com.ar\/principal\/2019\/06\/25\/apagon-la-defensoria-pidio-8-000-de-resarcimiento-por-dia-para-hogares-y-25-000-para-comercios\/","title":{"rendered":"Apag\u00f3n: la Defensor\u00eda pidi\u00f3 $8.000 de resarcimiento por d\u00eda para hogares y $25.000 para comercios"},"content":{"rendered":"\n<p><em>\u201cMucha gente perdi\u00f3 el trabajo, la comida, la medicaci\u00f3n o tuvo que cerrar el comercio. Nosotros pedimos que haya una indemnizaci\u00f3n y que la empresa compense a todos por igual\u00bb, indic\u00f3 el Defensor Guido Lorenzino.<\/em><\/p>\n\n\n\n<figure class=\"wp-block-image\"><img loading=\"lazy\" decoding=\"async\" width=\"800\" height=\"566\" data-attachment-id=\"95672\" data-permalink=\"https:\/\/www.hoymercedes.com.ar\/principal\/2019\/06\/25\/apagon-la-defensoria-pidio-8-000-de-resarcimiento-por-dia-para-hogares-y-25-000-para-comercios\/25-apagon-66\/#main\" data-orig-file=\"https:\/\/www.hoymercedes.com.ar\/principal\/wp-content\/uploads\/2019\/06\/25-apagon-66.jpeg\" data-orig-size=\"800,566\" data-comments-opened=\"0\" data-image-meta=\"{&quot;aperture&quot;:&quot;0&quot;,&quot;credit&quot;:&quot;&quot;,&quot;camera&quot;:&quot;&quot;,&quot;caption&quot;:&quot;&quot;,&quot;created_timestamp&quot;:&quot;0&quot;,&quot;copyright&quot;:&quot;&quot;,&quot;focal_length&quot;:&quot;0&quot;,&quot;iso&quot;:&quot;0&quot;,&quot;shutter_speed&quot;:&quot;0&quot;,&quot;title&quot;:&quot;&quot;,&quot;orientation&quot;:&quot;0&quot;}\" data-image-title=\"25-apagon-66\" data-image-description=\"\" data-image-caption=\"\" data-large-file=\"https:\/\/www.hoymercedes.com.ar\/principal\/wp-content\/uploads\/2019\/06\/25-apagon-66.jpeg\" src=\"https:\/\/www.hoymercedes.com.ar\/principal\/wp-content\/uploads\/2019\/06\/25-apagon-66.jpeg\" alt=\"\" class=\"wp-image-95672\" srcset=\"https:\/\/www.hoymercedes.com.ar\/principal\/wp-content\/uploads\/2019\/06\/25-apagon-66.jpeg 800w, https:\/\/www.hoymercedes.com.ar\/principal\/wp-content\/uploads\/2019\/06\/25-apagon-66-150x106.jpeg 150w, https:\/\/www.hoymercedes.com.ar\/principal\/wp-content\/uploads\/2019\/06\/25-apagon-66-630x446.jpeg 630w\" sizes=\"auto, (max-width: 800px) 100vw, 800px\" \/><\/figure>\n\n\n\n<p>El Defensor del Pueblo de la provincia, Guido Lorenzino, pidi\u00f3 que los hogares afectados por el apag\u00f3n en La Plata reciban $8.000 por d\u00eda en concepto m\u00ednimo de resarcimiento por parte de la empresa distribuidora EDELAP. Para comercios, la suma asciende a $25.000.<\/p>\n\n\n\n<p>\u201cAc\u00e1 hay sesenta mil personas a las que se les afect\u00f3 la vida y no se trata de descontar dos d\u00edas en la pr\u00f3xima factura sino de que los usuarios tengan la compensaci\u00f3n econ\u00f3mica que les corresponde\u201d, explic\u00f3 Lorenzino.<\/p>\n\n\n\n<p>A trav\u00e9s de tres notas dirigidas a EDELAP, el ministerio de Infraestructura y Servicios P\u00fablicos de la Provincia y el Organismo de Control de Energ\u00eda El\u00e9ctrica de la provincia de Buenos Aires (Oceba), el Defensor solicit\u00f3 que los usuarios damnificados reciban una indemnizaci\u00f3n de forma autom\u00e1tica.<\/p>\n\n\n\n<p>La suma exigida por la Defensor\u00eda se estima como monto m\u00ednimo de resarcimiento, independientemente de los reclamos que puedan realizar los usuarios ante la empresa y el ente regulador por mayores perjuicios ocasionados por el corte.<\/p>\n\n\n\n<p>\u201cMucha gente perdi\u00f3 el trabajo, la comida, la medicaci\u00f3n o tuvo que cerrar el comercio. Nosotros pedimos que haya una indemnizaci\u00f3n y que la empresa compense a todos por igual\u00bb, declar\u00f3 el Defensor.<\/p>\n\n\n\n<p>El organismo provincial hab\u00eda calculado que los da\u00f1os econ\u00f3micos representaban, hasta el lunes 24 \u2014tres d\u00edas despu\u00e9s de iniciado el apag\u00f3n\u2014, casi mil millones de pesos.<\/p>\n\n\n\n<p>Hasta el momento, m\u00e1s de quince mil usuarios todav\u00eda se encuentran sin suministro de electricidad y la empresa distribuidora no inform\u00f3 de forma clara cu\u00e1ndo se restablecer\u00e1 el servicio.<\/p>\n","protected":false},"excerpt":{"rendered":"<p>\u201cMucha gente perdi\u00f3 el trabajo, la comida, la medicaci\u00f3n o tuvo que cerrar el comercio. Nosotros pedimos que haya una &#8230; <a title=\"Apag\u00f3n: la Defensor\u00eda pidi\u00f3 $8.000 de resarcimiento por d\u00eda para hogares y $25.000 para comercios\" class=\"read-more\" href=\"https:\/\/www.hoymercedes.com.ar\/principal\/2019\/06\/25\/apagon-la-defensoria-pidio-8-000-de-resarcimiento-por-dia-para-hogares-y-25-000-para-comercios\/\" aria-label=\"Leer m\u00e1s sobre Apag\u00f3n: la Defensor\u00eda pidi\u00f3 $8.000 de resarcimiento por d\u00eda para hogares y $25.000 para comercios\">Leer m\u00e1s<\/a><\/p>\n","protected":false},"author":1,"featured_media":95672,"comment_status":"closed","ping_status":"open","sticky":false,"template":"","format":"standard","meta":{"_monsterinsights_skip_tracking":false,"_monsterinsights_sitenote_active":false,"_monsterinsights_sitenote_note":"","_monsterinsights_sitenote_category":0,"jetpack_post_was_ever_published":false,"_jetpack_newsletter_access":"","_jetpack_dont_email_post_to_subs":false,"_jetpack_newsletter_tier_id":0,"_jetpack_memberships_contains_paywalled_content":false,"_jetpack_memberships_contains_paid_content":false,"footnotes":"","jetpack_publicize_message":"","jetpack_publicize_feature_enabled":true,"jetpack_social_post_already_shared":true,"jetpack_social_options":{"image_generator_settings":{"template":"highway","default_image_id":0,"font":"","enabled":false},"version":2},"_wpas_customize_per_network":false},"categories":[8881],"tags":[9284,1803],"class_list":["post-95671","post","type-post","status-publish","format-standard","has-post-thumbnail","hentry","category-provincia","tag-defensor-del-pueblo","tag-provincia","generate-columns","tablet-grid-50","mobile-grid-100","grid-parent","grid-50"],"jetpack_publicize_connections":[],"jetpack_featured_media_url":"https:\/\/www.hoymercedes.com.ar\/principal\/wp-content\/uploads\/2019\/06\/25-apagon-66.jpeg","wps_subtitle":"","jetpack_sharing_enabled":true,"_links":{"self":[{"href":"https:\/\/www.hoymercedes.com.ar\/principal\/wp-json\/wp\/v2\/posts\/95671","targetHints":{"allow":["GET"]}}],"collection":[{"href":"https:\/\/www.hoymercedes.com.ar\/principal\/wp-json\/wp\/v2\/posts"}],"about":[{"href":"https:\/\/www.hoymercedes.com.ar\/principal\/wp-json\/wp\/v2\/types\/post"}],"author":[{"embeddable":true,"href":"https:\/\/www.hoymercedes.com.ar\/principal\/wp-json\/wp\/v2\/users\/1"}],"replies":[{"embeddable":true,"href":"https:\/\/www.hoymercedes.com.ar\/principal\/wp-json\/wp\/v2\/comments?post=95671"}],"version-history":[{"count":0,"href":"https:\/\/www.hoymercedes.com.ar\/principal\/wp-json\/wp\/v2\/posts\/95671\/revisions"}],"wp:featuredmedia":[{"embeddable":true,"href":"https:\/\/www.hoymercedes.com.ar\/principal\/wp-json\/wp\/v2\/media\/95672"}],"wp:attachment":[{"href":"https:\/\/www.hoymercedes.com.ar\/principal\/wp-json\/wp\/v2\/media?parent=95671"}],"wp:term":[{"taxonomy":"category","embeddable":true,"href":"https:\/\/www.hoymercedes.com.ar\/principal\/wp-json\/wp\/v2\/categories?post=95671"},{"taxonomy":"post_tag","embeddable":true,"href":"https:\/\/www.hoymercedes.com.ar\/principal\/wp-json\/wp\/v2\/tags?post=95671"}],"curies":[{"name":"wp","href":"https:\/\/api.w.org\/{rel}","templated":true}]}}