{"id":95677,"date":"2019-06-25T22:24:05","date_gmt":"2019-06-26T01:24:05","guid":{"rendered":"http:\/\/www.hoymercedes.com.ar\/principal\/?p=95677"},"modified":"2019-06-25T22:10:35","modified_gmt":"2019-06-26T01:10:35","slug":"acto-aniversario-por-los-origenes-de-mercedes","status":"publish","type":"post","link":"https:\/\/www.hoymercedes.com.ar\/principal\/2019\/06\/25\/acto-aniversario-por-los-origenes-de-mercedes\/","title":{"rendered":"Acto aniversario por los or\u00edgenes de Mercedes"},"content":{"rendered":"\n<p>En una nueva y emotiva conmemoraci\u00f3n del aniversario de la ciudad de Mercedes, se realiz\u00f3 el acto oficial en la plaza Rivadav\u00eda al pie de la pir\u00e1mide fundacional del partido. All\u00ed se hizo presente el intendente Juan Ignacio Ustarroz, autoridades municipales, integrantes del Honorable Concejo Deliberante, consejeros escolares, docentes y alumnos de diferentes instituciones educativas y vecinos de la ciudad. <\/p>\n\n\n\n<figure class=\"wp-block-image\"><img loading=\"lazy\" decoding=\"async\" width=\"750\" height=\"422\" data-attachment-id=\"95678\" data-permalink=\"https:\/\/www.hoymercedes.com.ar\/principal\/2019\/06\/25\/acto-aniversario-por-los-origenes-de-mercedes\/25-origenes\/#main\" data-orig-file=\"https:\/\/www.hoymercedes.com.ar\/principal\/wp-content\/uploads\/2019\/06\/25-origenes.jpeg\" data-orig-size=\"750,422\" data-comments-opened=\"0\" data-image-meta=\"{&quot;aperture&quot;:&quot;0&quot;,&quot;credit&quot;:&quot;&quot;,&quot;camera&quot;:&quot;&quot;,&quot;caption&quot;:&quot;&quot;,&quot;created_timestamp&quot;:&quot;0&quot;,&quot;copyright&quot;:&quot;&quot;,&quot;focal_length&quot;:&quot;0&quot;,&quot;iso&quot;:&quot;0&quot;,&quot;shutter_speed&quot;:&quot;0&quot;,&quot;title&quot;:&quot;&quot;,&quot;orientation&quot;:&quot;0&quot;}\" data-image-title=\"25 origenes\" data-image-description=\"\" data-image-caption=\"\" data-large-file=\"https:\/\/www.hoymercedes.com.ar\/principal\/wp-content\/uploads\/2019\/06\/25-origenes.jpeg\" src=\"https:\/\/www.hoymercedes.com.ar\/principal\/wp-content\/uploads\/2019\/06\/25-origenes.jpeg\" alt=\"\" class=\"wp-image-95678\" srcset=\"https:\/\/www.hoymercedes.com.ar\/principal\/wp-content\/uploads\/2019\/06\/25-origenes.jpeg 750w, https:\/\/www.hoymercedes.com.ar\/principal\/wp-content\/uploads\/2019\/06\/25-origenes-150x84.jpeg 150w, https:\/\/www.hoymercedes.com.ar\/principal\/wp-content\/uploads\/2019\/06\/25-origenes-630x354.jpeg 630w\" sizes=\"auto, (max-width: 750px) 100vw, 750px\" \/><\/figure>\n\n\n\n<p>\u201cCuando uno repasa por su memoria, ese ejercicio que nos implica volver a pasar por el coraz\u00f3n recuerda esta ciudad desde la infancia y la comprende desde la historia\u201d expres\u00f3 Ustarroz.\u00a0\u00a0\u00a0\u00a0<\/p>\n\n\n\n<p>El intendente de nuestra ciudad, Juan Ignacio Ustarroz destac\u00f3 \u201cla dimensi\u00f3n m\u00e1s humana de nuestra gente, el alma de pueblo, el ser solidario. Creo que tiene que ver con nuestra ciudad, con nuestra identidad\u201d.<\/p>\n\n\n\n<p>A su vez destac\u00f3 a las instituciones educativas de la ciudad, las sociedades de fomento, los clubes \u201cque vienen creciendo y desarrollando sobre la base de la solidaridad y el compromiso\u201d y apunt\u00f3 \u201cuna ciudad se hace entre todos con el aporte cotidiano de los educadores, los trabajadores, los bomberos, los vecinos y todos los que vivimos en esta hermosa ciudad\u201d.<\/p>\n\n\n\n<p>\u201cMisma que supo ser \u201cLa Perla del Oste\u201d y hoy recupera cierto resplandor a trav\u00e9s de las innumerables expresiones culturales y art\u00edsticas que todos los fines de semana se ofrecen, no solo al mercedinos, sino a todos aquellos que se acercan a la ciudad\u201d indic\u00f3 Ustarroz.&nbsp;&nbsp;<\/p>\n\n\n\n<p>\u201cTal vez lo m\u00e1s importante no sean las obras f\u00edsicas que vemos, sino que los m\u00e1s importante como ciudad y sociedad es recomponer los tejidos sociales, crecer sobre la base de valores y a partir de all\u00ed proyectarnos hacia el futuro\u201d concluy\u00f3 el intendente Juan Ignacio Ustarroz.<\/p>\n\n\n\n<p>Desde el \u00e1mbito educativo, tom\u00f3 la palabra Cristian Ponce, jefe distrital de Educaci\u00f3n, quien haciendo una revisi\u00f3n hist\u00f3rica se\u00f1al\u00f3 \u201chablar de nuestra querida ciudad, es hablar de su historia es tener en cuenta que sus inicios se remontan a 1745 cuando se crea un fuerte con el prop\u00f3sito de reducir los embates del mal\u00f3n y que en junio de 1752 con la llegada del primer regimiento de caballer\u00eda llamado Blandengue de la Frontera se plantean las bases fundacionales de esta hermosa ciudad\u201d.<\/p>\n\n\n\n<p>\u201cUna ciudad con alma de pueblo, donde los vecinos se conocen, y donde nos reconocemos como una comunidad donde ante la adversidad sale en la ayuda del otro\u201d manifest\u00f3 Ponce. A su vez, apelando lugares, personalidades e instituciones, valor\u00f3 \u201cla arquitectura y el calor de sus habitantes\u201d. Pidiendo, adem\u00e1s, un reconocimiento especial para el recientemente fallecido, el querido profesor Ricardo Tabossi.<\/p>\n\n\n\n<p>\u201cHablar de Mercedes me hace sentir orgulloso porque este es mi lugar, es donde nac\u00ed, crec\u00ed y me sigo desarrollando profesionalmente, porque esta es mi gente, la que saludo todos los d\u00edas, los que me acompa\u00f1an y hacen linda esta ciudad\u201d finaliz\u00f3 Cristian Ponce.<\/p>\n\n\n\n<p>Durante el acto se enton\u00f3 el Himno Nacional Argentino, como as\u00ed tambi\u00e9n se colocaron ofrendas florales por parte del Departamento Ejecutivo a trav\u00e9s del intendente Ustarroz y el jefe de gabinete Mat\u00edas Dematei. Luego fue el turno del Concejo Deliberante y el Colegio de Escribanos. El acto cont\u00f3 con la presencia de otras autoridades entre ellos el ex Intendente y Diputado Nacional Carlos Selva. <br><\/p>\n","protected":false},"excerpt":{"rendered":"<p>En una nueva y emotiva conmemoraci\u00f3n del aniversario de la ciudad de Mercedes, se realiz\u00f3 el acto oficial en la &#8230; <a title=\"Acto aniversario por los or\u00edgenes de Mercedes\" class=\"read-more\" href=\"https:\/\/www.hoymercedes.com.ar\/principal\/2019\/06\/25\/acto-aniversario-por-los-origenes-de-mercedes\/\" aria-label=\"Leer m\u00e1s sobre Acto aniversario por los or\u00edgenes de Mercedes\">Leer m\u00e1s<\/a><\/p>\n","protected":false},"author":1,"featured_media":95678,"comment_status":"closed","ping_status":"open","sticky":false,"template":"","format":"standard","meta":{"_monsterinsights_skip_tracking":false,"_monsterinsights_sitenote_active":false,"_monsterinsights_sitenote_note":"","_monsterinsights_sitenote_category":0,"jetpack_post_was_ever_published":false,"_jetpack_newsletter_access":"","_jetpack_dont_email_post_to_subs":false,"_jetpack_newsletter_tier_id":0,"_jetpack_memberships_contains_paywalled_content":false,"_jetpack_memberships_contains_paid_content":false,"footnotes":"","jetpack_publicize_message":"","jetpack_publicize_feature_enabled":true,"jetpack_social_post_already_shared":true,"jetpack_social_options":{"image_generator_settings":{"template":"highway","default_image_id":0,"font":"","enabled":false},"version":2},"_wpas_customize_per_network":false},"categories":[30],"tags":[8920,15387,244],"class_list":["post-95677","post","type-post","status-publish","format-standard","has-post-thumbnail","hentry","category-municipio","tag-acto","tag-aniversario-origenes-de-la-ciudad","tag-municipio-2","generate-columns","tablet-grid-50","mobile-grid-100","grid-parent","grid-50"],"jetpack_publicize_connections":[],"jetpack_featured_media_url":"https:\/\/www.hoymercedes.com.ar\/principal\/wp-content\/uploads\/2019\/06\/25-origenes.jpeg","wps_subtitle":"267 a\u00f1os de la llegada de los primeros pobladores","jetpack_sharing_enabled":true,"_links":{"self":[{"href":"https:\/\/www.hoymercedes.com.ar\/principal\/wp-json\/wp\/v2\/posts\/95677","targetHints":{"allow":["GET"]}}],"collection":[{"href":"https:\/\/www.hoymercedes.com.ar\/principal\/wp-json\/wp\/v2\/posts"}],"about":[{"href":"https:\/\/www.hoymercedes.com.ar\/principal\/wp-json\/wp\/v2\/types\/post"}],"author":[{"embeddable":true,"href":"https:\/\/www.hoymercedes.com.ar\/principal\/wp-json\/wp\/v2\/users\/1"}],"replies":[{"embeddable":true,"href":"https:\/\/www.hoymercedes.com.ar\/principal\/wp-json\/wp\/v2\/comments?post=95677"}],"version-history":[{"count":0,"href":"https:\/\/www.hoymercedes.com.ar\/principal\/wp-json\/wp\/v2\/posts\/95677\/revisions"}],"wp:featuredmedia":[{"embeddable":true,"href":"https:\/\/www.hoymercedes.com.ar\/principal\/wp-json\/wp\/v2\/media\/95678"}],"wp:attachment":[{"href":"https:\/\/www.hoymercedes.com.ar\/principal\/wp-json\/wp\/v2\/media?parent=95677"}],"wp:term":[{"taxonomy":"category","embeddable":true,"href":"https:\/\/www.hoymercedes.com.ar\/principal\/wp-json\/wp\/v2\/categories?post=95677"},{"taxonomy":"post_tag","embeddable":true,"href":"https:\/\/www.hoymercedes.com.ar\/principal\/wp-json\/wp\/v2\/tags?post=95677"}],"curies":[{"name":"wp","href":"https:\/\/api.w.org\/{rel}","templated":true}]}}