{"id":95683,"date":"2019-06-26T09:35:57","date_gmt":"2019-06-26T12:35:57","guid":{"rendered":"http:\/\/www.hoymercedes.com.ar\/principal\/?p=95683"},"modified":"2019-06-26T09:37:27","modified_gmt":"2019-06-26T12:37:27","slug":"muestra-colectiva-en-arquitectos","status":"publish","type":"post","link":"https:\/\/www.hoymercedes.com.ar\/principal\/2019\/06\/26\/muestra-colectiva-en-arquitectos\/","title":{"rendered":"Muestra colectiva en Arquitectos"},"content":{"rendered":"\n<p>El d\u00eda Jueves 27 de Junio a las 20 hs, se \u00a0inaugurar\u00e1 en la Sede Distrital del Colegio de Arquitectos de la provincia de Bs As D5, sita en Av. 30 No. 564 , Mercedes, una muestra colectiva de obras que desarrollan la t\u00e9cnica de Grabado.\u00a0Expondr\u00e1n los artistas pl\u00e1sticos Rosana Mart\u00ednez, Adriana Lorenzo y Rolando Garc\u00eda. <\/p>\n\n\n\n<figure class=\"wp-block-image\"><img loading=\"lazy\" decoding=\"async\" width=\"750\" height=\"525\" data-attachment-id=\"95684\" data-permalink=\"https:\/\/www.hoymercedes.com.ar\/principal\/2019\/06\/26\/muestra-colectiva-en-arquitectos\/26-muestra-arquitectos\/#main\" data-orig-file=\"https:\/\/www.hoymercedes.com.ar\/principal\/wp-content\/uploads\/2019\/06\/26-muestra-arquitectos.jpg\" data-orig-size=\"750,525\" data-comments-opened=\"0\" data-image-meta=\"{&quot;aperture&quot;:&quot;0&quot;,&quot;credit&quot;:&quot;&quot;,&quot;camera&quot;:&quot;&quot;,&quot;caption&quot;:&quot;&quot;,&quot;created_timestamp&quot;:&quot;0&quot;,&quot;copyright&quot;:&quot;&quot;,&quot;focal_length&quot;:&quot;0&quot;,&quot;iso&quot;:&quot;0&quot;,&quot;shutter_speed&quot;:&quot;0&quot;,&quot;title&quot;:&quot;&quot;,&quot;orientation&quot;:&quot;0&quot;}\" data-image-title=\"26-muestra-arquitectos\" data-image-description=\"\" data-image-caption=\"\" data-large-file=\"https:\/\/www.hoymercedes.com.ar\/principal\/wp-content\/uploads\/2019\/06\/26-muestra-arquitectos.jpg\" src=\"https:\/\/www.hoymercedes.com.ar\/principal\/wp-content\/uploads\/2019\/06\/26-muestra-arquitectos.jpg\" alt=\"\" class=\"wp-image-95684\" srcset=\"https:\/\/www.hoymercedes.com.ar\/principal\/wp-content\/uploads\/2019\/06\/26-muestra-arquitectos.jpg 750w, https:\/\/www.hoymercedes.com.ar\/principal\/wp-content\/uploads\/2019\/06\/26-muestra-arquitectos-150x105.jpg 150w, https:\/\/www.hoymercedes.com.ar\/principal\/wp-content\/uploads\/2019\/06\/26-muestra-arquitectos-630x441.jpg 630w\" sizes=\"auto, (max-width: 750px) 100vw, 750px\" \/><\/figure>\n\n\n\n<p><strong>Rosana Martinez expondr\u00e1\u00a0\u00a0\u00abAmar, sentir y vivir\u00bb\u00a0<\/strong><br>\u00abAmar, sentir y vivir\u00bb es una producci\u00f3n art\u00edstica que son un intento de reflexi\u00f3n acerca de la identidad, el amor y todos aquellos mandatos que nuestra familia y sociedad nos impone desde nuestro nacimiento. Es parte de una serie de grabados que realizo con t\u00e9cnicas variadas como: cromoxilagrafia, Offset, monotipos. Desde este lugar como artista y docente\u00a0\u00a0encuentro en mis planteos art\u00edsticos una gran satisfacci\u00f3n al quehacer de la vida cotidiana.<\/p>\n\n\n\n<p><strong>Adriana Lorenzo:\u00a0Expondr\u00e1 \u201cPassiflora\u00bb<\/strong><br>Adriana L. Lorenzo naci\u00f3 en Mercedes\u00a0 provincia de Buenos Aires. Curs\u00f3 el profesorado en la Escuela Nacional de Bellas Artes \u201cPrilidiano Pueyrred\u00f3n\u201d donde recibi\u00f3 el t\u00edtulo en la especialidad de Grabado, curs\u00f3 estudios en la Escuela Superior de Bellas Artes \u201cErnesto de la C\u00e1rcova\u201d y en la Universidad Nacional de Arte, donde se recibi\u00f3 de Profesora Universitaria en Artes Visuales. Ha realizado el Posgrado en Entornos Virtuales de Aprendizaje en el Instituto Nacional de Formaci\u00f3n Docente,\u00a0 en el programa Virtual Educa patrocinado por OEA.<\/p>\n\n\n\n<p><strong>Rolando Garc\u00eda expondr\u00e1 :\u00a0\u00a0\u201cMemoria\u201d y \u201cMetamorfosis\u201d.<\/strong> <br>Ambos trabajos tienen su g\u00e9nesis hace mucho tiempo, y quiz\u00e1s los dos est\u00e9n inconclusos. \u201cMemoria\u201d comenz\u00f3 luego de la lectura de los textos de Rodolfo Kusch, y es mucho m\u00e1s amplia que esta muestra.\u00a0\u00a0\u00abMetamorfosis\u00bb lleva dentro un juego de partici\u00f3n regular de la superficie, con una mirada pol\u00edtica personal de nuestra historia latinoamericana.<\/p>\n\n\n\n<p>La muestra es de acceso libre y gratuito y estar\u00e1 abierta lunes a viernes de 8 a 13 y 14 a 16hs , hasta el d\u00eda 10 de Julio.\u00a0<\/p>\n","protected":false},"excerpt":{"rendered":"<p>El d\u00eda Jueves 27 de Junio a las 20 hs, se \u00a0inaugurar\u00e1 en la Sede Distrital del Colegio de Arquitectos &#8230; <a title=\"Muestra colectiva en Arquitectos\" class=\"read-more\" href=\"https:\/\/www.hoymercedes.com.ar\/principal\/2019\/06\/26\/muestra-colectiva-en-arquitectos\/\" aria-label=\"Leer m\u00e1s sobre Muestra colectiva en Arquitectos\">Leer m\u00e1s<\/a><\/p>\n","protected":false},"author":1,"featured_media":95684,"comment_status":"closed","ping_status":"open","sticky":false,"template":"","format":"standard","meta":{"_monsterinsights_skip_tracking":false,"_monsterinsights_sitenote_active":false,"_monsterinsights_sitenote_note":"","_monsterinsights_sitenote_category":0,"jetpack_post_was_ever_published":false,"_jetpack_newsletter_access":"","_jetpack_dont_email_post_to_subs":false,"_jetpack_newsletter_tier_id":0,"_jetpack_memberships_contains_paywalled_content":false,"_jetpack_memberships_contains_paid_content":false,"footnotes":"","jetpack_publicize_message":"","jetpack_publicize_feature_enabled":true,"jetpack_social_post_already_shared":true,"jetpack_social_options":{"image_generator_settings":{"template":"highway","default_image_id":0,"font":"","enabled":false},"version":2},"_wpas_customize_per_network":false},"categories":[104],"tags":[6816,7805,12992],"class_list":["post-95683","post","type-post","status-publish","format-standard","has-post-thumbnail","hentry","category-cultura","tag-colegio-de-arquitectos","tag-cultura","tag-muestra-pintura","generate-columns","tablet-grid-50","mobile-grid-100","grid-parent","grid-50"],"jetpack_publicize_connections":[],"jetpack_featured_media_url":"https:\/\/www.hoymercedes.com.ar\/principal\/wp-content\/uploads\/2019\/06\/26-muestra-arquitectos.jpg","wps_subtitle":"Este jueves","jetpack_sharing_enabled":true,"_links":{"self":[{"href":"https:\/\/www.hoymercedes.com.ar\/principal\/wp-json\/wp\/v2\/posts\/95683","targetHints":{"allow":["GET"]}}],"collection":[{"href":"https:\/\/www.hoymercedes.com.ar\/principal\/wp-json\/wp\/v2\/posts"}],"about":[{"href":"https:\/\/www.hoymercedes.com.ar\/principal\/wp-json\/wp\/v2\/types\/post"}],"author":[{"embeddable":true,"href":"https:\/\/www.hoymercedes.com.ar\/principal\/wp-json\/wp\/v2\/users\/1"}],"replies":[{"embeddable":true,"href":"https:\/\/www.hoymercedes.com.ar\/principal\/wp-json\/wp\/v2\/comments?post=95683"}],"version-history":[{"count":0,"href":"https:\/\/www.hoymercedes.com.ar\/principal\/wp-json\/wp\/v2\/posts\/95683\/revisions"}],"wp:featuredmedia":[{"embeddable":true,"href":"https:\/\/www.hoymercedes.com.ar\/principal\/wp-json\/wp\/v2\/media\/95684"}],"wp:attachment":[{"href":"https:\/\/www.hoymercedes.com.ar\/principal\/wp-json\/wp\/v2\/media?parent=95683"}],"wp:term":[{"taxonomy":"category","embeddable":true,"href":"https:\/\/www.hoymercedes.com.ar\/principal\/wp-json\/wp\/v2\/categories?post=95683"},{"taxonomy":"post_tag","embeddable":true,"href":"https:\/\/www.hoymercedes.com.ar\/principal\/wp-json\/wp\/v2\/tags?post=95683"}],"curies":[{"name":"wp","href":"https:\/\/api.w.org\/{rel}","templated":true}]}}