{"id":95694,"date":"2019-06-26T12:25:02","date_gmt":"2019-06-26T15:25:02","guid":{"rendered":"http:\/\/www.hoymercedes.com.ar\/principal\/?p=95694"},"modified":"2019-06-26T11:48:44","modified_gmt":"2019-06-26T14:48:44","slug":"jorge-mehaudy-y-kanto-sefardi-en-abogados","status":"publish","type":"post","link":"https:\/\/www.hoymercedes.com.ar\/principal\/2019\/06\/26\/jorge-mehaudy-y-kanto-sefardi-en-abogados\/","title":{"rendered":"Jorge Mehaudy y Kanto Sefardi en Abogados"},"content":{"rendered":"\n<p>En un espacio \u00edntimo, acogedor, con buena ac\u00fastica, este jueves 27 habr\u00e1 m\u00fasica sefard\u00ed. A cargo del espect\u00e1culo estar\u00e1 Jorge Mehaudy en el sal\u00f3n de actos del Colegio de Abogados de Mercedes. \u201cHace algunos a\u00f1os que estoy haciendo el espect\u00e1culo\u201d cont\u00f3 el m\u00fasico que re\u00fane en la m\u00fasica la influencia de sus antepasados sefard\u00ed de Marruecos y de Estambul<\/p>\n\n\n\n<figure class=\"wp-block-image\"><img loading=\"lazy\" decoding=\"async\" width=\"800\" height=\"589\" data-attachment-id=\"95534\" data-permalink=\"https:\/\/www.hoymercedes.com.ar\/principal\/2019\/06\/22\/colocaron-estrella-amarilla-por-jorge-lescano\/21-abogados89\/#main\" data-orig-file=\"https:\/\/www.hoymercedes.com.ar\/principal\/wp-content\/uploads\/2019\/06\/21-abogados89.jpeg\" data-orig-size=\"800,589\" data-comments-opened=\"0\" data-image-meta=\"{&quot;aperture&quot;:&quot;0&quot;,&quot;credit&quot;:&quot;&quot;,&quot;camera&quot;:&quot;&quot;,&quot;caption&quot;:&quot;&quot;,&quot;created_timestamp&quot;:&quot;0&quot;,&quot;copyright&quot;:&quot;&quot;,&quot;focal_length&quot;:&quot;0&quot;,&quot;iso&quot;:&quot;0&quot;,&quot;shutter_speed&quot;:&quot;0&quot;,&quot;title&quot;:&quot;&quot;,&quot;orientation&quot;:&quot;0&quot;}\" data-image-title=\"21 abogados89\" data-image-description=\"\" data-image-caption=\"\" data-large-file=\"https:\/\/www.hoymercedes.com.ar\/principal\/wp-content\/uploads\/2019\/06\/21-abogados89.jpeg\" src=\"https:\/\/www.hoymercedes.com.ar\/principal\/wp-content\/uploads\/2019\/06\/21-abogados89.jpeg\" alt=\"\" class=\"wp-image-95534\" srcset=\"https:\/\/www.hoymercedes.com.ar\/principal\/wp-content\/uploads\/2019\/06\/21-abogados89.jpeg 800w, https:\/\/www.hoymercedes.com.ar\/principal\/wp-content\/uploads\/2019\/06\/21-abogados89-150x110.jpeg 150w, https:\/\/www.hoymercedes.com.ar\/principal\/wp-content\/uploads\/2019\/06\/21-abogados89-630x464.jpeg 630w, https:\/\/www.hoymercedes.com.ar\/principal\/wp-content\/uploads\/2019\/06\/21-abogados89-100x75.jpeg 100w\" sizes=\"auto, (max-width: 800px) 100vw, 800px\" \/><\/figure>\n\n\n\n<p>A modo de adelanto,\nMehaudy cont\u00f3 que el espect\u00e1culo tiene dos partes. En una est\u00e1 solo contando la\nhistoria de la m\u00fasica sefard\u00ed con canciones cl\u00e1sicas del repertorio y en la\nsegunda, se suman m\u00fasicos mercedinos con qui\u00e9nes est\u00e1 preparando su quinto\ndisco. \u201cHabr\u00e1 un momento de sonidos m\u00e1s tradicionales, y otro con sonidos m\u00e1s\nmodernos, nuevos\u201d, resumi\u00f3. <\/p>\n\n\n\n<p>La m\u00fasica\nsefard\u00ed tiene su origen en la expulsi\u00f3n de los jud\u00edos de Espa\u00f1a luego de vivir\nm\u00e1s de 1400 a\u00f1os. En ese momento, los jud\u00edos expulsados van al Imperio Otomano,\npor un lado, y a Marruecos por el otro. \u201cAh\u00ed se desarrolla la m\u00fasica sefard\u00ed.\nUna parte de la cultura espa\u00f1ola, las lenguas romances, se fusiona con vocablos\nde cada uno de los pa\u00edses. Se genera un idioma que se llama Ladino,&nbsp; y a partir de ah\u00ed se incorporan ritmos de los\npa\u00edses donde est\u00e1n los jud\u00edos\u201d, cont\u00f3 Jorge. <\/p>\n\n\n\n<p>Con su\nabuelo paterno sefard\u00ed de Marruecos y su abuelo materno sefard\u00ed de Estambul,\nJorge Mehaudy concentra y armoniza las culturas de sus antepasados en la m\u00fasica\ny el espect\u00e1culo que presentar\u00e1 este jueves. \u201cEscuch\u00e9 los dos dialectos y las\ndos vertientes musicales. Lo que haremos es m\u00fasica de origen espa\u00f1ol, con el\nidioma ladino en sus dos variantes y con m\u00fasica asociada al flamenco y a la\nm\u00fasica \u00e1rabe\u201d, adelant\u00f3 Jorge. <\/p>\n\n\n\n<p>Acompa\u00f1ar\u00e1n\na Mehaudy, el percusionista Marcelo Giorgione con un octopad, la voz de Camila\nCastro y Franco Dicatarina en el teclado. <\/p>\n\n\n\n<p>El concierto\nse hace en el marco del 103\u00b0 Aniversario de la creaci\u00f3n del Colegio de Abogados\ndel Departamento Judicial Mercedes. Ser\u00e1 el jueves 27 de junio, 19:30 horas, en\nel Sal\u00f3n de Actos \u201cDr. Arturo Acu\u00f1a Anzorena\u201d (primer piso del edificio de 24 y\n29). Entrada libre y gratuita. <\/p>\n","protected":false},"excerpt":{"rendered":"<p>En un espacio \u00edntimo, acogedor, con buena ac\u00fastica, este jueves 27 habr\u00e1 m\u00fasica sefard\u00ed. A cargo del espect\u00e1culo estar\u00e1 Jorge &#8230; <a title=\"Jorge Mehaudy y Kanto Sefardi en Abogados\" class=\"read-more\" href=\"https:\/\/www.hoymercedes.com.ar\/principal\/2019\/06\/26\/jorge-mehaudy-y-kanto-sefardi-en-abogados\/\" aria-label=\"Leer m\u00e1s sobre Jorge Mehaudy y Kanto Sefardi en Abogados\">Leer m\u00e1s<\/a><\/p>\n","protected":false},"author":1,"featured_media":95534,"comment_status":"closed","ping_status":"open","sticky":false,"template":"","format":"standard","meta":{"_monsterinsights_skip_tracking":false,"_monsterinsights_sitenote_active":false,"_monsterinsights_sitenote_note":"","_monsterinsights_sitenote_category":0,"jetpack_post_was_ever_published":false,"_jetpack_newsletter_access":"","_jetpack_dont_email_post_to_subs":false,"_jetpack_newsletter_tier_id":0,"_jetpack_memberships_contains_paywalled_content":false,"_jetpack_memberships_contains_paid_content":false,"footnotes":"","jetpack_publicize_message":"","jetpack_publicize_feature_enabled":true,"jetpack_social_post_already_shared":true,"jetpack_social_options":{"image_generator_settings":{"template":"highway","default_image_id":0,"font":"","enabled":false},"version":2},"_wpas_customize_per_network":false},"categories":[104],"tags":[928,7805,13657,8539],"class_list":["post-95694","post","type-post","status-publish","format-standard","has-post-thumbnail","hentry","category-cultura","tag-colegio-de-abogados","tag-cultura","tag-jorge-mehaudy","tag-musica","generate-columns","tablet-grid-50","mobile-grid-100","grid-parent","grid-50"],"jetpack_publicize_connections":[],"jetpack_featured_media_url":"https:\/\/www.hoymercedes.com.ar\/principal\/wp-content\/uploads\/2019\/06\/21-abogados89.jpeg","wps_subtitle":"Entrada libre y gratuita","jetpack_sharing_enabled":true,"_links":{"self":[{"href":"https:\/\/www.hoymercedes.com.ar\/principal\/wp-json\/wp\/v2\/posts\/95694","targetHints":{"allow":["GET"]}}],"collection":[{"href":"https:\/\/www.hoymercedes.com.ar\/principal\/wp-json\/wp\/v2\/posts"}],"about":[{"href":"https:\/\/www.hoymercedes.com.ar\/principal\/wp-json\/wp\/v2\/types\/post"}],"author":[{"embeddable":true,"href":"https:\/\/www.hoymercedes.com.ar\/principal\/wp-json\/wp\/v2\/users\/1"}],"replies":[{"embeddable":true,"href":"https:\/\/www.hoymercedes.com.ar\/principal\/wp-json\/wp\/v2\/comments?post=95694"}],"version-history":[{"count":0,"href":"https:\/\/www.hoymercedes.com.ar\/principal\/wp-json\/wp\/v2\/posts\/95694\/revisions"}],"wp:featuredmedia":[{"embeddable":true,"href":"https:\/\/www.hoymercedes.com.ar\/principal\/wp-json\/wp\/v2\/media\/95534"}],"wp:attachment":[{"href":"https:\/\/www.hoymercedes.com.ar\/principal\/wp-json\/wp\/v2\/media?parent=95694"}],"wp:term":[{"taxonomy":"category","embeddable":true,"href":"https:\/\/www.hoymercedes.com.ar\/principal\/wp-json\/wp\/v2\/categories?post=95694"},{"taxonomy":"post_tag","embeddable":true,"href":"https:\/\/www.hoymercedes.com.ar\/principal\/wp-json\/wp\/v2\/tags?post=95694"}],"curies":[{"name":"wp","href":"https:\/\/api.w.org\/{rel}","templated":true}]}}