{"id":95704,"date":"2019-06-26T18:20:07","date_gmt":"2019-06-26T21:20:07","guid":{"rendered":"http:\/\/www.hoymercedes.com.ar\/principal\/?p=95704"},"modified":"2019-06-26T20:27:11","modified_gmt":"2019-06-26T23:27:11","slug":"corte-de-luz-programado-para-este-jueves-27","status":"publish","type":"post","link":"https:\/\/www.hoymercedes.com.ar\/principal\/2019\/06\/26\/corte-de-luz-programado-para-este-jueves-27\/","title":{"rendered":"Corte de luz programado para este jueves 27"},"content":{"rendered":"\n<p>EDEN inform\u00f3 que este jueves 27 de junio har\u00e1 un corte de energ\u00eda el\u00e9ctrica entre las 8:30 y las 15 horas en la zona comprendida por las calles 13 a 23, de 10 a 26. <\/p>\n\n\n\n<p>Conforme a su plan de inversiones en obras y mantenimiento para fortalecer el servicio, EDEN realizar\u00e1 trabajos en la red el\u00e9ctrica. Para poder realizar estas mejoras y como medida de seguridad, es necesario interrumpir el suministro de forma moment\u00e1nea mientras se trabaja en la red el\u00e9ctrica el d\u00eda jueves 27 de junio; de 8.30 a 15 horas en la zona comprendida por las calles 13 a 23, de 10 a 26.<\/p>\n\n\n\n<p>En caso de presentarse condiciones clim\u00e1ticas adversas, las actividades ser\u00e1n reprogramadas. <\/p>\n\n\n\n<p><\/p>\n","protected":false},"excerpt":{"rendered":"<p>EDEN inform\u00f3 que este jueves 27 de junio har\u00e1 un corte de energ\u00eda el\u00e9ctrica entre las 8:30 y las 15 &#8230; <a title=\"Corte de luz programado para este jueves 27\" class=\"read-more\" href=\"https:\/\/www.hoymercedes.com.ar\/principal\/2019\/06\/26\/corte-de-luz-programado-para-este-jueves-27\/\" aria-label=\"Leer m\u00e1s sobre Corte de luz programado para este jueves 27\">Leer m\u00e1s<\/a><\/p>\n","protected":false},"author":1,"featured_media":46617,"comment_status":"closed","ping_status":"open","sticky":false,"template":"","format":"standard","meta":{"_monsterinsights_skip_tracking":false,"_monsterinsights_sitenote_active":false,"_monsterinsights_sitenote_note":"","_monsterinsights_sitenote_category":0,"jetpack_post_was_ever_published":false,"_jetpack_newsletter_access":"","_jetpack_dont_email_post_to_subs":false,"_jetpack_newsletter_tier_id":0,"_jetpack_memberships_contains_paywalled_content":false,"_jetpack_memberships_contains_paid_content":false,"footnotes":"","jetpack_publicize_message":"","jetpack_publicize_feature_enabled":true,"jetpack_social_post_already_shared":true,"jetpack_social_options":{"image_generator_settings":{"template":"highway","default_image_id":0,"font":"","enabled":false},"version":2},"_wpas_customize_per_network":false},"categories":[8],"tags":[9107,1023,8808],"class_list":["post-95704","post","type-post","status-publish","format-standard","has-post-thumbnail","hentry","category-sociedad","tag-corte-programado","tag-eden","tag-energia-electrica","generate-columns","tablet-grid-50","mobile-grid-100","grid-parent","grid-50"],"jetpack_publicize_connections":[],"jetpack_featured_media_url":"https:\/\/www.hoymercedes.com.ar\/principal\/wp-content\/uploads\/2015\/12\/eden.jpg","wps_subtitle":"En horas de la ma\u00f1ana","jetpack_sharing_enabled":true,"_links":{"self":[{"href":"https:\/\/www.hoymercedes.com.ar\/principal\/wp-json\/wp\/v2\/posts\/95704","targetHints":{"allow":["GET"]}}],"collection":[{"href":"https:\/\/www.hoymercedes.com.ar\/principal\/wp-json\/wp\/v2\/posts"}],"about":[{"href":"https:\/\/www.hoymercedes.com.ar\/principal\/wp-json\/wp\/v2\/types\/post"}],"author":[{"embeddable":true,"href":"https:\/\/www.hoymercedes.com.ar\/principal\/wp-json\/wp\/v2\/users\/1"}],"replies":[{"embeddable":true,"href":"https:\/\/www.hoymercedes.com.ar\/principal\/wp-json\/wp\/v2\/comments?post=95704"}],"version-history":[{"count":0,"href":"https:\/\/www.hoymercedes.com.ar\/principal\/wp-json\/wp\/v2\/posts\/95704\/revisions"}],"wp:featuredmedia":[{"embeddable":true,"href":"https:\/\/www.hoymercedes.com.ar\/principal\/wp-json\/wp\/v2\/media\/46617"}],"wp:attachment":[{"href":"https:\/\/www.hoymercedes.com.ar\/principal\/wp-json\/wp\/v2\/media?parent=95704"}],"wp:term":[{"taxonomy":"category","embeddable":true,"href":"https:\/\/www.hoymercedes.com.ar\/principal\/wp-json\/wp\/v2\/categories?post=95704"},{"taxonomy":"post_tag","embeddable":true,"href":"https:\/\/www.hoymercedes.com.ar\/principal\/wp-json\/wp\/v2\/tags?post=95704"}],"curies":[{"name":"wp","href":"https:\/\/api.w.org\/{rel}","templated":true}]}}