{"id":95712,"date":"2019-06-26T20:38:44","date_gmt":"2019-06-26T23:38:44","guid":{"rendered":"http:\/\/www.hoymercedes.com.ar\/principal\/?p=95712"},"modified":"2019-06-26T20:24:07","modified_gmt":"2019-06-26T23:24:07","slug":"prevencion-policia-divisa-y-secuestra-moto-con-numeracion-adulterada","status":"publish","type":"post","link":"https:\/\/www.hoymercedes.com.ar\/principal\/2019\/06\/26\/prevencion-policia-divisa-y-secuestra-moto-con-numeracion-adulterada\/","title":{"rendered":"Prevenci\u00f3n: Polic\u00eda divisa y secuestra moto con numeraci\u00f3n adulterada"},"content":{"rendered":"\n<p>Personal de la Polic\u00eda Comunal, en sus habituales tareas de prevenci\u00f3n, detectan en calle 31 y 54 un masculino, que circulaba en una motocicleta cuya procedencia era incierta. Los dirigidos por el Comisario Inspector Sergio Macedo lograron determinar que el rodado ten\u00eda adulterado el n\u00famero de motor, algo fundamental para conocer su real titularidad. <\/p>\n\n\n\n<p>Se trata de un masculino de apellido Dematei que circulaba en una motocicleta Honda cuyo motor estaba adulterado. Los efectivos retuvieron el moto veh\u00edculo y dieron r\u00e1pida intervenci\u00f3n  a la justicia local, quedando una causa abierta por \u201cfalsificaci\u00f3n, alteraci\u00f3n o supresi\u00f3n de la numeraci\u00f3n de un objeto registrable\u201d, se supo. <\/p>\n\n\n\n<p>El comisario inspector Macedo felicit\u00f3 a los integrantes de la fuerza que, atentos, logran divisar y encontrar una anomal\u00eda de las que m\u00e1s frecuentemente son expresadas por la sociedad como problema.<\/p>\n\n\n\n<figure class=\"wp-block-image\"><img loading=\"lazy\" decoding=\"async\" width=\"750\" height=\"501\" data-attachment-id=\"95713\" data-permalink=\"https:\/\/www.hoymercedes.com.ar\/principal\/2019\/06\/26\/prevencion-policia-divisa-y-secuestra-moto-con-numeracion-adulterada\/27-moto-policial\/#main\" data-orig-file=\"https:\/\/www.hoymercedes.com.ar\/principal\/wp-content\/uploads\/2019\/06\/27-moto-policial.jpg\" data-orig-size=\"750,501\" data-comments-opened=\"0\" data-image-meta=\"{&quot;aperture&quot;:&quot;0&quot;,&quot;credit&quot;:&quot;&quot;,&quot;camera&quot;:&quot;&quot;,&quot;caption&quot;:&quot;&quot;,&quot;created_timestamp&quot;:&quot;0&quot;,&quot;copyright&quot;:&quot;&quot;,&quot;focal_length&quot;:&quot;0&quot;,&quot;iso&quot;:&quot;0&quot;,&quot;shutter_speed&quot;:&quot;0&quot;,&quot;title&quot;:&quot;&quot;,&quot;orientation&quot;:&quot;0&quot;}\" data-image-title=\"27 moto policial\" data-image-description=\"\" data-image-caption=\"\" data-large-file=\"https:\/\/www.hoymercedes.com.ar\/principal\/wp-content\/uploads\/2019\/06\/27-moto-policial.jpg\" src=\"https:\/\/www.hoymercedes.com.ar\/principal\/wp-content\/uploads\/2019\/06\/27-moto-policial.jpg\" alt=\"\" class=\"wp-image-95713\" srcset=\"https:\/\/www.hoymercedes.com.ar\/principal\/wp-content\/uploads\/2019\/06\/27-moto-policial.jpg 750w, https:\/\/www.hoymercedes.com.ar\/principal\/wp-content\/uploads\/2019\/06\/27-moto-policial-150x100.jpg 150w, https:\/\/www.hoymercedes.com.ar\/principal\/wp-content\/uploads\/2019\/06\/27-moto-policial-630x421.jpg 630w, https:\/\/www.hoymercedes.com.ar\/principal\/wp-content\/uploads\/2019\/06\/27-moto-policial-720x480.jpg 720w, https:\/\/www.hoymercedes.com.ar\/principal\/wp-content\/uploads\/2019\/06\/27-moto-policial-360x240.jpg 360w\" sizes=\"auto, (max-width: 750px) 100vw, 750px\" \/><\/figure>\n","protected":false},"excerpt":{"rendered":"<p>Personal de la Polic\u00eda Comunal, en sus habituales tareas de prevenci\u00f3n, detectan en calle 31 y 54 un masculino, que &#8230; <a title=\"Prevenci\u00f3n: Polic\u00eda divisa y secuestra moto con numeraci\u00f3n adulterada\" class=\"read-more\" href=\"https:\/\/www.hoymercedes.com.ar\/principal\/2019\/06\/26\/prevencion-policia-divisa-y-secuestra-moto-con-numeracion-adulterada\/\" aria-label=\"Leer m\u00e1s sobre Prevenci\u00f3n: Polic\u00eda divisa y secuestra moto con numeraci\u00f3n adulterada\">Leer m\u00e1s<\/a><\/p>\n","protected":false},"author":1,"featured_media":95713,"comment_status":"closed","ping_status":"open","sticky":false,"template":"","format":"standard","meta":{"_monsterinsights_skip_tracking":false,"_monsterinsights_sitenote_active":false,"_monsterinsights_sitenote_note":"","_monsterinsights_sitenote_category":0,"jetpack_post_was_ever_published":false,"_jetpack_newsletter_access":"","_jetpack_dont_email_post_to_subs":false,"_jetpack_newsletter_tier_id":0,"_jetpack_memberships_contains_paywalled_content":false,"_jetpack_memberships_contains_paid_content":false,"footnotes":"","jetpack_publicize_message":"","jetpack_publicize_feature_enabled":true,"jetpack_social_post_already_shared":true,"jetpack_social_options":{"image_generator_settings":{"template":"highway","default_image_id":0,"font":"","enabled":false},"version":2},"_wpas_customize_per_network":false},"categories":[85],"tags":[15389,96,12207],"class_list":["post-95712","post","type-post","status-publish","format-standard","has-post-thumbnail","hentry","category-policial","tag-adulteracion","tag-policial-2","tag-secuestro-de-motos","generate-columns","tablet-grid-50","mobile-grid-100","grid-parent","grid-50"],"jetpack_publicize_connections":[],"jetpack_featured_media_url":"https:\/\/www.hoymercedes.com.ar\/principal\/wp-content\/uploads\/2019\/06\/27-moto-policial.jpg","wps_subtitle":"","jetpack_sharing_enabled":true,"_links":{"self":[{"href":"https:\/\/www.hoymercedes.com.ar\/principal\/wp-json\/wp\/v2\/posts\/95712","targetHints":{"allow":["GET"]}}],"collection":[{"href":"https:\/\/www.hoymercedes.com.ar\/principal\/wp-json\/wp\/v2\/posts"}],"about":[{"href":"https:\/\/www.hoymercedes.com.ar\/principal\/wp-json\/wp\/v2\/types\/post"}],"author":[{"embeddable":true,"href":"https:\/\/www.hoymercedes.com.ar\/principal\/wp-json\/wp\/v2\/users\/1"}],"replies":[{"embeddable":true,"href":"https:\/\/www.hoymercedes.com.ar\/principal\/wp-json\/wp\/v2\/comments?post=95712"}],"version-history":[{"count":0,"href":"https:\/\/www.hoymercedes.com.ar\/principal\/wp-json\/wp\/v2\/posts\/95712\/revisions"}],"wp:featuredmedia":[{"embeddable":true,"href":"https:\/\/www.hoymercedes.com.ar\/principal\/wp-json\/wp\/v2\/media\/95713"}],"wp:attachment":[{"href":"https:\/\/www.hoymercedes.com.ar\/principal\/wp-json\/wp\/v2\/media?parent=95712"}],"wp:term":[{"taxonomy":"category","embeddable":true,"href":"https:\/\/www.hoymercedes.com.ar\/principal\/wp-json\/wp\/v2\/categories?post=95712"},{"taxonomy":"post_tag","embeddable":true,"href":"https:\/\/www.hoymercedes.com.ar\/principal\/wp-json\/wp\/v2\/tags?post=95712"}],"curies":[{"name":"wp","href":"https:\/\/api.w.org\/{rel}","templated":true}]}}