{"id":95721,"date":"2019-06-27T09:32:41","date_gmt":"2019-06-27T12:32:41","guid":{"rendered":"http:\/\/www.hoymercedes.com.ar\/principal\/?p=95721"},"modified":"2019-06-27T09:37:41","modified_gmt":"2019-06-27T12:37:41","slug":"cine-mercedes-sigue-toy-story-y-suma-a-annabelle","status":"publish","type":"post","link":"https:\/\/www.hoymercedes.com.ar\/principal\/2019\/06\/27\/cine-mercedes-sigue-toy-story-y-suma-a-annabelle\/","title":{"rendered":"Cine Mercedes sigue Toy Story y suma a Annabelle"},"content":{"rendered":"\n<p>Sin duda el \u00e9xito de Toy Story super\u00f3 las expectativas haciendo que cada funci\u00f3n de la semana de estreno se viesen acotadas las entradas del Cine Mercedes. Desde el jueves 27 de junio y hasta el martes 2 de julio, contin\u00faa la cuarta pel\u00edcula con las aventuras de Woody y Buzz en dos funciones (17:30 horas en 2D y a las 19:45 en 3D). Se suma en la cartelera local la pel\u00edcula de terror \u00abAnnabelle 3\u00bb en las funciones de las 22 y el s\u00e1bado trasnoche. <\/p>\n\n\n\n<figure class=\"wp-block-image\"><img loading=\"lazy\" decoding=\"async\" width=\"750\" height=\"312\" data-attachment-id=\"95722\" data-permalink=\"https:\/\/www.hoymercedes.com.ar\/principal\/2019\/06\/27\/cine-mercedes-sigue-toy-story-y-suma-a-annabelle\/27-cine-anabelle\/#main\" data-orig-file=\"https:\/\/www.hoymercedes.com.ar\/principal\/wp-content\/uploads\/2019\/06\/27-cine-anabelle.jpg\" data-orig-size=\"750,312\" data-comments-opened=\"0\" data-image-meta=\"{&quot;aperture&quot;:&quot;0&quot;,&quot;credit&quot;:&quot;&quot;,&quot;camera&quot;:&quot;&quot;,&quot;caption&quot;:&quot;&quot;,&quot;created_timestamp&quot;:&quot;0&quot;,&quot;copyright&quot;:&quot;&quot;,&quot;focal_length&quot;:&quot;0&quot;,&quot;iso&quot;:&quot;0&quot;,&quot;shutter_speed&quot;:&quot;0&quot;,&quot;title&quot;:&quot;&quot;,&quot;orientation&quot;:&quot;0&quot;}\" data-image-title=\"27 cine anabelle\" data-image-description=\"\" data-image-caption=\"\" data-large-file=\"https:\/\/www.hoymercedes.com.ar\/principal\/wp-content\/uploads\/2019\/06\/27-cine-anabelle.jpg\" src=\"https:\/\/www.hoymercedes.com.ar\/principal\/wp-content\/uploads\/2019\/06\/27-cine-anabelle.jpg\" alt=\"\" class=\"wp-image-95722\" srcset=\"https:\/\/www.hoymercedes.com.ar\/principal\/wp-content\/uploads\/2019\/06\/27-cine-anabelle.jpg 750w, https:\/\/www.hoymercedes.com.ar\/principal\/wp-content\/uploads\/2019\/06\/27-cine-anabelle-150x62.jpg 150w, https:\/\/www.hoymercedes.com.ar\/principal\/wp-content\/uploads\/2019\/06\/27-cine-anabelle-630x262.jpg 630w\" sizes=\"auto, (max-width: 750px) 100vw, 750px\" \/><\/figure>\n\n\n\n<p>\u00abToy Story 4\u00bb\u00a0(ATP). Del jueves 27 de junio al martes 2 de julio. Funciones: 17.30 hs. (2D &#8211; castellano) y 19.45 hs. (3D &#8211; castellano). Sinopsis: Regresan Woody, Buzz y todos los amigos&#8230;junto a un nuevo integrante: Forky, creado en el primer d\u00eda de jardin de la peque\u00f1a Bonnie. Esta manualidad convertida en juguete, se declara a s\u00ed mismo como \u201cbasura\u201d. Pero Woody intentar\u00e1 mostrarle por qu\u00e9 deber\u00eda aceptar llamarse juguete. Cuando Bonnie lleva a todo el grupo a su excursi\u00f3n familiar, Woody termina en un inesperado desv\u00edo que incluye un reencuentro con su vieja amiga perdida Bo Peep. Tras estar por su cuenta durante a\u00f1os, el esp\u00edritu aventurero de Bo se contradice con su delicado exterior de porcelana. Woody y Bo se dan cuenta de que se convirtieron en personas muy diferentes en lo que respecta a la vida como un juguete, pero pronto descubren que esa es la menor de sus preocupaciones. Direcci\u00f3n: Josh Cooley. G\u00e9nero: Infantil, Familiar, Aventuras, Animaci\u00f3n. Origen: Estados Unidos. Duraci\u00f3n: 89 minutos. Calificaci\u00f3n: Apta para todo p\u00fablico.<\/p>\n\n\n\n<p>\u00abAnnabelle 3\u00bb\u00a0(+13) Del jueves 27 de junio al martes 2 de julio. Funciones: 22.00 hs. (2D &#8211; castellano) y s\u00e1bado trasnoche 00.15 hs. (2D &#8211; subtitulada). Sinopsis: Tercera entrega de Annabelle. En esta oportunidad los famosos demon\u00f3logos Ed y Lorraine Warren deciden llevar a la diab\u00f3lica mu\u00f1eca a su cada y aislarla en una de las habitaciones destinada para tal fin en su hogar.\u00a0Cuando Judy, la hija de los Warren invita a sus amigas a dormir a casa, una de ellas decide no hacer caso a las reglas de la casa y entra en la habitaci\u00f3n despertando a Annabelle y los dem\u00e1s esp\u00edritus malignos que se encuentran en el cuarto. Direcci\u00f3n: Gary Dauberman. Elenco: Mackenna Grace, Vera Farmiga, Patrick Wilson. G\u00e9nero: Terror. Origen: Estados Unidos. Duraci\u00f3n: 106 minutos. Calificaci\u00f3n: apta para mayores de 13 a\u00f1os. <\/p>\n\n\n\n<p><\/p>\n","protected":false},"excerpt":{"rendered":"<p>Sin duda el \u00e9xito de Toy Story super\u00f3 las expectativas haciendo que cada funci\u00f3n de la semana de estreno se &#8230; <a title=\"Cine Mercedes sigue Toy Story y suma a Annabelle\" class=\"read-more\" href=\"https:\/\/www.hoymercedes.com.ar\/principal\/2019\/06\/27\/cine-mercedes-sigue-toy-story-y-suma-a-annabelle\/\" aria-label=\"Leer m\u00e1s sobre Cine Mercedes sigue Toy Story y suma a Annabelle\">Leer m\u00e1s<\/a><\/p>\n","protected":false},"author":1,"featured_media":95722,"comment_status":"closed","ping_status":"open","sticky":false,"template":"","format":"standard","meta":{"_monsterinsights_skip_tracking":false,"_monsterinsights_sitenote_active":false,"_monsterinsights_sitenote_note":"","_monsterinsights_sitenote_category":0,"jetpack_post_was_ever_published":false,"_jetpack_newsletter_access":"","_jetpack_dont_email_post_to_subs":false,"_jetpack_newsletter_tier_id":0,"_jetpack_memberships_contains_paywalled_content":false,"_jetpack_memberships_contains_paid_content":false,"footnotes":"","jetpack_publicize_message":"","jetpack_publicize_feature_enabled":true,"jetpack_social_post_already_shared":true,"jetpack_social_options":{"image_generator_settings":{"template":"highway","default_image_id":0,"font":"","enabled":false},"version":2},"_wpas_customize_per_network":false},"categories":[104],"tags":[8770,984,15394],"class_list":["post-95721","post","type-post","status-publish","format-standard","has-post-thumbnail","hentry","category-cultura","tag-cartelera","tag-cine-mercedes","tag-cultural-programacion","generate-columns","tablet-grid-50","mobile-grid-100","grid-parent","grid-50"],"jetpack_publicize_connections":[],"jetpack_featured_media_url":"https:\/\/www.hoymercedes.com.ar\/principal\/wp-content\/uploads\/2019\/06\/27-cine-anabelle.jpg","wps_subtitle":"Cartelera local","jetpack_sharing_enabled":true,"_links":{"self":[{"href":"https:\/\/www.hoymercedes.com.ar\/principal\/wp-json\/wp\/v2\/posts\/95721","targetHints":{"allow":["GET"]}}],"collection":[{"href":"https:\/\/www.hoymercedes.com.ar\/principal\/wp-json\/wp\/v2\/posts"}],"about":[{"href":"https:\/\/www.hoymercedes.com.ar\/principal\/wp-json\/wp\/v2\/types\/post"}],"author":[{"embeddable":true,"href":"https:\/\/www.hoymercedes.com.ar\/principal\/wp-json\/wp\/v2\/users\/1"}],"replies":[{"embeddable":true,"href":"https:\/\/www.hoymercedes.com.ar\/principal\/wp-json\/wp\/v2\/comments?post=95721"}],"version-history":[{"count":0,"href":"https:\/\/www.hoymercedes.com.ar\/principal\/wp-json\/wp\/v2\/posts\/95721\/revisions"}],"wp:featuredmedia":[{"embeddable":true,"href":"https:\/\/www.hoymercedes.com.ar\/principal\/wp-json\/wp\/v2\/media\/95722"}],"wp:attachment":[{"href":"https:\/\/www.hoymercedes.com.ar\/principal\/wp-json\/wp\/v2\/media?parent=95721"}],"wp:term":[{"taxonomy":"category","embeddable":true,"href":"https:\/\/www.hoymercedes.com.ar\/principal\/wp-json\/wp\/v2\/categories?post=95721"},{"taxonomy":"post_tag","embeddable":true,"href":"https:\/\/www.hoymercedes.com.ar\/principal\/wp-json\/wp\/v2\/tags?post=95721"}],"curies":[{"name":"wp","href":"https:\/\/api.w.org\/{rel}","templated":true}]}}