{"id":95724,"date":"2019-06-27T10:10:27","date_gmt":"2019-06-27T13:10:27","guid":{"rendered":"http:\/\/www.hoymercedes.com.ar\/principal\/?p=95724"},"modified":"2019-06-27T09:37:56","modified_gmt":"2019-06-27T12:37:56","slug":"detienen-a-masculino-acusado-de-exhibicionismo","status":"publish","type":"post","link":"https:\/\/www.hoymercedes.com.ar\/principal\/2019\/06\/27\/detienen-a-masculino-acusado-de-exhibicionismo\/","title":{"rendered":"Detienen a masculino acusado de exhibicionismo"},"content":{"rendered":"\n<p>En el marco del operativo \u201cCalles Seguras\u201d los integrantes de la Estaci\u00f3n Comunal Mercedes logran detener a un masculino acusado de realizar \u201cexhibiciones obscenas, atentado a la autoridad y amenazas simple\u201d r\u00e1pidamente fue puesto a disposici\u00f3n de la justicia.<\/p>\n\n\n\n<p>Los dirigidos por el Comisario Inspector Sergio Macedo tras recibir \u201corden de servicio\u201d logran en calle 25 y 26 detener a un masculino de apellido D\u00edaz quien ten\u00eda sobre su haber la mencionada acusaci\u00f3n. <\/p>\n\n\n\n<p>El sujeto, que en primera instancia se resisti\u00f3, finalmente fue puesto a disposici\u00f3n de la justicia, dando acci\u00f3n al Tribunal en lo Criminal N\u00b03.<\/p>\n\n\n\n<p>Fue trasladado a las dependencias oficiales y debe rendir ahora cuentas por sus infracciones e il\u00edcitos.<\/p>\n\n\n\n<p>El comisario Inspector Macedo aprovech\u00f3 la ocasi\u00f3n para felicitar al personal por el r\u00e1pido accionar que permiti\u00f3 no s\u00f3lo poner al mencionado a disposici\u00f3n de la justicia y rinda cuenta de sus hechos, sino tambi\u00e9n llevar tranquilidad a los vecinos, sin dejar de agradecer el constante trabajo que realizan cotidianamente con la justicia local y el apoyo recibido por parte del municipio.<\/p>\n\n\n\n<p>Fuente: Prensa Municipal<\/p>\n","protected":false},"excerpt":{"rendered":"<p>En el marco del operativo \u201cCalles Seguras\u201d los integrantes de la Estaci\u00f3n Comunal Mercedes logran detener a un masculino acusado &#8230; <a title=\"Detienen a masculino acusado de exhibicionismo\" class=\"read-more\" href=\"https:\/\/www.hoymercedes.com.ar\/principal\/2019\/06\/27\/detienen-a-masculino-acusado-de-exhibicionismo\/\" aria-label=\"Leer m\u00e1s sobre Detienen a masculino acusado de exhibicionismo\">Leer m\u00e1s<\/a><\/p>\n","protected":false},"author":1,"featured_media":77691,"comment_status":"closed","ping_status":"open","sticky":false,"template":"","format":"standard","meta":{"_monsterinsights_skip_tracking":false,"_monsterinsights_sitenote_active":false,"_monsterinsights_sitenote_note":"","_monsterinsights_sitenote_category":0,"jetpack_post_was_ever_published":false,"_jetpack_newsletter_access":"","_jetpack_dont_email_post_to_subs":false,"_jetpack_newsletter_tier_id":0,"_jetpack_memberships_contains_paywalled_content":false,"_jetpack_memberships_contains_paid_content":false,"footnotes":"","jetpack_publicize_message":"","jetpack_publicize_feature_enabled":true,"jetpack_social_post_already_shared":true,"jetpack_social_options":{"image_generator_settings":{"template":"highway","default_image_id":0,"font":"","enabled":false},"version":2},"_wpas_customize_per_network":false},"categories":[85],"tags":[10352,5766,96],"class_list":["post-95724","post","type-post","status-publish","format-standard","has-post-thumbnail","hentry","category-policial","tag-detencion","tag-policia-comunal","tag-policial-2","generate-columns","tablet-grid-50","mobile-grid-100","grid-parent","grid-50"],"jetpack_publicize_connections":[],"jetpack_featured_media_url":"https:\/\/www.hoymercedes.com.ar\/principal\/wp-content\/uploads\/2018\/06\/policia-operativo-2.jpg","wps_subtitle":"","jetpack_sharing_enabled":true,"_links":{"self":[{"href":"https:\/\/www.hoymercedes.com.ar\/principal\/wp-json\/wp\/v2\/posts\/95724","targetHints":{"allow":["GET"]}}],"collection":[{"href":"https:\/\/www.hoymercedes.com.ar\/principal\/wp-json\/wp\/v2\/posts"}],"about":[{"href":"https:\/\/www.hoymercedes.com.ar\/principal\/wp-json\/wp\/v2\/types\/post"}],"author":[{"embeddable":true,"href":"https:\/\/www.hoymercedes.com.ar\/principal\/wp-json\/wp\/v2\/users\/1"}],"replies":[{"embeddable":true,"href":"https:\/\/www.hoymercedes.com.ar\/principal\/wp-json\/wp\/v2\/comments?post=95724"}],"version-history":[{"count":0,"href":"https:\/\/www.hoymercedes.com.ar\/principal\/wp-json\/wp\/v2\/posts\/95724\/revisions"}],"wp:featuredmedia":[{"embeddable":true,"href":"https:\/\/www.hoymercedes.com.ar\/principal\/wp-json\/wp\/v2\/media\/77691"}],"wp:attachment":[{"href":"https:\/\/www.hoymercedes.com.ar\/principal\/wp-json\/wp\/v2\/media?parent=95724"}],"wp:term":[{"taxonomy":"category","embeddable":true,"href":"https:\/\/www.hoymercedes.com.ar\/principal\/wp-json\/wp\/v2\/categories?post=95724"},{"taxonomy":"post_tag","embeddable":true,"href":"https:\/\/www.hoymercedes.com.ar\/principal\/wp-json\/wp\/v2\/tags?post=95724"}],"curies":[{"name":"wp","href":"https:\/\/api.w.org\/{rel}","templated":true}]}}