{"id":95727,"date":"2019-06-27T11:00:10","date_gmt":"2019-06-27T14:00:10","guid":{"rendered":"http:\/\/www.hoymercedes.com.ar\/principal\/?p=95727"},"modified":"2019-06-27T18:06:07","modified_gmt":"2019-06-27T21:06:07","slug":"en-el-barrio-san-martin-termino-un-nuevo-curso-de-pre-parto","status":"publish","type":"post","link":"https:\/\/www.hoymercedes.com.ar\/principal\/2019\/06\/27\/en-el-barrio-san-martin-termino-un-nuevo-curso-de-pre-parto\/","title":{"rendered":"En el Barrio San Mart\u00edn termin\u00f3 un nuevo curso de Pre Parto"},"content":{"rendered":"\n<p>Se llev\u00f3 a cabo el cierre de un nuevo curso preparto y entrega de fulares y kits del Programa Primeros Mil D\u00edas en el EPI de barrio San Mart\u00edn. Los mismos contaron de 6 encuentros donde participaron 20 mam\u00e1s.<\/p>\n\n\n\n<figure class=\"wp-block-image\"><img loading=\"lazy\" decoding=\"async\" width=\"750\" height=\"563\" data-attachment-id=\"95728\" data-permalink=\"https:\/\/www.hoymercedes.com.ar\/principal\/2019\/06\/27\/en-el-barrio-san-martin-termino-un-nuevo-curso-de-pre-parto\/27-muni-curso-1000dias\/#main\" data-orig-file=\"https:\/\/www.hoymercedes.com.ar\/principal\/wp-content\/uploads\/2019\/06\/27-muni-curso-1000dias.jpeg\" data-orig-size=\"750,563\" data-comments-opened=\"0\" data-image-meta=\"{&quot;aperture&quot;:&quot;0&quot;,&quot;credit&quot;:&quot;&quot;,&quot;camera&quot;:&quot;&quot;,&quot;caption&quot;:&quot;&quot;,&quot;created_timestamp&quot;:&quot;0&quot;,&quot;copyright&quot;:&quot;&quot;,&quot;focal_length&quot;:&quot;0&quot;,&quot;iso&quot;:&quot;0&quot;,&quot;shutter_speed&quot;:&quot;0&quot;,&quot;title&quot;:&quot;&quot;,&quot;orientation&quot;:&quot;0&quot;}\" data-image-title=\"27 muni curso 1000dias\" data-image-description=\"\" data-image-caption=\"\" data-large-file=\"https:\/\/www.hoymercedes.com.ar\/principal\/wp-content\/uploads\/2019\/06\/27-muni-curso-1000dias.jpeg\" src=\"https:\/\/www.hoymercedes.com.ar\/principal\/wp-content\/uploads\/2019\/06\/27-muni-curso-1000dias.jpeg\" alt=\"\" class=\"wp-image-95728\" srcset=\"https:\/\/www.hoymercedes.com.ar\/principal\/wp-content\/uploads\/2019\/06\/27-muni-curso-1000dias.jpeg 750w, https:\/\/www.hoymercedes.com.ar\/principal\/wp-content\/uploads\/2019\/06\/27-muni-curso-1000dias-150x113.jpeg 150w, https:\/\/www.hoymercedes.com.ar\/principal\/wp-content\/uploads\/2019\/06\/27-muni-curso-1000dias-630x473.jpeg 630w, https:\/\/www.hoymercedes.com.ar\/principal\/wp-content\/uploads\/2019\/06\/27-muni-curso-1000dias-320x240.jpeg 320w, https:\/\/www.hoymercedes.com.ar\/principal\/wp-content\/uploads\/2019\/06\/27-muni-curso-1000dias-100x75.jpeg 100w\" sizes=\"auto, (max-width: 750px) 100vw, 750px\" \/><\/figure>\n\n\n\n<p>Los cursos de preparto y lactancia tienen una duraci\u00f3n de seis encuentros. El primero es de preparaci\u00f3n donde las coordinadoras conocen a las futuras mam\u00e1s, en el segundo se habla todo lo referido al parto, en el tercero es todo lo concerniente a la ces\u00e1rea \u2013 lo lleva adelante una obstetra \u2013 adem\u00e1s de charlas que tiene que ver con ejercicios, respiraci\u00f3n y relajaci\u00f3n. Luego se realiza un encuentro de lactancia para luego pasar a los cuidados del reci\u00e9n nacido.<\/p>\n\n\n\n<p>Quienes asistieron a los encuentros pudieron dialogar sobre la tem\u00e1tica de lactancia, quitarse dudas y obtener herramientas para el momento de la llegada de su hijo. Son cientos las que ya recibieron capacitaci\u00f3n desde que se inici\u00f3 el programa Primeros Mil D\u00edas. En diferentes encuentros cuentan con capacitaci\u00f3n, informaci\u00f3n y talleres para las familias en materia de nutrici\u00f3n y salud integral, adem\u00e1s de entregar un kit para los primeros d\u00edas de nacido el beb\u00e9.<\/p>\n\n\n\n<p>Vale recordar que el programa \u201cPrimeros Mil D\u00edas\u201d es una propuesta que lanz\u00f3 tiempo atr\u00e1s la Municipalidad de Mercedes que incluye el cuidado nutricional, socio ambiental, f\u00edsico, mental, educativo y formativo de las mam\u00e1s y futuras mam\u00e1s hasta los primeros mil d\u00edas del ni\u00f1o, combatiendo la mortalidad infantil y dando mayor calidad de vida integral. Del mismo participan diferentes \u00e1reas, especialmente Salud y Desarrollo Social.<\/p>\n\n\n\n<p>Es importante destacar que a su vez se est\u00e1n llevando adelante, de manera simult\u00e1nea, cursos pre- parto en la zona rural, barrio Trocha y Blandengues.<\/p>\n\n\n\n<p>Fuente: Prensa Municipal<\/p>\n","protected":false},"excerpt":{"rendered":"<p>Se llev\u00f3 a cabo el cierre de un nuevo curso preparto y entrega de fulares y kits del Programa Primeros &#8230; <a title=\"En el Barrio San Mart\u00edn termin\u00f3 un nuevo curso de Pre Parto\" class=\"read-more\" href=\"https:\/\/www.hoymercedes.com.ar\/principal\/2019\/06\/27\/en-el-barrio-san-martin-termino-un-nuevo-curso-de-pre-parto\/\" aria-label=\"Leer m\u00e1s sobre En el Barrio San Mart\u00edn termin\u00f3 un nuevo curso de Pre Parto\">Leer m\u00e1s<\/a><\/p>\n","protected":false},"author":1,"featured_media":95728,"comment_status":"closed","ping_status":"open","sticky":false,"template":"","format":"standard","meta":{"_monsterinsights_skip_tracking":false,"_monsterinsights_sitenote_active":false,"_monsterinsights_sitenote_note":"","_monsterinsights_sitenote_category":0,"jetpack_post_was_ever_published":false,"_jetpack_newsletter_access":"","_jetpack_dont_email_post_to_subs":false,"_jetpack_newsletter_tier_id":0,"_jetpack_memberships_contains_paywalled_content":false,"_jetpack_memberships_contains_paid_content":false,"footnotes":"","jetpack_publicize_message":"","jetpack_publicize_feature_enabled":true,"jetpack_social_post_already_shared":true,"jetpack_social_options":{"image_generator_settings":{"template":"highway","default_image_id":0,"font":"","enabled":false},"version":2},"_wpas_customize_per_network":false},"categories":[30],"tags":[244,15396,11368],"class_list":["post-95727","post","type-post","status-publish","format-standard","has-post-thumbnail","hentry","category-municipio","tag-municipio-2","tag-pre-parto","tag-programa-mil-dias","generate-columns","tablet-grid-50","mobile-grid-100","grid-parent","grid-50"],"jetpack_publicize_connections":[],"jetpack_featured_media_url":"https:\/\/www.hoymercedes.com.ar\/principal\/wp-content\/uploads\/2019\/06\/27-muni-curso-1000dias.jpeg","wps_subtitle":"","jetpack_sharing_enabled":true,"_links":{"self":[{"href":"https:\/\/www.hoymercedes.com.ar\/principal\/wp-json\/wp\/v2\/posts\/95727","targetHints":{"allow":["GET"]}}],"collection":[{"href":"https:\/\/www.hoymercedes.com.ar\/principal\/wp-json\/wp\/v2\/posts"}],"about":[{"href":"https:\/\/www.hoymercedes.com.ar\/principal\/wp-json\/wp\/v2\/types\/post"}],"author":[{"embeddable":true,"href":"https:\/\/www.hoymercedes.com.ar\/principal\/wp-json\/wp\/v2\/users\/1"}],"replies":[{"embeddable":true,"href":"https:\/\/www.hoymercedes.com.ar\/principal\/wp-json\/wp\/v2\/comments?post=95727"}],"version-history":[{"count":0,"href":"https:\/\/www.hoymercedes.com.ar\/principal\/wp-json\/wp\/v2\/posts\/95727\/revisions"}],"wp:featuredmedia":[{"embeddable":true,"href":"https:\/\/www.hoymercedes.com.ar\/principal\/wp-json\/wp\/v2\/media\/95728"}],"wp:attachment":[{"href":"https:\/\/www.hoymercedes.com.ar\/principal\/wp-json\/wp\/v2\/media?parent=95727"}],"wp:term":[{"taxonomy":"category","embeddable":true,"href":"https:\/\/www.hoymercedes.com.ar\/principal\/wp-json\/wp\/v2\/categories?post=95727"},{"taxonomy":"post_tag","embeddable":true,"href":"https:\/\/www.hoymercedes.com.ar\/principal\/wp-json\/wp\/v2\/tags?post=95727"}],"curies":[{"name":"wp","href":"https:\/\/api.w.org\/{rel}","templated":true}]}}