{"id":9573,"date":"2011-12-05T15:36:46","date_gmt":"2011-12-05T15:36:46","guid":{"rendered":"http:\/\/www.hoymercedes.com.ar\/principal\/?p=9573"},"modified":"2011-12-05T15:36:46","modified_gmt":"2011-12-05T15:36:46","slug":"encuentro-nacional-del-gen","status":"publish","type":"post","link":"https:\/\/www.hoymercedes.com.ar\/principal\/2011\/12\/05\/encuentro-nacional-del-gen\/","title":{"rendered":"Encuentro Nacional del GEN"},"content":{"rendered":"<p>El partido GEN (Generaci\u00f3n para el Encuentro Nacional), que integra el FAP (Frente Amplio Progresista) realiz\u00f3 en Mar del Plata su tradicional Encuentro Nacional de fin de a\u00f1o.<\/p>\n<p>Hechos los an\u00e1lisis, en cada distrito, de los resultados de la \u00faltima elecci\u00f3n, el GEN se reuni\u00f3 en la ciudad de Mar del Plata como lo viene haciendo en estos \u00faltimos a\u00f1os.<\/p>\n<p>En esta nota resumimos brevemente algunos de los temas tratados en el encuentro.<\/p>\n<p>Consolidaci\u00f3n del GEN como partido nacional, con representaci\u00f3n en 16 provincias. Se resolvi\u00f3 seguir en la construcci\u00f3n y consolidaci\u00f3n de nuestro partido reafirmando que somos un partido comprometido con nuestro pa\u00eds y con clara vocaci\u00f3n frentista. Sabemos de antemano que nuestro crecimiento es el crecimiento y la expansi\u00f3n del FAP.<\/p>\n<p>Todas y cada una de las fuerzas que hoy convergen en el FAP tienen en claro que este espacio se creo para que perdure en el tiempo y no solo para una elecci\u00f3n; se transformo desde el 23 de Octubre de 2011, en \u201cuna alternativa de gobierno a futuro\u201d. De ahora en m\u00e1s, vamos a llevar esta construcci\u00f3n a buen puerto dentro un marco institucional, consensuado y profundo.<\/p>\n<p>Todos tenemos sobre nuestras espaldas viejas y nuevas experiencias, de las que debemos nutrirnos, tanto de los aciertos como tambi\u00e9n de los errores; y actuar en consecuencia para subir otro escal\u00f3n en pos del crecimiento.<\/p>\n<p>\u201cNosotros proponemos un cambio Cultural, social y econ\u00f3mico y eso necesita de partidos pol\u00edticos bien constituidos y con dirigente que los honren\u201d<\/p>\n<p>Se vienen NUEVOS TIEMPOS, NUEVOS DESAF\u00cdOS, tal como lo pregonaba el nombre que se le dio a este \u00faltimo encuentro del a\u00f1o en la hermosa Mar del plata; por lo tanto, como pretendemos crecer tanto cualitativamente, como cuantitativamente es preciso significar hacia d\u00f3nde vamos y c\u00f3mo vamos. Somos, definidamente, la fuerza pol\u00edtica de centroizquierda.<\/p>\n<p>En vista de los resultados electorales, quedo claro, que el bipartidismo en la Argentina concluy\u00f3. Nosotros, estamos construyendo una alternativa de poder; y como alternativa consideramos importante contribuir con la ciudadan\u00eda desde el lugar que nos toca; acercando propuestas claramente progresistas, tanto en lo municipal, como en lo provincial y nacional; con fundamentos \u00e9ticos e igualitarios, donde todos los ciudadanos nos sintamos \u201cparte\u201d de las decisiones y no \u201cconvidados silenciosos\u201d. Pretendemos que el pueblo sea parte de las decisiones y; no convalidamos la improvisaci\u00f3n como hoy est\u00e1 ocurriendo; por esto pretendemos pol\u00edticas p\u00fablicas claras y no improvisadas.<\/p>\n<p>\u201cLas mejores oposiciones no son las que m\u00e1s declaman ni las que m\u00e1s gritan, sino las que tienen el mejor proyecto de reemplazo\u201d.<\/p>\n<p>Nos van a encontrar, defendiendo una mejor calidad de vida, una mejor calidad educacional y, la calidad y cantidad de trabajo; eliminando el empleo precario con disfraz de trabajo.<\/p>\n<p>Nos van a encontrar, defendiendo la letra de la Constituci\u00f3n, completa y no en partes, apoyando al ciudadano y al trabajador, como partes dinamizadoras de toda la econom\u00eda Nacional.<\/p>\n<p>El GEN en Mercedes es hoy es una parte del FAP y asume la responsabilidad de recrear la visi\u00f3n abarcativa del conjunto.<\/p>\n<p>GEN MERCEDES \u2013 FAP<\/p>\n","protected":false},"excerpt":{"rendered":"<p>El partido GEN (Generaci\u00f3n para el Encuentro Nacional), que integra el FAP (Frente Amplio Progresista) realiz\u00f3 en Mar del Plata &#8230; <a title=\"Encuentro Nacional del GEN\" class=\"read-more\" href=\"https:\/\/www.hoymercedes.com.ar\/principal\/2011\/12\/05\/encuentro-nacional-del-gen\/\" aria-label=\"Leer m\u00e1s sobre Encuentro Nacional del GEN\">Leer m\u00e1s<\/a><\/p>\n","protected":false},"author":1,"featured_media":0,"comment_status":"open","ping_status":"open","sticky":false,"template":"","format":"standard","meta":{"_monsterinsights_skip_tracking":false,"_monsterinsights_sitenote_active":false,"_monsterinsights_sitenote_note":"","_monsterinsights_sitenote_category":0,"jetpack_post_was_ever_published":false,"_jetpack_newsletter_access":"","_jetpack_dont_email_post_to_subs":false,"_jetpack_newsletter_tier_id":0,"_jetpack_memberships_contains_paywalled_content":false,"_jetpack_memberships_contains_paid_content":false,"footnotes":"","jetpack_publicize_message":"","jetpack_publicize_feature_enabled":true,"jetpack_social_post_already_shared":false,"jetpack_social_options":{"image_generator_settings":{"template":"highway","default_image_id":0,"font":"","enabled":false},"version":2},"_wpas_customize_per_network":false},"categories":[5],"tags":[1671],"class_list":["post-9573","post","type-post","status-publish","format-standard","hentry","category-politica","tag-encuentro-nacional-del-gen","generate-columns","tablet-grid-50","mobile-grid-100","grid-parent","grid-50"],"jetpack_publicize_connections":[],"jetpack_featured_media_url":"","wps_subtitle":"","jetpack_sharing_enabled":true,"_links":{"self":[{"href":"https:\/\/www.hoymercedes.com.ar\/principal\/wp-json\/wp\/v2\/posts\/9573","targetHints":{"allow":["GET"]}}],"collection":[{"href":"https:\/\/www.hoymercedes.com.ar\/principal\/wp-json\/wp\/v2\/posts"}],"about":[{"href":"https:\/\/www.hoymercedes.com.ar\/principal\/wp-json\/wp\/v2\/types\/post"}],"author":[{"embeddable":true,"href":"https:\/\/www.hoymercedes.com.ar\/principal\/wp-json\/wp\/v2\/users\/1"}],"replies":[{"embeddable":true,"href":"https:\/\/www.hoymercedes.com.ar\/principal\/wp-json\/wp\/v2\/comments?post=9573"}],"version-history":[{"count":0,"href":"https:\/\/www.hoymercedes.com.ar\/principal\/wp-json\/wp\/v2\/posts\/9573\/revisions"}],"wp:attachment":[{"href":"https:\/\/www.hoymercedes.com.ar\/principal\/wp-json\/wp\/v2\/media?parent=9573"}],"wp:term":[{"taxonomy":"category","embeddable":true,"href":"https:\/\/www.hoymercedes.com.ar\/principal\/wp-json\/wp\/v2\/categories?post=9573"},{"taxonomy":"post_tag","embeddable":true,"href":"https:\/\/www.hoymercedes.com.ar\/principal\/wp-json\/wp\/v2\/tags?post=9573"}],"curies":[{"name":"wp","href":"https:\/\/api.w.org\/{rel}","templated":true}]}}