{"id":95760,"date":"2019-06-27T22:00:15","date_gmt":"2019-06-28T01:00:15","guid":{"rendered":"http:\/\/www.hoymercedes.com.ar\/principal\/?p=95760"},"modified":"2019-06-28T10:28:13","modified_gmt":"2019-06-28T13:28:13","slug":"apuntes-de-la-rosca-politica-y-descripcion-de-panquequismo-explicito","status":"publish","type":"post","link":"https:\/\/www.hoymercedes.com.ar\/principal\/2019\/06\/27\/apuntes-de-la-rosca-politica-y-descripcion-de-panquequismo-explicito\/","title":{"rendered":"Apuntes de la rosca pol\u00edtica y descripci\u00f3n de panquequismo expl\u00edcito"},"content":{"rendered":"\n<p>Por Sergio Resqu\u00edn* &#8211; Hay una an\u00e9cdota muy difundida en la pol\u00edtica de los partidos patronales que en los cierres de listas, parece siempre repetirse. Un grupo de\u00a0 dirigentes de un distrito o de una corriente o agrupaci\u00f3n, esperan en un bar a\u00a0 su delegado o dirigente, acaso el m\u00e1s \u201cimportante\u00bb. La an\u00e9cdota termina\u00a0con la\u00a0 llegada de\u00a0ese\u00a0dirigente o delegado\u00a0que dice: \u00abnos cagaron a\u00a0todos, entro yo nada m\u00e1s\u201c .<\/p>\n\n\n\n<p>La an\u00e9cdota ilustra lo que fue moneda corriente entre los\u00a0 llamados partidos tradicionales, y sus posibles\u00a0aliados, pero tambi\u00e9n como lo territorial era decidido en las oficinas\u00a0centrales.<\/p>\n\n\n\n<p>Pero sin embargo en un momento esa transacci\u00f3n sin sustentos \u00e9ticos o pol\u00edticos\u00a0 se\u00a0 hizo obscena en tiempos en que un diputado reci\u00e9n electo por una fuerza se traslad\u00f3 con sus petates a el supuesto bando contrario a\u00a0poco de\u00a0 terminadas esas\u00a0 elecciones. Un caso que introdujo un neologismo \u201cborocotizaci\u00f3n\u00bb. Por supuesto que hubo muchos casos antes ,pero aun no hab\u00edamos inventado la palabra. Ni tampoco la exposici\u00f3n p\u00fablica del pase\u00a0 de\u00a0 Eduardo Lorenzo Borocoto\u00a0de\u00a0las\u00a0filas macristas al kirchnerismo. Pasaron ya varios a\u00f1os de aquello y si bien, aquel libro de pases\u00a0siempre abierto, que parece ser la pol\u00edtica argentina\u00a0movi\u00f3 a cierto esc\u00e1ndalo ,luego quedo en el olvido.Tal vez porque\u00a0 siempre hay un paso m\u00e1s que dar o porque casi todos\u00a0se empecinan en homenajear a\u00a0 Maquiavelo. Pragmatismo puro.<\/p>\n\n\n\n<p>Pero el cierre\u00a0 de alianzas\u00a0y confecci\u00f3n de\u00a0 listas\u00a0 actual, ha\u00a0sido uno de\u00a0 los\u00a0episodios de\u00a0 transfugueadas\u00a0de todos los colores. Obviamente resaltan\u00a0las\u00a0roscas de las\u00a0 cuales\u00a0surgieron las\u00a0 candidaturas presidenciales y sus vices. Candidatos que hasta\u00a0 minutos\u00a0 antes descalificaban al otro pasaron a\u00a0 ser parejas\u00a0 \u201cmodelos\u00bb. Casi la expresi\u00f3n \u00abPichetismo\u201d\u00a0 parece\u00a0 haberse comido a\u00a0 \u201cborocotizacion\u00bb. Y por\u00a0 supuesto que engloba al \u00abpase\u00bb del gallego Fern\u00e1ndez\u00a0de cr\u00edtico de cristina\u00a0 a ser el mascar\u00f3n de\u00a0 proa de\u00a0 una\u00a0 supuesta moderaci\u00f3n \u201cpara seducir a los mercados\u201c\u00a0 No est\u00e1 mal decir\u00a0 que\u00a0 macri se\u00a0 cristinizo y la se\u00f1ora\u00a0se macrizo.<\/p>\n\n\n\n<p>No hay duda\u00a0 que los\u00a0 escr\u00fapulos\u00a0para estos saltimbanquis de la pol\u00edtica\u00a0 son cada vez\u00a0 menos. Como si el hecho de\u00a0tener principios muy flexibles\u00a0y adaptables\u00a0 a\u00a0 cualquier situaci\u00f3n se\u00a0 hubiera\u00a0 naturalizado, de\u00a0tal forma que\u00a0tambi\u00e9n el asombro se ve reducido. Lo terrible es que este espect\u00e1culo decadente pude reforzar en muchos que la pol\u00edtica es eso.<\/p>\n\n\n\n<p>El panquequismo y la\u00a0rosca en\u00a0pago chico<\/p>\n\n\n\n<p>No nos\u00a0alcanzar\u00eda el espacio para enumerar, tranzas de\u00a0todo tipo. Algunas\u00a0 fueron m\u00e1s\u00a0conocidas que otras pero\u00a0 siempre dejaron heridos.<\/p>\n\n\n\n<p>En los 80 despu\u00e9s\u00a0de la dictadura, en Mercedes a pesar del triunfo de\u00a0Alfons\u00edn\u00a0 en Naci\u00f3n la\u00a0hegemon\u00eda era de\u00a0Julio Gioscio. En la 34 y 21 funcion\u00f3 aun desde antes\u00a0de la huida de\u00a0los militares, el ateneo Eva Per\u00f3n. Un lugar donde se hab\u00edan reagrupado los dirigentes de la JP y montoneros. De activo funcionamiento \u201cel ateneo\u00bb\u00a0sirvi\u00f3 para que muchos se nuclearan a pensar que era esto de la pol\u00edtica. Los activistas del\u00a0Eva Per\u00f3n se\u00a0 presentaron a internas y obviamente fueron derrotados por\u00a0el caudillo hist\u00f3rico .Pero, pasado un tiempo la famosa idea\u00a0 del \u201centrismo\u201d\u00a0 logro hacerse fuerte entre los ex JP: ir a rosquear con Don Julio. De esa\u00a0 rosca emergi\u00f3 una figura que por d\u00e9cadas sigui\u00f3 en el candelero local: Juan Carlos Ben\u00edtez. Este paso del Ateneo Eva Per\u00f3n\u00a0a\u00a0 ser\u00a0 el secretario privado del intendente\u00a0\u00a0 y Higinio Garc\u00eda Aloisio\u00a0se\u00a0 convirti\u00f3 en concejal.\u00a0 Ambos se entregaron r\u00e1pidamente al gioscismo. El \u201cnegro\u00bb luego de la\u00a0desaparici\u00f3n de\u00a0su padrino, salt\u00f3 de\u00a0 partido en partido, hasta podr\u00eda\u00a0 considerarse el fundador del PRO en Mercedes. Por supuesto el Ateneo\u00a0 \u201cEva Per\u00f3n\u00bb desapareci\u00f3. <\/p>\n\n\n\n<p>Una rosca inexplicable indigerible <\/p>\n\n\n\n<p>Por supuesto que la&nbsp; selecci\u00f3n de&nbsp;\nroscas de pago chico es&nbsp; arbitraria,\nseguramente varios quedaran fuera, pero a no desesperar podemos volver sobre\nellas&nbsp; en&nbsp;\nalg\u00fan otro momento.<\/p>\n\n\n\n<p>Una muy recordada es la negociaci\u00f3n de\u00a0 Wado con Zubeldia, el primero diputado nacional ya devenido en candidato a senador provincial y el otro\u00a0 desaparecido de la\u00a0 pol\u00edtica actual. Luego de\u00a0 la\u00a0 derrota de\u00a0 Juani contra\u00a0 un pr\u00e1cticamente \u201cmuerto pol\u00edtico\u00bb Carlos Am\u00e9rico Selva, ninguneado por Cristina, que consagr\u00f3 la\u00a0famosa intendencia\u00a0 paralela en 2011. Tras ese\u00a0 \u201cinexplicable\u00bb traspi\u00e9 La Campora local incorpora a\u00a0un saltimbanqui m\u00e1s: Mart\u00edn Zubeldia. Un sapo muy dif\u00edcil\u00a0 de\u00a0digerir\u00a0 por\u00a0 la\u00a0militancia\u00a0camporista hace 5 a\u00f1os atr\u00e1s. El propio Wado debi\u00f3 bajar para evitar una\u00a0 \u201crebeli\u00f3n en la granja\u00bb. Su poder\u00a0 de\u00a0 persuasi\u00f3n debi\u00f3 haber\u00a0sido por\u00a0 entonces importante, bueno era la l\u00ednea\u00a0 directa a Cristina y de\u00a0buena billetera. Pero Zubeldia solo pudo\u00a0aportar la figura de su esposa\u00a0 Patricia Prenitune, una ignota\u00a0pero al menos sin el descr\u00e9dito del doctor. Tal vez\u00a0 Wado quiso mostrar como ahora lo hace\u00a0 Macri y la viuda de N\u00e9stor que eran j\u00f3venes\u00a0m\u00e1s\u00a0abiertos. En el libro de\u00a0pases\u00a0 se\u00a0 equivoc\u00f3 feo. Y ni hablar de\u00a0 las\u00a0 fotos de\u00a0 Juan y c\u00eda con bur\u00f3cratas sindicales\u00a0 como Carlos\u00a0Zunino y Jorge Arturo Montaldo, de las\u00a0cuales tambi\u00e9n se\u00a0 arrepentir\u00edan, tiempo despu\u00e9s.<\/p>\n\n\n\n<p>El vecinalismo en su laberinto<\/p>\n\n\n\n<p>Si tuvi\u00e9ramos que\u00a0exponer la miserable\u00a0 experiencia\u00a0de\u00a0los\u00a0llamados\u00a0vecinalismos\u00a0 lo de\u00a0 Jos\u00e9\u00a0Cestari y su MIC, es lo m\u00e1s\u00a0 cercano en\u00a0el tiempo. Con un pasaje por la UCR, el ARI y la\u00a0Coalici\u00f3n C\u00edvica, Cestari convenci\u00f3 a varios de\u00a0que es\u00a0posible alambrar metaf\u00f3ricamente la\u00a0ciudad y\u00a0 abocarse\u00a0solo a la\u00a0soluci\u00f3n de\u00a0 los\u00a0 problemas\u00a0 de\u00a0 esta. Qued\u00f3 verificado emp\u00edricamente\u00a0que esto era una\u00a0zanahoria \u00a0absolutamente podrida, que dur\u00f3 un tiempo hasta\u00a0que implosion\u00f3 cuando trascendieron c\u00f3mo Jos\u00e9 negociaba con Juani y Badano con el PRO. El MIC se\u00a0 hizo pedazos en la lucha de muchos de sus integrantes por un carrerismo pol\u00edtico, que solo los entreg\u00f3 despu\u00e9s a\u00a0engrosar las listas, en\u00a0 su mayor\u00eda de Cambiemos en 2015. Pero lo peor algunos que creyeron en esa experiencia\u00a0 huyeron desencantados de toda participaci\u00f3n pol\u00edtica.<\/p>\n\n\n\n<p>El panquequismo de&nbsp; cara a&nbsp;\nlas pr\u00f3ximas.<\/p>\n\n\n\n<p>Es evidente\u00a0que la naturalizaci\u00f3n del panquequismo pol\u00edtico\u00a0 hace parecer como \u201cnormal\u00bb que los candidatos sean algo parecido a un jugador de\u00a0futbol. Hoy aqu\u00ed ma\u00f1ana all\u00e1.<\/p>\n\n\n\n<p>\u00bfSe\u00a0 hubieran imaginado tanto Juani y el resto de la Campora\u00a0que a\u00f1os despu\u00e9s de lanzar todo tipo de\u00a0 diatribas\u00a0 contra Selva ir\u00edan en la misma\u00a0 boleta? Seguramente no, pero el pragmatismo todo lo puede, y\u00a0 ah\u00ed est\u00e1n otra vez juntos. Tragarse este sapo ser\u00e1 para Juan un alivio, de\u00a0 todas formas. La debacle de Cambiemos\u00a0le allana el camino a su reelecci\u00f3n, y un Selva lejos del territorio, no deja de ser tranquilizador. Igual sabemos\u00a0que su est\u00f3mago es de\u00a0 acero. <\/p>\n\n\n\n<p>En eso hay coherencia provincial no solo Selva es otro sapo m\u00e1s, el hist\u00f3rico patotero\u00a0ex intendente de Merlo, Othacehe, viejo conocido por sus v\u00ednculos con la \u201cbrava\u201d de deportivo Merlo, que ha sido desde el 83\u00a0su brazo violento para amedrentar a cuanto opositor\u00a0 apareciera, o sospechoso de\u00a0 serlo.<\/p>\n\n\n\n<p>Del otro lado de la\u00a0 supuesta grieta lo mismo \u00bfqu\u00e9 cara pondr\u00e1n los radicales integrantes de\u00a0 \u201cel partido centenario\u00bb cuando visite Mercedes, Picheto\u00a0 su candidato\u00a0 a vicepresidente? El menemista, Duhaldista, kirchnerista devenido en operador de\u00a0 confianza\u00a0 de\u00a0 Macri, para comprar sellos como el de\u00a0 Assef.<\/p>\n\n\n\n<p>Si hilamos\u00a0 m\u00e1s\u00a0 fino seguramente encontraremos en las\u00a0 listas\u00a0 de\u00a0 las\u00a0 alianzas\u00a0 de partidos patronales\u00a0 m\u00e1s\u00a0 de\u00a0 un panqueque que se anima\u00a0 a enlodarse por\u00a0 razones\u00a0 m\u00e1s\u00a0 modestas\u00a0 que\u00a0 otros. Cuatro a\u00f1os de licencia para ir al Consejo Escolar o\u00a0 tan solo porque para algunos la decadencia de la partidocracia tradicional\u00a0 hace pensar que los principios son cosas de\u00a0 otro tiempo. Si ya lo dijo Marx: \u00absi no les\u00a0 gustan mis principios tengo\u00a0 otros\u201d. Ah, no Carlos, Groucho.<\/p>\n\n\n\n<p>*Sergio Resquin es Docente, cofundador de SUTEBA\nMercedes y ex candidato a intendente por el Partido Obrero.<\/p>\n","protected":false},"excerpt":{"rendered":"<p>Por Sergio Resqu\u00edn* &#8211; Hay una an\u00e9cdota muy difundida en la pol\u00edtica de los partidos patronales que en los cierres &#8230; <a title=\"Apuntes de la rosca pol\u00edtica y descripci\u00f3n de panquequismo expl\u00edcito\" class=\"read-more\" href=\"https:\/\/www.hoymercedes.com.ar\/principal\/2019\/06\/27\/apuntes-de-la-rosca-politica-y-descripcion-de-panquequismo-explicito\/\" aria-label=\"Leer m\u00e1s sobre Apuntes de la rosca pol\u00edtica y descripci\u00f3n de panquequismo expl\u00edcito\">Leer m\u00e1s<\/a><\/p>\n","protected":false},"author":1,"featured_media":0,"comment_status":"closed","ping_status":"open","sticky":false,"template":"","format":"standard","meta":{"_monsterinsights_skip_tracking":false,"_monsterinsights_sitenote_active":false,"_monsterinsights_sitenote_note":"","_monsterinsights_sitenote_category":0,"jetpack_post_was_ever_published":false,"_jetpack_newsletter_access":"","_jetpack_dont_email_post_to_subs":false,"_jetpack_newsletter_tier_id":0,"_jetpack_memberships_contains_paywalled_content":false,"_jetpack_memberships_contains_paid_content":false,"footnotes":"","jetpack_publicize_message":"","jetpack_publicize_feature_enabled":true,"jetpack_social_post_already_shared":true,"jetpack_social_options":{"image_generator_settings":{"template":"highway","default_image_id":0,"font":"","enabled":false},"version":2},"_wpas_customize_per_network":false},"categories":[1],"tags":[14403,8748,5319],"class_list":["post-95760","post","type-post","status-publish","format-standard","hentry","category-opinion","tag-elecciones-2019","tag-opinion","tag-politica-2","generate-columns","tablet-grid-50","mobile-grid-100","grid-parent","grid-50"],"jetpack_publicize_connections":[],"jetpack_featured_media_url":"","wps_subtitle":"El borocotizaci\u00f3n al palo","jetpack_sharing_enabled":true,"_links":{"self":[{"href":"https:\/\/www.hoymercedes.com.ar\/principal\/wp-json\/wp\/v2\/posts\/95760","targetHints":{"allow":["GET"]}}],"collection":[{"href":"https:\/\/www.hoymercedes.com.ar\/principal\/wp-json\/wp\/v2\/posts"}],"about":[{"href":"https:\/\/www.hoymercedes.com.ar\/principal\/wp-json\/wp\/v2\/types\/post"}],"author":[{"embeddable":true,"href":"https:\/\/www.hoymercedes.com.ar\/principal\/wp-json\/wp\/v2\/users\/1"}],"replies":[{"embeddable":true,"href":"https:\/\/www.hoymercedes.com.ar\/principal\/wp-json\/wp\/v2\/comments?post=95760"}],"version-history":[{"count":0,"href":"https:\/\/www.hoymercedes.com.ar\/principal\/wp-json\/wp\/v2\/posts\/95760\/revisions"}],"wp:attachment":[{"href":"https:\/\/www.hoymercedes.com.ar\/principal\/wp-json\/wp\/v2\/media?parent=95760"}],"wp:term":[{"taxonomy":"category","embeddable":true,"href":"https:\/\/www.hoymercedes.com.ar\/principal\/wp-json\/wp\/v2\/categories?post=95760"},{"taxonomy":"post_tag","embeddable":true,"href":"https:\/\/www.hoymercedes.com.ar\/principal\/wp-json\/wp\/v2\/tags?post=95760"}],"curies":[{"name":"wp","href":"https:\/\/api.w.org\/{rel}","templated":true}]}}