{"id":95763,"date":"2019-06-27T19:35:19","date_gmt":"2019-06-27T22:35:19","guid":{"rendered":"http:\/\/www.hoymercedes.com.ar\/principal\/?p=95763"},"modified":"2019-06-28T10:28:36","modified_gmt":"2019-06-28T13:28:36","slug":"homenaje-al-pulpero-cacho-a-diez-anos-de-su-fallecimiento","status":"publish","type":"post","link":"https:\/\/www.hoymercedes.com.ar\/principal\/2019\/06\/27\/homenaje-al-pulpero-cacho-a-diez-anos-de-su-fallecimiento\/","title":{"rendered":"Homenaje al Pulpero Cacho a diez a\u00f1os de su fallecimiento"},"content":{"rendered":"\n<p>El pasado mi\u00e9rcoles 26 de junio se conmemor\u00f3 un nuevo aniversario del fallecimiento de Roberto Di Catarina, \u00abCacho\u00bb, el de la Pulper\u00eda de Cacho, \u00abel \u00faltimo pulpero\u00bb. Su hermana y familia mantiene La Pulper\u00eda como moj\u00f3n de la tradici\u00f3n y homenajear\u00e1 a Cacho este s\u00e1bado con un espect\u00e1culo desde el mediod\u00eda en la misma Pulper\u00eda, Avenida 29 y R\u00edo Luj\u00e1n. <\/p>\n\n\n\n<figure class=\"wp-block-image\"><img loading=\"lazy\" decoding=\"async\" width=\"750\" height=\"500\" data-attachment-id=\"95764\" data-permalink=\"https:\/\/www.hoymercedes.com.ar\/principal\/2019\/06\/27\/homenaje-al-pulpero-cacho-a-diez-anos-de-su-fallecimiento\/27-pulperia-2\/#main\" data-orig-file=\"https:\/\/www.hoymercedes.com.ar\/principal\/wp-content\/uploads\/2019\/06\/27-pulperia-2.jpg\" data-orig-size=\"750,500\" data-comments-opened=\"0\" data-image-meta=\"{&quot;aperture&quot;:&quot;0&quot;,&quot;credit&quot;:&quot;&quot;,&quot;camera&quot;:&quot;&quot;,&quot;caption&quot;:&quot;&quot;,&quot;created_timestamp&quot;:&quot;0&quot;,&quot;copyright&quot;:&quot;&quot;,&quot;focal_length&quot;:&quot;0&quot;,&quot;iso&quot;:&quot;0&quot;,&quot;shutter_speed&quot;:&quot;0&quot;,&quot;title&quot;:&quot;&quot;,&quot;orientation&quot;:&quot;0&quot;}\" data-image-title=\"27 pulperia 2\" data-image-description=\"\" data-image-caption=\"\" data-large-file=\"https:\/\/www.hoymercedes.com.ar\/principal\/wp-content\/uploads\/2019\/06\/27-pulperia-2.jpg\" src=\"https:\/\/www.hoymercedes.com.ar\/principal\/wp-content\/uploads\/2019\/06\/27-pulperia-2.jpg\" alt=\"\" class=\"wp-image-95764\" srcset=\"https:\/\/www.hoymercedes.com.ar\/principal\/wp-content\/uploads\/2019\/06\/27-pulperia-2.jpg 750w, https:\/\/www.hoymercedes.com.ar\/principal\/wp-content\/uploads\/2019\/06\/27-pulperia-2-150x100.jpg 150w, https:\/\/www.hoymercedes.com.ar\/principal\/wp-content\/uploads\/2019\/06\/27-pulperia-2-630x420.jpg 630w, https:\/\/www.hoymercedes.com.ar\/principal\/wp-content\/uploads\/2019\/06\/27-pulperia-2-720x480.jpg 720w, https:\/\/www.hoymercedes.com.ar\/principal\/wp-content\/uploads\/2019\/06\/27-pulperia-2-360x240.jpg 360w\" sizes=\"auto, (max-width: 750px) 100vw, 750px\" \/><\/figure>\n\n\n\n<p>\u201cCacho\u201d le dio una impronta a la vieja Pulper\u00eda haci\u00e9ndola conocer\u00a0 no solo por los argentinos sino transponiendo las fronteras cuando entre los visitantes recib\u00eda a extranjeros y que el mismo se sorprend\u00eda. La Pulper\u00eda ha sido siempre un escenario propicio para las publicaciones, fotos, videos, cortometrajes que fueron mostrando por todo el mundo un pedazo de nuestras antiguas costumbres.<\/p>\n\n\n\n<p>El \u00a0Pulpero \u201cCacho\u201d recibiendo a los turistas y visitantes con la vestimenta del gaucho llamaba la atenci\u00f3n y la curiosidad mientras que al mismo tiempo\u00a0 describ\u00eda lo que era la figura de \u00e9pocas pasadas pero reflejando la necesidad de no perder nuestras ra\u00edces y or\u00edgenes. Todo acompa\u00f1ado por elementos de campos, mesas antiguas, herramientas de aquellos a\u00f1os mientras las guitarras y canto acompa\u00f1an la charla entre amigos.<\/p>\n\n\n\n<p>Hoy d\u00eda, a pesar de haber transcurrido diez a\u00f1os del fallecimiento Cacho sigue vigente en cada lugar, en cada rinc\u00f3n de la Pulper\u00eda porque se cumple su deseo de continuidad por parte de sus familiares que luchan para mantenerla en pie y fortalecida con las nuevas generaciones. Desde 1910 que la familia P\u00e9rez-Di Catarina tomaron el lugar hay \u00a0cinco generaciones porque ya se vislumbra la participaci\u00f3n de los m\u00e1s chicos tambi\u00e9n.<\/p>\n\n\n\n<p>Este s\u00e1bado 29 de junio, desde el mediod\u00eda, en la habitual apertura de la Pulper\u00eda habr\u00e1 un homenaje y recuerdo para Cacho como a \u00e9l le gustaba, con amigos, guitarreadas, cantos, bailes entre empanadas y los sabores de campo.  Actuar\u00e1n Huayra Norte, el Soco Larralde, Yacar\u00e9 Manso entre otros. <\/p>\n\n\n\n<figure class=\"wp-block-image\"><img loading=\"lazy\" decoding=\"async\" width=\"750\" height=\"750\" data-attachment-id=\"95765\" data-permalink=\"https:\/\/www.hoymercedes.com.ar\/principal\/2019\/06\/27\/homenaje-al-pulpero-cacho-a-diez-anos-de-su-fallecimiento\/27-pulperia-1\/#main\" data-orig-file=\"https:\/\/www.hoymercedes.com.ar\/principal\/wp-content\/uploads\/2019\/06\/27-pulperia-1.jpg\" data-orig-size=\"750,750\" data-comments-opened=\"0\" data-image-meta=\"{&quot;aperture&quot;:&quot;0&quot;,&quot;credit&quot;:&quot;&quot;,&quot;camera&quot;:&quot;&quot;,&quot;caption&quot;:&quot;&quot;,&quot;created_timestamp&quot;:&quot;0&quot;,&quot;copyright&quot;:&quot;&quot;,&quot;focal_length&quot;:&quot;0&quot;,&quot;iso&quot;:&quot;0&quot;,&quot;shutter_speed&quot;:&quot;0&quot;,&quot;title&quot;:&quot;&quot;,&quot;orientation&quot;:&quot;0&quot;}\" data-image-title=\"27 pulperia 1\" data-image-description=\"\" data-image-caption=\"\" data-large-file=\"https:\/\/www.hoymercedes.com.ar\/principal\/wp-content\/uploads\/2019\/06\/27-pulperia-1.jpg\" src=\"https:\/\/www.hoymercedes.com.ar\/principal\/wp-content\/uploads\/2019\/06\/27-pulperia-1.jpg\" alt=\"\" class=\"wp-image-95765\" srcset=\"https:\/\/www.hoymercedes.com.ar\/principal\/wp-content\/uploads\/2019\/06\/27-pulperia-1.jpg 750w, https:\/\/www.hoymercedes.com.ar\/principal\/wp-content\/uploads\/2019\/06\/27-pulperia-1-150x150.jpg 150w, https:\/\/www.hoymercedes.com.ar\/principal\/wp-content\/uploads\/2019\/06\/27-pulperia-1-620x620.jpg 620w, https:\/\/www.hoymercedes.com.ar\/principal\/wp-content\/uploads\/2019\/06\/27-pulperia-1-100x100.jpg 100w\" sizes=\"auto, (max-width: 750px) 100vw, 750px\" \/><\/figure>\n","protected":false},"excerpt":{"rendered":"<p>El pasado mi\u00e9rcoles 26 de junio se conmemor\u00f3 un nuevo aniversario del fallecimiento de Roberto Di Catarina, \u00abCacho\u00bb, el de &#8230; <a title=\"Homenaje al Pulpero Cacho a diez a\u00f1os de su fallecimiento\" class=\"read-more\" href=\"https:\/\/www.hoymercedes.com.ar\/principal\/2019\/06\/27\/homenaje-al-pulpero-cacho-a-diez-anos-de-su-fallecimiento\/\" aria-label=\"Leer m\u00e1s sobre Homenaje al Pulpero Cacho a diez a\u00f1os de su fallecimiento\">Leer m\u00e1s<\/a><\/p>\n","protected":false},"author":1,"featured_media":95764,"comment_status":"closed","ping_status":"open","sticky":false,"template":"","format":"standard","meta":{"_monsterinsights_skip_tracking":false,"_monsterinsights_sitenote_active":false,"_monsterinsights_sitenote_note":"","_monsterinsights_sitenote_category":0,"jetpack_post_was_ever_published":false,"_jetpack_newsletter_access":"","_jetpack_dont_email_post_to_subs":false,"_jetpack_newsletter_tier_id":0,"_jetpack_memberships_contains_paywalled_content":false,"_jetpack_memberships_contains_paid_content":false,"footnotes":"","jetpack_publicize_message":"","jetpack_publicize_feature_enabled":true,"jetpack_social_post_already_shared":true,"jetpack_social_options":{"image_generator_settings":{"template":"highway","default_image_id":0,"font":"","enabled":false},"version":2},"_wpas_customize_per_network":false},"categories":[104],"tags":[15401,7805,8834,14490],"class_list":["post-95763","post","type-post","status-publish","format-standard","has-post-thumbnail","hentry","category-cultura","tag-aniversario-de-fallecimiento-de-cacho","tag-cultura","tag-homenaje","tag-la-pulperia-de-cacho-dicatarina","generate-columns","tablet-grid-50","mobile-grid-100","grid-parent","grid-50"],"jetpack_publicize_connections":[],"jetpack_featured_media_url":"https:\/\/www.hoymercedes.com.ar\/principal\/wp-content\/uploads\/2019\/06\/27-pulperia-2.jpg","wps_subtitle":"S\u00e1bado de homenaje","jetpack_sharing_enabled":true,"_links":{"self":[{"href":"https:\/\/www.hoymercedes.com.ar\/principal\/wp-json\/wp\/v2\/posts\/95763","targetHints":{"allow":["GET"]}}],"collection":[{"href":"https:\/\/www.hoymercedes.com.ar\/principal\/wp-json\/wp\/v2\/posts"}],"about":[{"href":"https:\/\/www.hoymercedes.com.ar\/principal\/wp-json\/wp\/v2\/types\/post"}],"author":[{"embeddable":true,"href":"https:\/\/www.hoymercedes.com.ar\/principal\/wp-json\/wp\/v2\/users\/1"}],"replies":[{"embeddable":true,"href":"https:\/\/www.hoymercedes.com.ar\/principal\/wp-json\/wp\/v2\/comments?post=95763"}],"version-history":[{"count":0,"href":"https:\/\/www.hoymercedes.com.ar\/principal\/wp-json\/wp\/v2\/posts\/95763\/revisions"}],"wp:featuredmedia":[{"embeddable":true,"href":"https:\/\/www.hoymercedes.com.ar\/principal\/wp-json\/wp\/v2\/media\/95764"}],"wp:attachment":[{"href":"https:\/\/www.hoymercedes.com.ar\/principal\/wp-json\/wp\/v2\/media?parent=95763"}],"wp:term":[{"taxonomy":"category","embeddable":true,"href":"https:\/\/www.hoymercedes.com.ar\/principal\/wp-json\/wp\/v2\/categories?post=95763"},{"taxonomy":"post_tag","embeddable":true,"href":"https:\/\/www.hoymercedes.com.ar\/principal\/wp-json\/wp\/v2\/tags?post=95763"}],"curies":[{"name":"wp","href":"https:\/\/api.w.org\/{rel}","templated":true}]}}