{"id":95774,"date":"2019-06-28T08:21:24","date_gmt":"2019-06-28T11:21:24","guid":{"rendered":"http:\/\/www.hoymercedes.com.ar\/principal\/?p=95774"},"modified":"2019-06-28T10:27:55","modified_gmt":"2019-06-28T13:27:55","slug":"policia-comunal-detiene-a-dos-masculinos-en-gowland","status":"publish","type":"post","link":"https:\/\/www.hoymercedes.com.ar\/principal\/2019\/06\/28\/policia-comunal-detiene-a-dos-masculinos-en-gowland\/","title":{"rendered":"Polic\u00eda Comunal detiene a dos masculinos en Gowland"},"content":{"rendered":"\n<p>Personal del destacamento de Gowland llev\u00f3 adelante un operativo a ra\u00edz de una denuncia efectuada por un vecino quien da aviso a los dirigidos por el Comisario Inspector Sergio Macedo respecto a una sustracci\u00f3n que le efectuaron en su vivienda. <\/p>\n\n\n\n<figure class=\"wp-block-image\"><img loading=\"lazy\" decoding=\"async\" width=\"750\" height=\"501\" data-attachment-id=\"95776\" data-permalink=\"https:\/\/www.hoymercedes.com.ar\/principal\/2019\/06\/28\/policia-comunal-detiene-a-dos-masculinos-en-gowland\/28-policial-moto-2\/#main\" data-orig-file=\"https:\/\/www.hoymercedes.com.ar\/principal\/wp-content\/uploads\/2019\/06\/28-policial-moto-2.jpg\" data-orig-size=\"750,501\" data-comments-opened=\"0\" data-image-meta=\"{&quot;aperture&quot;:&quot;0&quot;,&quot;credit&quot;:&quot;&quot;,&quot;camera&quot;:&quot;&quot;,&quot;caption&quot;:&quot;&quot;,&quot;created_timestamp&quot;:&quot;0&quot;,&quot;copyright&quot;:&quot;&quot;,&quot;focal_length&quot;:&quot;0&quot;,&quot;iso&quot;:&quot;0&quot;,&quot;shutter_speed&quot;:&quot;0&quot;,&quot;title&quot;:&quot;&quot;,&quot;orientation&quot;:&quot;0&quot;}\" data-image-title=\"28 policial moto 2\" data-image-description=\"\" data-image-caption=\"\" data-large-file=\"https:\/\/www.hoymercedes.com.ar\/principal\/wp-content\/uploads\/2019\/06\/28-policial-moto-2.jpg\" src=\"https:\/\/www.hoymercedes.com.ar\/principal\/wp-content\/uploads\/2019\/06\/28-policial-moto-2.jpg\" alt=\"\" class=\"wp-image-95776\" srcset=\"https:\/\/www.hoymercedes.com.ar\/principal\/wp-content\/uploads\/2019\/06\/28-policial-moto-2.jpg 750w, https:\/\/www.hoymercedes.com.ar\/principal\/wp-content\/uploads\/2019\/06\/28-policial-moto-2-150x100.jpg 150w, https:\/\/www.hoymercedes.com.ar\/principal\/wp-content\/uploads\/2019\/06\/28-policial-moto-2-630x421.jpg 630w, https:\/\/www.hoymercedes.com.ar\/principal\/wp-content\/uploads\/2019\/06\/28-policial-moto-2-720x480.jpg 720w, https:\/\/www.hoymercedes.com.ar\/principal\/wp-content\/uploads\/2019\/06\/28-policial-moto-2-360x240.jpg 360w\" sizes=\"auto, (max-width: 750px) 100vw, 750px\" \/><\/figure>\n\n\n\n<p>Los miembros de la Polic\u00eda Comunal r\u00e1pidamente inician una pesquisa que finaliz\u00f3 en resultado positivo.<\/p>\n\n\n\n<p>El vecino, de apellido Paniagua, denunci\u00f3 que le sustrajeron una moto Yamaha Fz60. Las investigaciones realizadas permiten arribar al \u201cdato\u201d de que \u201cdos masculinos\u201d ten\u00edan una moto similar a la denunciada como faltante.<\/p>\n\n\n\n<p>Sospechando que los mismos en alg\u00fan momento iban a urilizar las salidas de la localidad, y en especial el acceso a la ruta para probar velocidad montan una sigilosa guardia que finalmente permite divisar el objetivo a la altura del km 93.200 de la ruta 5.<\/p>\n\n\n\n<p>Tras conseguir detenerlos efect\u00faan el protocolo correspondiente, interviniendo en el 911 y constatando efectivamente era el veh\u00edculo buscado. <\/p>\n\n\n\n<figure class=\"wp-block-image\"><img loading=\"lazy\" decoding=\"async\" width=\"750\" height=\"501\" data-attachment-id=\"95775\" data-permalink=\"https:\/\/www.hoymercedes.com.ar\/principal\/2019\/06\/28\/policia-comunal-detiene-a-dos-masculinos-en-gowland\/28-policial-moto-1\/#main\" data-orig-file=\"https:\/\/www.hoymercedes.com.ar\/principal\/wp-content\/uploads\/2019\/06\/28-policial-moto-1.jpg\" data-orig-size=\"750,501\" data-comments-opened=\"0\" data-image-meta=\"{&quot;aperture&quot;:&quot;0&quot;,&quot;credit&quot;:&quot;&quot;,&quot;camera&quot;:&quot;&quot;,&quot;caption&quot;:&quot;&quot;,&quot;created_timestamp&quot;:&quot;0&quot;,&quot;copyright&quot;:&quot;&quot;,&quot;focal_length&quot;:&quot;0&quot;,&quot;iso&quot;:&quot;0&quot;,&quot;shutter_speed&quot;:&quot;0&quot;,&quot;title&quot;:&quot;&quot;,&quot;orientation&quot;:&quot;0&quot;}\" data-image-title=\"28 policial moto 1\" data-image-description=\"\" data-image-caption=\"\" data-large-file=\"https:\/\/www.hoymercedes.com.ar\/principal\/wp-content\/uploads\/2019\/06\/28-policial-moto-1.jpg\" src=\"https:\/\/www.hoymercedes.com.ar\/principal\/wp-content\/uploads\/2019\/06\/28-policial-moto-1.jpg\" alt=\"\" class=\"wp-image-95775\" srcset=\"https:\/\/www.hoymercedes.com.ar\/principal\/wp-content\/uploads\/2019\/06\/28-policial-moto-1.jpg 750w, https:\/\/www.hoymercedes.com.ar\/principal\/wp-content\/uploads\/2019\/06\/28-policial-moto-1-150x100.jpg 150w, https:\/\/www.hoymercedes.com.ar\/principal\/wp-content\/uploads\/2019\/06\/28-policial-moto-1-630x421.jpg 630w, https:\/\/www.hoymercedes.com.ar\/principal\/wp-content\/uploads\/2019\/06\/28-policial-moto-1-720x480.jpg 720w, https:\/\/www.hoymercedes.com.ar\/principal\/wp-content\/uploads\/2019\/06\/28-policial-moto-1-360x240.jpg 360w\" sizes=\"auto, (max-width: 750px) 100vw, 750px\" \/><\/figure>\n\n\n\n<p>Adem\u00e1s, secuestran un tel\u00e9fono m\u00f3vil, a instancia de la justicia, para poder ser inspeccionado teniendo una fuerte sospecha que podr\u00edan hallarse pruebas otros il\u00edcitos. <\/p>\n\n\n\n<p>El comisario inspector Macedo aprovech\u00f3 el contacto con los medios para \u201cfelicitar a todo el personal por la prolija investigaci\u00f3n y detenci\u00f3n de los acusados\u201d remarcando \u201clo importante del trabajo constante con la justicia local, como as\u00ed tambi\u00e9n con el intendente\u201d a quien \u201cse agradece el apoyo brindado\u201d.<\/p>\n\n\n\n<p>Se supo que intervino en el hecho la  Unidad Funcional de Instrucci\u00f3n Nro. 4 a cargo del Dr. Lisandro Masson, del Dpto judicial Mercedes siendo la car\u00e1tula \u201crobo simple\u201d. Los dos detenidos, mayores de edad, est\u00e1n a disposici\u00f3n de la justicia.<\/p>\n\n\n\n<p>Fuente: Prensa Polic\u00eda Comunal<\/p>\n","protected":false},"excerpt":{"rendered":"<p>Personal del destacamento de Gowland llev\u00f3 adelante un operativo a ra\u00edz de una denuncia efectuada por un vecino quien da &#8230; <a title=\"Polic\u00eda Comunal detiene a dos masculinos en Gowland\" class=\"read-more\" href=\"https:\/\/www.hoymercedes.com.ar\/principal\/2019\/06\/28\/policia-comunal-detiene-a-dos-masculinos-en-gowland\/\" aria-label=\"Leer m\u00e1s sobre Polic\u00eda Comunal detiene a dos masculinos en Gowland\">Leer m\u00e1s<\/a><\/p>\n","protected":false},"author":1,"featured_media":95775,"comment_status":"closed","ping_status":"open","sticky":false,"template":"","format":"standard","meta":{"_monsterinsights_skip_tracking":false,"_monsterinsights_sitenote_active":false,"_monsterinsights_sitenote_note":"","_monsterinsights_sitenote_category":0,"jetpack_post_was_ever_published":false,"_jetpack_newsletter_access":"","_jetpack_dont_email_post_to_subs":false,"_jetpack_newsletter_tier_id":0,"_jetpack_memberships_contains_paywalled_content":false,"_jetpack_memberships_contains_paid_content":false,"footnotes":"","jetpack_publicize_message":"","jetpack_publicize_feature_enabled":true,"jetpack_social_post_already_shared":true,"jetpack_social_options":{"image_generator_settings":{"template":"highway","default_image_id":0,"font":"","enabled":false},"version":2},"_wpas_customize_per_network":false},"categories":[85],"tags":[10074,875,5766],"class_list":["post-95774","post","type-post","status-publish","format-standard","has-post-thumbnail","hentry","category-policial","tag-delegacion","tag-gowland","tag-policia-comunal","generate-columns","tablet-grid-50","mobile-grid-100","grid-parent","grid-50"],"jetpack_publicize_connections":[],"jetpack_featured_media_url":"https:\/\/www.hoymercedes.com.ar\/principal\/wp-content\/uploads\/2019\/06\/28-policial-moto-1.jpg","wps_subtitle":"","jetpack_sharing_enabled":true,"_links":{"self":[{"href":"https:\/\/www.hoymercedes.com.ar\/principal\/wp-json\/wp\/v2\/posts\/95774","targetHints":{"allow":["GET"]}}],"collection":[{"href":"https:\/\/www.hoymercedes.com.ar\/principal\/wp-json\/wp\/v2\/posts"}],"about":[{"href":"https:\/\/www.hoymercedes.com.ar\/principal\/wp-json\/wp\/v2\/types\/post"}],"author":[{"embeddable":true,"href":"https:\/\/www.hoymercedes.com.ar\/principal\/wp-json\/wp\/v2\/users\/1"}],"replies":[{"embeddable":true,"href":"https:\/\/www.hoymercedes.com.ar\/principal\/wp-json\/wp\/v2\/comments?post=95774"}],"version-history":[{"count":0,"href":"https:\/\/www.hoymercedes.com.ar\/principal\/wp-json\/wp\/v2\/posts\/95774\/revisions"}],"wp:featuredmedia":[{"embeddable":true,"href":"https:\/\/www.hoymercedes.com.ar\/principal\/wp-json\/wp\/v2\/media\/95775"}],"wp:attachment":[{"href":"https:\/\/www.hoymercedes.com.ar\/principal\/wp-json\/wp\/v2\/media?parent=95774"}],"wp:term":[{"taxonomy":"category","embeddable":true,"href":"https:\/\/www.hoymercedes.com.ar\/principal\/wp-json\/wp\/v2\/categories?post=95774"},{"taxonomy":"post_tag","embeddable":true,"href":"https:\/\/www.hoymercedes.com.ar\/principal\/wp-json\/wp\/v2\/tags?post=95774"}],"curies":[{"name":"wp","href":"https:\/\/api.w.org\/{rel}","templated":true}]}}