{"id":95795,"date":"2019-06-28T11:15:42","date_gmt":"2019-06-28T14:15:42","guid":{"rendered":"http:\/\/www.hoymercedes.com.ar\/principal\/?p=95795"},"modified":"2019-06-28T15:38:51","modified_gmt":"2019-06-28T18:38:51","slug":"a-50-anos-de-stonwell-un-reclamo-urgente-frente-a-un-genocidio-silencioso","status":"publish","type":"post","link":"https:\/\/www.hoymercedes.com.ar\/principal\/2019\/06\/28\/a-50-anos-de-stonwell-un-reclamo-urgente-frente-a-un-genocidio-silencioso\/","title":{"rendered":"A 50 a\u00f1os de Stonwell: un reclamo urgente frente a un genocidio silencioso"},"content":{"rendered":"\n<p>Por Maxi Irusta* &#8211; Este Viernes 28 se cumplen 50 a\u00f1os de la revuelta que gener\u00f3 un antes y un despu\u00e9s en el movimiento LGBT en el mundo: En el a\u00f1o 1969 luego de una constante persecuci\u00f3n hacia la comunidad se produjo el levantamiento de Stonewall, una rebeli\u00f3n encabezada por los sectores m\u00e1s golpeados; lxs trans y travestis en situaci\u00f3n de prostituci\u00f3n se alzaron en un enfrentamiento directo en las calles contra el Estado.<br>Pese a las conquistas legales arrancadas por el movimiento LGBT+ en Argentina, la realidad material del sector de la clase trabajadora de nuestra comunidad no ha variado mucho.<\/p>\n\n\n\n<p>Las personas travesti-trans sufren un genocidio silenciado (en nuestro pa\u00eds lxs compa\u00f1erxs tienen una expectativa de vida de 35 a\u00f1os) perpetrado por el mismo Estado que lxs contin\u00faa persiguiendo, marginando y criminalizando por no ajustarnos a la norma hetero-cis. Los c\u00f3digos contravencionales que contin\u00faan vigentes en la mayor\u00eda de las provincias, el protocolo LGBT de Bullrich, son algunas de las herramientas que utilizan las fuerzas represivas para perseguirnos, mientras lxs compa\u00f1erxs trans-travestis, \u00a0en su mayor\u00eda son marginadas de todas las instituciones desde muy temprana edad, encontrando como \u00fanica salida de subsistencia la prostituci\u00f3n.<\/p>\n\n\n\n<p>En Mercedes la muerte de Sof\u00eda Santill\u00e1n es un claro ejemplo sobre las condiciones en las que viven las personas trans, Sof\u00eda y sus compa\u00f1erxs eran rehenes de la polic\u00eda que liberaba la zona. D\u00edas despu\u00e9s que se encontrara el cuerpo de Sof\u00eda se comenzaron a difundir los abusos f\u00edsicos y simb\u00f3licos que lxs chicxs sufr\u00edan cotidianamente: desde detenciones arbitrarias y manoseos hasta tratos despectivos, llam\u00e1ndolas \u201cflaco\u201d o \u201cpibe\u201d.<\/p>\n\n\n\n<p>Por eso nuestra denuncia se basa en la responsabilidad del estado.<br>El gobierno municipal en el \u00faltimo mes se llen\u00f3 se charlas en cuestiones de g\u00e9nero pero no tuvo intenci\u00f3n alguna de avanzar con el proyecto Cupo Laboral Trans presentado por la Uni\u00f3n de juventudes por el socialismo y la Agrupaci\u00f3n 1969 del Partido obrero en el a\u00f1o 2016.<\/p>\n\n\n\n<p>Hace 1 a\u00f1o le arranc\u00e1bamos a la justicia una victoria, la condena al asesino de Diana Sacay\u00e1n a perpetua por\u00a0travesticidio (crimen de odio por identidad\u00a0 y violencia de g\u00e9nero), es clave mencionar el rol que tuvo el apoyo y la movilizaci\u00f3n popular en esta causa desde el primer d\u00eda. Este a\u00f1o nos encuentra luchando en las calles por la absoluci\u00f3n de Mariana G\u00f3mez (procesada por besar a su pareja) y otros casos de nuestra comunidad, como lo son el caso de Joe e Higui. <\/p>\n\n\n\n<p>Desde la agrupaci\u00f3n LGBTI 1969 entendemos que tenemos que retomar el camino de lucha contra este sistema, camino\u00a0 que nos marcaron lxs travestis y trans quienes encabezaron la revuelta de Stonewall. Nos oponemos a la perspectiva que nos pretende integrar a este sistema para continuar reproduciendo los roles de opresi\u00f3n que s\u00f3lo ser\u00e1n abolidos con una profunda re organizaci\u00f3n social. Tenemos que sumar, por lo tanto, nuestra lucha a la del conjunto de la clase trabajadora contra este ajuste de Macri y los gobernadores, es necesario luchar contra las reformas ajustadoras para poder reclamar por la inclusi\u00f3n laboral trans, as\u00ed como es necesario defender la salud y la educaci\u00f3n p\u00fablica por la implementaci\u00f3n del plan de salud trans y una real educaci\u00f3n sexual integral, cient\u00edfica, laica, con perspectiva de g\u00e9nero y que contemple las diversidades. Debemos organizarnos de manera independiente del Estado y de la Iglesia por todas nuestras reivindicaciones. Sumate a dar \u00e9sta pelea con nosotros. Este 28 de junio te invitamos a sumarte a la marcha de Congreso a Plaza de Mayo con la agrupaci\u00f3n LGBTI 1969.<\/p>\n\n\n\n<p>*Maxi Irusta. Pre-candidato a 2\u00b0 Consejero Escolar por el Partido Obrero FIT-Unidad<\/p>\n","protected":false},"excerpt":{"rendered":"<p>Por Maxi Irusta* &#8211; Este Viernes 28 se cumplen 50 a\u00f1os de la revuelta que gener\u00f3 un antes y un &#8230; <a title=\"A 50 a\u00f1os de Stonwell: un reclamo urgente frente a un genocidio silencioso\" class=\"read-more\" href=\"https:\/\/www.hoymercedes.com.ar\/principal\/2019\/06\/28\/a-50-anos-de-stonwell-un-reclamo-urgente-frente-a-un-genocidio-silencioso\/\" aria-label=\"Leer m\u00e1s sobre A 50 a\u00f1os de Stonwell: un reclamo urgente frente a un genocidio silencioso\">Leer m\u00e1s<\/a><\/p>\n","protected":false},"author":1,"featured_media":95796,"comment_status":"closed","ping_status":"open","sticky":false,"template":"","format":"standard","meta":{"_monsterinsights_skip_tracking":false,"_monsterinsights_sitenote_active":false,"_monsterinsights_sitenote_note":"","_monsterinsights_sitenote_category":0,"jetpack_post_was_ever_published":false,"_jetpack_newsletter_access":"","_jetpack_dont_email_post_to_subs":false,"_jetpack_newsletter_tier_id":0,"_jetpack_memberships_contains_paywalled_content":false,"_jetpack_memberships_contains_paid_content":false,"footnotes":"","jetpack_publicize_message":"","jetpack_publicize_feature_enabled":true,"jetpack_social_post_already_shared":true,"jetpack_social_options":{"image_generator_settings":{"template":"highway","default_image_id":0,"font":"","enabled":false},"version":2},"_wpas_customize_per_network":false},"categories":[5],"tags":[10435,8748,1045,5319,15404],"class_list":["post-95795","post","type-post","status-publish","format-standard","has-post-thumbnail","hentry","category-politica","tag-femicidio","tag-opinion","tag-partido-obrero","tag-politica-2","tag-transfobia","generate-columns","tablet-grid-50","mobile-grid-100","grid-parent","grid-50"],"jetpack_publicize_connections":[],"jetpack_featured_media_url":"https:\/\/www.hoymercedes.com.ar\/principal\/wp-content\/uploads\/2019\/06\/28-PO-opinion.jpeg","wps_subtitle":"Opini\u00f3n pol\u00edtica","jetpack_sharing_enabled":true,"_links":{"self":[{"href":"https:\/\/www.hoymercedes.com.ar\/principal\/wp-json\/wp\/v2\/posts\/95795","targetHints":{"allow":["GET"]}}],"collection":[{"href":"https:\/\/www.hoymercedes.com.ar\/principal\/wp-json\/wp\/v2\/posts"}],"about":[{"href":"https:\/\/www.hoymercedes.com.ar\/principal\/wp-json\/wp\/v2\/types\/post"}],"author":[{"embeddable":true,"href":"https:\/\/www.hoymercedes.com.ar\/principal\/wp-json\/wp\/v2\/users\/1"}],"replies":[{"embeddable":true,"href":"https:\/\/www.hoymercedes.com.ar\/principal\/wp-json\/wp\/v2\/comments?post=95795"}],"version-history":[{"count":0,"href":"https:\/\/www.hoymercedes.com.ar\/principal\/wp-json\/wp\/v2\/posts\/95795\/revisions"}],"wp:featuredmedia":[{"embeddable":true,"href":"https:\/\/www.hoymercedes.com.ar\/principal\/wp-json\/wp\/v2\/media\/95796"}],"wp:attachment":[{"href":"https:\/\/www.hoymercedes.com.ar\/principal\/wp-json\/wp\/v2\/media?parent=95795"}],"wp:term":[{"taxonomy":"category","embeddable":true,"href":"https:\/\/www.hoymercedes.com.ar\/principal\/wp-json\/wp\/v2\/categories?post=95795"},{"taxonomy":"post_tag","embeddable":true,"href":"https:\/\/www.hoymercedes.com.ar\/principal\/wp-json\/wp\/v2\/tags?post=95795"}],"curies":[{"name":"wp","href":"https:\/\/api.w.org\/{rel}","templated":true}]}}