{"id":95806,"date":"2019-06-28T13:32:09","date_gmt":"2019-06-28T16:32:09","guid":{"rendered":"http:\/\/www.hoymercedes.com.ar\/principal\/?p=95806"},"modified":"2019-06-28T15:38:05","modified_gmt":"2019-06-28T18:38:05","slug":"tres-artistas-plasticos-exponen-en-arquitectos","status":"publish","type":"post","link":"https:\/\/www.hoymercedes.com.ar\/principal\/2019\/06\/28\/tres-artistas-plasticos-exponen-en-arquitectos\/","title":{"rendered":"Tres artistas pl\u00e1sticos exponen en Arquitectos"},"content":{"rendered":"\n<p>En la noche del jueves, los artistas pl\u00e1sticos y docentes de la Escuela de Arte, Rosana Mart\u00ednez, Rolando Garc\u00eda y Adriana Lorenzo inauguraron la muestra de pintura conjunta en el Colegio de Arquitectos. Una exposici\u00f3n que le da continuidad a la que exposici\u00f3n que presentaron con otros docentes en el teatro municipal. <\/p>\n\n\n\n<figure class=\"wp-block-image\"><img loading=\"lazy\" decoding=\"async\" width=\"750\" height=\"500\" data-attachment-id=\"95809\" data-permalink=\"https:\/\/www.hoymercedes.com.ar\/principal\/2019\/06\/28\/tres-artistas-plasticos-exponen-en-arquitectos\/28-arquitectos-2-2\/#main\" data-orig-file=\"https:\/\/www.hoymercedes.com.ar\/principal\/wp-content\/uploads\/2019\/06\/28-arquitectos-2.jpg\" data-orig-size=\"750,500\" data-comments-opened=\"0\" data-image-meta=\"{&quot;aperture&quot;:&quot;0&quot;,&quot;credit&quot;:&quot;&quot;,&quot;camera&quot;:&quot;Lenovo A6020l37&quot;,&quot;caption&quot;:&quot;&quot;,&quot;created_timestamp&quot;:&quot;1561666858&quot;,&quot;copyright&quot;:&quot;&quot;,&quot;focal_length&quot;:&quot;3.68&quot;,&quot;iso&quot;:&quot;428&quot;,&quot;shutter_speed&quot;:&quot;0.058823529411765&quot;,&quot;title&quot;:&quot;&quot;,&quot;orientation&quot;:&quot;1&quot;}\" data-image-title=\"28 arquitectos 2\" data-image-description=\"\" data-image-caption=\"\" data-large-file=\"https:\/\/www.hoymercedes.com.ar\/principal\/wp-content\/uploads\/2019\/06\/28-arquitectos-2.jpg\" src=\"https:\/\/www.hoymercedes.com.ar\/principal\/wp-content\/uploads\/2019\/06\/28-arquitectos-2.jpg\" alt=\"\" class=\"wp-image-95809\" srcset=\"https:\/\/www.hoymercedes.com.ar\/principal\/wp-content\/uploads\/2019\/06\/28-arquitectos-2.jpg 750w, https:\/\/www.hoymercedes.com.ar\/principal\/wp-content\/uploads\/2019\/06\/28-arquitectos-2-150x100.jpg 150w, https:\/\/www.hoymercedes.com.ar\/principal\/wp-content\/uploads\/2019\/06\/28-arquitectos-2-630x420.jpg 630w, https:\/\/www.hoymercedes.com.ar\/principal\/wp-content\/uploads\/2019\/06\/28-arquitectos-2-720x480.jpg 720w, https:\/\/www.hoymercedes.com.ar\/principal\/wp-content\/uploads\/2019\/06\/28-arquitectos-2-360x240.jpg 360w\" sizes=\"auto, (max-width: 750px) 100vw, 750px\" \/><\/figure>\n\n\n\n<p>Con una sala casi colmada, el Coordinador del Ciclo, Arq. Sebasti\u00e1n Bocca , agradeci\u00f3 la presencia del p\u00fablico, en nombre tambi\u00e9n de la Mesa Directiva del Colegio y le cedi\u00f3 la palabra a los artistas pl\u00e1stico Rosana Martinez, Adriana Lorenzo y Rolando Garc\u00eda, que agradecieron a los presentes y al Colegio por la buena predisposici\u00f3n y acompa\u00f1amiento del arte.\u00a0 <\/p>\n\n\n\n<p>En su entorno, amigos y alumnos de la Escuela de Arte contemplaban distintas t\u00e9cnicas art\u00edsticas y las obras de los docentes que estar\u00e1n en exposici\u00f3n hasta el 10 de julio en el hall de la sede local del Colegio de Arquitectos Distrito 5. Se puede visitar de lunes a viernes de 8 a 13 y de 14 a 16 horas. <\/p>\n\n\n\n<figure class=\"wp-block-image\"><img loading=\"lazy\" decoding=\"async\" width=\"750\" height=\"500\" data-attachment-id=\"95810\" data-permalink=\"https:\/\/www.hoymercedes.com.ar\/principal\/2019\/06\/28\/tres-artistas-plasticos-exponen-en-arquitectos\/28-arquitectos-3\/#main\" data-orig-file=\"https:\/\/www.hoymercedes.com.ar\/principal\/wp-content\/uploads\/2019\/06\/28-arquitectos-3.jpg\" data-orig-size=\"750,500\" data-comments-opened=\"0\" data-image-meta=\"{&quot;aperture&quot;:&quot;0&quot;,&quot;credit&quot;:&quot;&quot;,&quot;camera&quot;:&quot;Lenovo A6020l37&quot;,&quot;caption&quot;:&quot;&quot;,&quot;created_timestamp&quot;:&quot;1561666933&quot;,&quot;copyright&quot;:&quot;&quot;,&quot;focal_length&quot;:&quot;3.68&quot;,&quot;iso&quot;:&quot;451&quot;,&quot;shutter_speed&quot;:&quot;0.071428571428571&quot;,&quot;title&quot;:&quot;&quot;,&quot;orientation&quot;:&quot;1&quot;}\" data-image-title=\"28 arquitectos 3\" data-image-description=\"\" data-image-caption=\"\" data-large-file=\"https:\/\/www.hoymercedes.com.ar\/principal\/wp-content\/uploads\/2019\/06\/28-arquitectos-3.jpg\" src=\"https:\/\/www.hoymercedes.com.ar\/principal\/wp-content\/uploads\/2019\/06\/28-arquitectos-3.jpg\" alt=\"\" class=\"wp-image-95810\" srcset=\"https:\/\/www.hoymercedes.com.ar\/principal\/wp-content\/uploads\/2019\/06\/28-arquitectos-3.jpg 750w, https:\/\/www.hoymercedes.com.ar\/principal\/wp-content\/uploads\/2019\/06\/28-arquitectos-3-150x100.jpg 150w, https:\/\/www.hoymercedes.com.ar\/principal\/wp-content\/uploads\/2019\/06\/28-arquitectos-3-630x420.jpg 630w, https:\/\/www.hoymercedes.com.ar\/principal\/wp-content\/uploads\/2019\/06\/28-arquitectos-3-720x480.jpg 720w, https:\/\/www.hoymercedes.com.ar\/principal\/wp-content\/uploads\/2019\/06\/28-arquitectos-3-360x240.jpg 360w\" sizes=\"auto, (max-width: 750px) 100vw, 750px\" \/><\/figure>\n","protected":false},"excerpt":{"rendered":"<p>En la noche del jueves, los artistas pl\u00e1sticos y docentes de la Escuela de Arte, Rosana Mart\u00ednez, Rolando Garc\u00eda y &#8230; <a title=\"Tres artistas pl\u00e1sticos exponen en Arquitectos\" class=\"read-more\" href=\"https:\/\/www.hoymercedes.com.ar\/principal\/2019\/06\/28\/tres-artistas-plasticos-exponen-en-arquitectos\/\" aria-label=\"Leer m\u00e1s sobre Tres artistas pl\u00e1sticos exponen en Arquitectos\">Leer m\u00e1s<\/a><\/p>\n","protected":false},"author":1,"featured_media":95808,"comment_status":"closed","ping_status":"open","sticky":false,"template":"","format":"standard","meta":{"_monsterinsights_skip_tracking":false,"_monsterinsights_sitenote_active":false,"_monsterinsights_sitenote_note":"","_monsterinsights_sitenote_category":0,"jetpack_post_was_ever_published":false,"_jetpack_newsletter_access":"","_jetpack_dont_email_post_to_subs":false,"_jetpack_newsletter_tier_id":0,"_jetpack_memberships_contains_paywalled_content":false,"_jetpack_memberships_contains_paid_content":false,"footnotes":"","jetpack_publicize_message":"","jetpack_publicize_feature_enabled":true,"jetpack_social_post_already_shared":true,"jetpack_social_options":{"image_generator_settings":{"template":"highway","default_image_id":0,"font":"","enabled":false},"version":2},"_wpas_customize_per_network":false},"categories":[104],"tags":[6816,7805,15402],"class_list":["post-95806","post","type-post","status-publish","format-standard","has-post-thumbnail","hentry","category-cultura","tag-colegio-de-arquitectos","tag-cultura","tag-muestra-de-artes-plasticos","generate-columns","tablet-grid-50","mobile-grid-100","grid-parent","grid-50"],"jetpack_publicize_connections":[],"jetpack_featured_media_url":"https:\/\/www.hoymercedes.com.ar\/principal\/wp-content\/uploads\/2019\/06\/28-arquitectos-1.jpg","wps_subtitle":"Inaugurada en la noche del jueves","jetpack_sharing_enabled":true,"_links":{"self":[{"href":"https:\/\/www.hoymercedes.com.ar\/principal\/wp-json\/wp\/v2\/posts\/95806","targetHints":{"allow":["GET"]}}],"collection":[{"href":"https:\/\/www.hoymercedes.com.ar\/principal\/wp-json\/wp\/v2\/posts"}],"about":[{"href":"https:\/\/www.hoymercedes.com.ar\/principal\/wp-json\/wp\/v2\/types\/post"}],"author":[{"embeddable":true,"href":"https:\/\/www.hoymercedes.com.ar\/principal\/wp-json\/wp\/v2\/users\/1"}],"replies":[{"embeddable":true,"href":"https:\/\/www.hoymercedes.com.ar\/principal\/wp-json\/wp\/v2\/comments?post=95806"}],"version-history":[{"count":0,"href":"https:\/\/www.hoymercedes.com.ar\/principal\/wp-json\/wp\/v2\/posts\/95806\/revisions"}],"wp:featuredmedia":[{"embeddable":true,"href":"https:\/\/www.hoymercedes.com.ar\/principal\/wp-json\/wp\/v2\/media\/95808"}],"wp:attachment":[{"href":"https:\/\/www.hoymercedes.com.ar\/principal\/wp-json\/wp\/v2\/media?parent=95806"}],"wp:term":[{"taxonomy":"category","embeddable":true,"href":"https:\/\/www.hoymercedes.com.ar\/principal\/wp-json\/wp\/v2\/categories?post=95806"},{"taxonomy":"post_tag","embeddable":true,"href":"https:\/\/www.hoymercedes.com.ar\/principal\/wp-json\/wp\/v2\/tags?post=95806"}],"curies":[{"name":"wp","href":"https:\/\/api.w.org\/{rel}","templated":true}]}}