{"id":95818,"date":"2019-06-28T16:15:21","date_gmt":"2019-06-28T19:15:21","guid":{"rendered":"http:\/\/www.hoymercedes.com.ar\/principal\/?p=95818"},"modified":"2019-06-28T16:20:39","modified_gmt":"2019-06-28T19:20:39","slug":"declaracion-del-partido-fe-mas-de-lo-mismo","status":"publish","type":"post","link":"https:\/\/www.hoymercedes.com.ar\/principal\/2019\/06\/28\/declaracion-del-partido-fe-mas-de-lo-mismo\/","title":{"rendered":"Declaraci\u00f3n del Partido FE: \u00abM\u00e1s de lo Mismo\u00bb"},"content":{"rendered":"\n<p>Este viernes al mediod\u00eda, el Partido FE que preside Jorge Pirotta y tiene entre sus integrantes a la concejal Sabrina Vi\u00f1ales envi\u00f3 una comunicaci\u00f3n a los medios de comunicaci\u00f3n. A continuaci\u00f3n, la copia: <\/p>\n\n\n\n<p>\u00abNuestro pa\u00eds enfrenta este a\u00f1o una disyuntiva similar a la de hace cuatro a\u00f1os: volver al pasado populista o darle la oportunidad al gobierno de continuar con la tarea iniciada con tanto esfuerzo. <\/p>\n\n\n\n<figure class=\"wp-block-image\"><img loading=\"lazy\" decoding=\"async\" width=\"750\" height=\"500\" data-attachment-id=\"94731\" data-permalink=\"https:\/\/www.hoymercedes.com.ar\/principal\/2019\/06\/08\/conforman-sindicato-de-conductores-de-taxis\/09-sabrina-vinales2\/#main\" data-orig-file=\"https:\/\/www.hoymercedes.com.ar\/principal\/wp-content\/uploads\/2019\/06\/09-sabrina-vi\u00f1ales2.jpg\" data-orig-size=\"750,500\" data-comments-opened=\"0\" data-image-meta=\"{&quot;aperture&quot;:&quot;2&quot;,&quot;credit&quot;:&quot;&quot;,&quot;camera&quot;:&quot;Moto G (5S) Plus&quot;,&quot;caption&quot;:&quot;&quot;,&quot;created_timestamp&quot;:&quot;1559819524&quot;,&quot;copyright&quot;:&quot;&quot;,&quot;focal_length&quot;:&quot;3.59&quot;,&quot;iso&quot;:&quot;859&quot;,&quot;shutter_speed&quot;:&quot;0.058823529411765&quot;,&quot;title&quot;:&quot;&quot;,&quot;orientation&quot;:&quot;1&quot;}\" data-image-title=\"09 sabrina vi\u00f1ales2\" data-image-description=\"\" data-image-caption=\"\" data-large-file=\"https:\/\/www.hoymercedes.com.ar\/principal\/wp-content\/uploads\/2019\/06\/09-sabrina-vi\u00f1ales2.jpg\" src=\"https:\/\/www.hoymercedes.com.ar\/principal\/wp-content\/uploads\/2019\/06\/09-sabrina-vi\u00f1ales2.jpg\" alt=\"\" class=\"wp-image-94731\" srcset=\"https:\/\/www.hoymercedes.com.ar\/principal\/wp-content\/uploads\/2019\/06\/09-sabrina-vi\u00f1ales2.jpg 750w, https:\/\/www.hoymercedes.com.ar\/principal\/wp-content\/uploads\/2019\/06\/09-sabrina-vi\u00f1ales2-150x100.jpg 150w, https:\/\/www.hoymercedes.com.ar\/principal\/wp-content\/uploads\/2019\/06\/09-sabrina-vi\u00f1ales2-630x420.jpg 630w, https:\/\/www.hoymercedes.com.ar\/principal\/wp-content\/uploads\/2019\/06\/09-sabrina-vi\u00f1ales2-720x480.jpg 720w, https:\/\/www.hoymercedes.com.ar\/principal\/wp-content\/uploads\/2019\/06\/09-sabrina-vi\u00f1ales2-360x240.jpg 360w\" sizes=\"auto, (max-width: 750px) 100vw, 750px\" \/><\/figure>\n\n\n\n<p>Nosotros no tenemos dudas: luego de recuperar nuestra\nsoberan\u00eda energ\u00e9tica, de iniciar y concluir obras de infraestructura\npostergadas por d\u00e9cadas, de insertarnos nuevamente en el mundo y de consolidar\nel respeto por el funcionamiento institucional, es indispensable reactivar el\nmercado interno y avanzar en la construcci\u00f3n de un pa\u00eds de trabajo y\nproducci\u00f3n. <\/p>\n\n\n\n<p>Por eso el Partido FE es uno de los cuatro partidos\npol\u00edticos firmantes de la coalici\u00f3n \u00abJuntos por el Cambio\u00bb en el\norden nacional y provincial. Hemos ratificado nuestra pertenencia a este\nespacio en distintos estamentos de nuestra organizaci\u00f3n partidaria, renovando\nnuestro compromiso y nuestro respaldo al Presidente Mauricio Macri y a nuestra\nquerida Gobernadora Mar\u00eda Eugenia Vidal. <\/p>\n\n\n\n<p>Pero hace unos d\u00edas atr\u00e1s anunciamos nuestra abstenci\u00f3n Pero\nhace unos d\u00edas atr\u00e1s anunciamos nuestra abstenci\u00f3n en la campa\u00f1a local de\nJuntos por el Cambio y nos llamamos a silencio hasta que se terminara con el\nproceso de presentaci\u00f3n oficial de los precandidatos. <\/p>\n\n\n\n<p>Pasado ese punto, consideramos necesario dirigirnos a\nnuestros afiliados y simpatizantes as\u00ed como al conjunto de la ciudadan\u00eda\nmercedina para dar nuestro parecer.<\/p>\n\n\n\n<p>No podemos ni debemos ocultar nuestra decepci\u00f3n por la forma\nen la que nuestro espacio resolvi\u00f3 su propuesta electoral en el plano local. <\/p>\n\n\n\n<p>Nadie puede negar que, desde que fundamos nuestro partido en\nMercedes en 2014 hasta el presente, hemos trabajado en funci\u00f3n del conjunto, en\nfunci\u00f3n del espacio que ayudamos a construir, m\u00e1s que en funci\u00f3n de nuestros\nintereses partidarios. <\/p>\n\n\n\n<p>Estamos convencidos que esa actitud fue la correcta, aunque\nlamentamos que no haya sido interpretada as\u00ed por nuestros socios pol\u00edticos.\nPrueba de ello es que nuestro partido no cuenta con ning\u00fan cargo ejecutivo, de\norden provincial o nacional, en el \u00e1mbito de nuestra ciudad. <\/p>\n\n\n\n<p>Fuimos el \u00fanico partido pol\u00edtico organizado que acompa\u00f1\u00f3 a\nLucas Fal y al radicalismo en 2015, a pesar de no haberse abierto la lista de\ncandidatos para llevar representantes nuestros, aunque fuera en lugares\nsimb\u00f3licos, como forma de mostrar sentido de frente ante nuestros vecinos. <\/p>\n\n\n\n<p>Fuimos nosotros, principalmente a trav\u00e9s de nuestro\ncompa\u00f1ero presidente, Jorge Pirotta, quienes m\u00e1s trabajamos para impulsar y\nconcretar la conformaci\u00f3n de los equipos t\u00e9cnicos del espacio durante todo\n2018. <\/p>\n\n\n\n<p>Desde el Concejo Deliberante, nuestra representante Sabrina\nVi\u00f1ales ha demostrado, a propios y extra\u00f1os, su profunda convicci\u00f3n\ndemocr\u00e1tica, su responsabilidad institucional y su sensibilidad social para\ndesempe\u00f1arse en la funci\u00f3n p\u00fablica. <\/p>\n\n\n\n<p>Seguramente hemos cometido errores, somos corresponsables de\ntodo lo acontecido por ser parte integrante del espacio. Pero hay quienes son\nm\u00e1s responsables, sobre todo por haber interpretado que ten\u00edan nuestro ciego\nrespaldo para que hicieran y deshicieran a su voluntad la lista de\nprecandidatos, cuando en realidad la nuestra fue simplemente una actitud de\nrespeto a la fuerza mayoritaria para aceptar la prioridad en elegir el\ncandidato a intendente. <\/p>\n\n\n\n<p>En ese sentido, pensamos que hubiese sido trascendente que\nquienes se auto consideraron no ser \u00abmoneda de cambio\u00bb se hubieran\nerigido en \u00abprenda de unidad\u00bb y colaborado para la formulaci\u00f3n de una\npropuesta electoral aut\u00e9nticamente representativa de todo el espacio y no s\u00f3lo\nde una parte. <\/p>\n\n\n\n<p>Tambi\u00e9n hubiese sido ejemplar y proactivo que quienes se\nrasgaban las vestiduras cuando alguien los se\u00f1al\u00f3 como autoritarios hubieran\ndemostrado con hechos, llamando a un plenario general del espacio, su\ncompromiso con el funcionamiento democr\u00e1tico de la coalici\u00f3n, a fin de poner a\nconsideraci\u00f3n de todos los interesados la conformaci\u00f3n de nuestra propuesta\nelectoral. <\/p>\n\n\n\n<p>El Partido FE se sum\u00f3 a este espacio a nivel nacional, provincial\ny municipal para llevar adelante una nueva forma de hacer pol\u00edtica, priorizando\nlos valores democr\u00e1ticos y republicanos por encima de las diferencias\npartidarias, priorizando el trabajo en equipo por encima de los egos\nindividualistas. <\/p>\n\n\n\n<p>Pero, lamentablemente, vemos que se siguen repitiendo\nerrores de la vieja pol\u00edtica, que en muchos casos es m\u00e1s de lo mismo y no\nnuevas modalidades de la participaci\u00f3n ciudadana. <\/p>\n\n\n\n<p>Apreciamos que todav\u00eda todos tenemos mucho que aprender, todav\u00eda hay que trabajar mucho, sobre todo con nuestros j\u00f3venes, para lograr los cambios en la forma de hacer pol\u00edtica por los que venimos luchando, por las mismas motivaciones por las que renunciamos a un Partido Justicialista vaciado de contenido y amordazado y fundamos un nuevo partido entendiendo que el Peronismo es FE y Convicci\u00f3n, dos ingredientes que marcan a fuego el camino que decidimos transitar y que no abandonaremos jam\u00e1s\u00bb. <\/p>\n","protected":false},"excerpt":{"rendered":"<p>Este viernes al mediod\u00eda, el Partido FE que preside Jorge Pirotta y tiene entre sus integrantes a la concejal Sabrina &#8230; <a title=\"Declaraci\u00f3n del Partido FE: \u00abM\u00e1s de lo Mismo\u00bb\" class=\"read-more\" href=\"https:\/\/www.hoymercedes.com.ar\/principal\/2019\/06\/28\/declaracion-del-partido-fe-mas-de-lo-mismo\/\" aria-label=\"Leer m\u00e1s sobre Declaraci\u00f3n del Partido FE: \u00abM\u00e1s de lo Mismo\u00bb\">Leer m\u00e1s<\/a><\/p>\n","protected":false},"author":1,"featured_media":94730,"comment_status":"closed","ping_status":"open","sticky":false,"template":"","format":"standard","meta":{"_monsterinsights_skip_tracking":false,"_monsterinsights_sitenote_active":false,"_monsterinsights_sitenote_note":"","_monsterinsights_sitenote_category":0,"jetpack_post_was_ever_published":false,"_jetpack_newsletter_access":"","_jetpack_dont_email_post_to_subs":false,"_jetpack_newsletter_tier_id":0,"_jetpack_memberships_contains_paywalled_content":false,"_jetpack_memberships_contains_paid_content":false,"footnotes":"","jetpack_publicize_message":"","jetpack_publicize_feature_enabled":true,"jetpack_social_post_already_shared":true,"jetpack_social_options":{"image_generator_settings":{"template":"highway","default_image_id":0,"font":"","enabled":false},"version":2},"_wpas_customize_per_network":false},"categories":[5],"tags":[10032,6497,5319],"class_list":["post-95818","post","type-post","status-publish","format-standard","has-post-thumbnail","hentry","category-politica","tag-declaracion","tag-partido-fe","tag-politica-2","generate-columns","tablet-grid-50","mobile-grid-100","grid-parent","grid-50"],"jetpack_publicize_connections":[],"jetpack_featured_media_url":"https:\/\/www.hoymercedes.com.ar\/principal\/wp-content\/uploads\/2019\/06\/09-sabrina-vi\u00f1ales.jpg","wps_subtitle":"Elecciones 2019","jetpack_sharing_enabled":true,"_links":{"self":[{"href":"https:\/\/www.hoymercedes.com.ar\/principal\/wp-json\/wp\/v2\/posts\/95818","targetHints":{"allow":["GET"]}}],"collection":[{"href":"https:\/\/www.hoymercedes.com.ar\/principal\/wp-json\/wp\/v2\/posts"}],"about":[{"href":"https:\/\/www.hoymercedes.com.ar\/principal\/wp-json\/wp\/v2\/types\/post"}],"author":[{"embeddable":true,"href":"https:\/\/www.hoymercedes.com.ar\/principal\/wp-json\/wp\/v2\/users\/1"}],"replies":[{"embeddable":true,"href":"https:\/\/www.hoymercedes.com.ar\/principal\/wp-json\/wp\/v2\/comments?post=95818"}],"version-history":[{"count":0,"href":"https:\/\/www.hoymercedes.com.ar\/principal\/wp-json\/wp\/v2\/posts\/95818\/revisions"}],"wp:featuredmedia":[{"embeddable":true,"href":"https:\/\/www.hoymercedes.com.ar\/principal\/wp-json\/wp\/v2\/media\/94730"}],"wp:attachment":[{"href":"https:\/\/www.hoymercedes.com.ar\/principal\/wp-json\/wp\/v2\/media?parent=95818"}],"wp:term":[{"taxonomy":"category","embeddable":true,"href":"https:\/\/www.hoymercedes.com.ar\/principal\/wp-json\/wp\/v2\/categories?post=95818"},{"taxonomy":"post_tag","embeddable":true,"href":"https:\/\/www.hoymercedes.com.ar\/principal\/wp-json\/wp\/v2\/tags?post=95818"}],"curies":[{"name":"wp","href":"https:\/\/api.w.org\/{rel}","templated":true}]}}