{"id":95825,"date":"2019-06-29T07:21:09","date_gmt":"2019-06-29T10:21:09","guid":{"rendered":"http:\/\/www.hoymercedes.com.ar\/principal\/?p=95825"},"modified":"2019-06-28T16:33:48","modified_gmt":"2019-06-28T19:33:48","slug":"la-justicia-ordeno-al-estado-suministrar-cannabis-medicinal","status":"publish","type":"post","link":"https:\/\/www.hoymercedes.com.ar\/principal\/2019\/06\/29\/la-justicia-ordeno-al-estado-suministrar-cannabis-medicinal\/","title":{"rendered":"La Justicia orden\u00f3 al Estado suministrar cannabis medicinal"},"content":{"rendered":"\n<p><em><strong>Se trata de un fallo de la C\u00e1mara Federal de La Plata en relaci\u00f3n al caso de una menor de 5 a\u00f1os con Trastorno de Espectro Autista (TEA).<\/strong><\/em><\/p>\n\n\n\n<figure class=\"wp-block-image\"><img loading=\"lazy\" decoding=\"async\" width=\"750\" height=\"500\" data-attachment-id=\"95826\" data-permalink=\"https:\/\/www.hoymercedes.com.ar\/principal\/2019\/06\/29\/la-justicia-ordeno-al-estado-suministrar-cannabis-medicinal\/29-aceite-cannabis\/#main\" data-orig-file=\"https:\/\/www.hoymercedes.com.ar\/principal\/wp-content\/uploads\/2019\/06\/29-aceite-cannabis.jpg\" data-orig-size=\"750,500\" data-comments-opened=\"0\" data-image-meta=\"{&quot;aperture&quot;:&quot;0&quot;,&quot;credit&quot;:&quot;&quot;,&quot;camera&quot;:&quot;&quot;,&quot;caption&quot;:&quot;&quot;,&quot;created_timestamp&quot;:&quot;0&quot;,&quot;copyright&quot;:&quot;&quot;,&quot;focal_length&quot;:&quot;0&quot;,&quot;iso&quot;:&quot;0&quot;,&quot;shutter_speed&quot;:&quot;0&quot;,&quot;title&quot;:&quot;&quot;,&quot;orientation&quot;:&quot;1&quot;}\" data-image-title=\"29 aceite cannabis\" data-image-description=\"\" data-image-caption=\"\" data-large-file=\"https:\/\/www.hoymercedes.com.ar\/principal\/wp-content\/uploads\/2019\/06\/29-aceite-cannabis.jpg\" src=\"https:\/\/www.hoymercedes.com.ar\/principal\/wp-content\/uploads\/2019\/06\/29-aceite-cannabis.jpg\" alt=\"\" class=\"wp-image-95826\" srcset=\"https:\/\/www.hoymercedes.com.ar\/principal\/wp-content\/uploads\/2019\/06\/29-aceite-cannabis.jpg 750w, https:\/\/www.hoymercedes.com.ar\/principal\/wp-content\/uploads\/2019\/06\/29-aceite-cannabis-150x100.jpg 150w, https:\/\/www.hoymercedes.com.ar\/principal\/wp-content\/uploads\/2019\/06\/29-aceite-cannabis-630x420.jpg 630w, https:\/\/www.hoymercedes.com.ar\/principal\/wp-content\/uploads\/2019\/06\/29-aceite-cannabis-720x480.jpg 720w, https:\/\/www.hoymercedes.com.ar\/principal\/wp-content\/uploads\/2019\/06\/29-aceite-cannabis-360x240.jpg 360w\" sizes=\"auto, (max-width: 750px) 100vw, 750px\" \/><\/figure>\n\n\n\n<p>Luego de un amparo presentado por el Defensor del Pueblo bonaerense, Guido Lorenzino, la Justicia orden\u00f3 que el Estado nacional suministre productos derivados del cannabis medicinal para una menor de 5 a\u00f1os con Trastorno de Espectro Autista (TEA).<\/p>\n\n\n\n<p>As\u00ed lo decidi\u00f3 la sala 3 de la C\u00e1mara Federal de La Plata, con las firmas de los jueces Antonio Pacilio y Carlos Alberto Vallefin, en un fallo que cuestion\u00f3 la negativa a este pedido hecha en primera instancia por el titular del Juzgado Federal N\u00b02 de La Plata, Adolfo Ziulu.<\/p>\n\n\n\n<p>Puntualmente, se le orden\u00f3 al Ministerio de Salud de la Naci\u00f3n que garantice la distribuci\u00f3n en forma gratuita de aceites, cremas y material vaporizable, todos productos derivados del cannabis, en cantidad suficiente para su rotaci\u00f3n permanente, y conforme se requiera o fuera prescripto para el tratamiento de la menor.<\/p>\n\n\n\n<p>\u201cEste fallo se apoya en nuestro pedido de respeto al derecho a la salud, al inter\u00e9s superior del ni\u00f1o, y a buscar un nivel \u00f3ptimo de independencia y de calidad de vida para las personas con discapacidad para lograr su integraci\u00f3n social. Es ni m\u00e1s ni menos que buscar una soluci\u00f3n a una familia que necesita respuestas cuanto antes\u201d, sostuvo Lorenzino.<br>Carolina, la menor con TEA, comenz\u00f3 con s\u00edntomas antes de cumplir un a\u00f1o. Luego del diagn\u00f3stico profesional de este trastorno, la familia conoci\u00f3 los beneficios que podr\u00eda traer un tratamiento complementario en base al cannabis medicinal. Al poco tiempo de iniciar esta terapia, los resultados fueron positivos, por lo que iniciaron los tr\u00e1mites para inscribirla al Registro Nacional de Pacientes en Tratamiento con Cannabis.<\/p>\n\n\n\n<p>Sin embargo, desde el Ministerio de Salud pusieron reparos al ingreso de Carolina a este listado, lo que impidi\u00f3, entre otros beneficios, la entrega sin costo de estos productos. Ante esta situaci\u00f3n, y tras la intervenci\u00f3n de la Defensor\u00eda, la C\u00e1mara exigi\u00f3 adem\u00e1s que se acelere el tr\u00e1mite y, hasta tanto, el Estado nacional suministre provisionalmente y de manera gratuita estos productos.<br><\/p>\n","protected":false},"excerpt":{"rendered":"<p>Se trata de un fallo de la C\u00e1mara Federal de La Plata en relaci\u00f3n al caso de una menor de &#8230; <a title=\"La Justicia orden\u00f3 al Estado suministrar cannabis medicinal\" class=\"read-more\" href=\"https:\/\/www.hoymercedes.com.ar\/principal\/2019\/06\/29\/la-justicia-ordeno-al-estado-suministrar-cannabis-medicinal\/\" aria-label=\"Leer m\u00e1s sobre La Justicia orden\u00f3 al Estado suministrar cannabis medicinal\">Leer m\u00e1s<\/a><\/p>\n","protected":false},"author":1,"featured_media":95826,"comment_status":"closed","ping_status":"open","sticky":false,"template":"","format":"standard","meta":{"_monsterinsights_skip_tracking":false,"_monsterinsights_sitenote_active":false,"_monsterinsights_sitenote_note":"","_monsterinsights_sitenote_category":0,"jetpack_post_was_ever_published":false,"_jetpack_newsletter_access":"","_jetpack_dont_email_post_to_subs":false,"_jetpack_newsletter_tier_id":0,"_jetpack_memberships_contains_paywalled_content":false,"_jetpack_memberships_contains_paid_content":false,"footnotes":"","jetpack_publicize_message":"","jetpack_publicize_feature_enabled":true,"jetpack_social_post_already_shared":true,"jetpack_social_options":{"image_generator_settings":{"template":"highway","default_image_id":0,"font":"","enabled":false},"version":2},"_wpas_customize_per_network":false},"categories":[8881],"tags":[15406,15405,325,1803,134],"class_list":["post-95825","post","type-post","status-publish","format-standard","has-post-thumbnail","hentry","category-provincia","tag-aceite-de-cannabis","tag-defensor-bonaerense","tag-justicia","tag-provincia","tag-salud","generate-columns","tablet-grid-50","mobile-grid-100","grid-parent","grid-50"],"jetpack_publicize_connections":[],"jetpack_featured_media_url":"https:\/\/www.hoymercedes.com.ar\/principal\/wp-content\/uploads\/2019\/06\/29-aceite-cannabis.jpg","wps_subtitle":"Por pedido de la Defensor\u00eda del Pueblo Bonaerense","jetpack_sharing_enabled":true,"_links":{"self":[{"href":"https:\/\/www.hoymercedes.com.ar\/principal\/wp-json\/wp\/v2\/posts\/95825","targetHints":{"allow":["GET"]}}],"collection":[{"href":"https:\/\/www.hoymercedes.com.ar\/principal\/wp-json\/wp\/v2\/posts"}],"about":[{"href":"https:\/\/www.hoymercedes.com.ar\/principal\/wp-json\/wp\/v2\/types\/post"}],"author":[{"embeddable":true,"href":"https:\/\/www.hoymercedes.com.ar\/principal\/wp-json\/wp\/v2\/users\/1"}],"replies":[{"embeddable":true,"href":"https:\/\/www.hoymercedes.com.ar\/principal\/wp-json\/wp\/v2\/comments?post=95825"}],"version-history":[{"count":0,"href":"https:\/\/www.hoymercedes.com.ar\/principal\/wp-json\/wp\/v2\/posts\/95825\/revisions"}],"wp:featuredmedia":[{"embeddable":true,"href":"https:\/\/www.hoymercedes.com.ar\/principal\/wp-json\/wp\/v2\/media\/95826"}],"wp:attachment":[{"href":"https:\/\/www.hoymercedes.com.ar\/principal\/wp-json\/wp\/v2\/media?parent=95825"}],"wp:term":[{"taxonomy":"category","embeddable":true,"href":"https:\/\/www.hoymercedes.com.ar\/principal\/wp-json\/wp\/v2\/categories?post=95825"},{"taxonomy":"post_tag","embeddable":true,"href":"https:\/\/www.hoymercedes.com.ar\/principal\/wp-json\/wp\/v2\/tags?post=95825"}],"curies":[{"name":"wp","href":"https:\/\/api.w.org\/{rel}","templated":true}]}}