{"id":95838,"date":"2019-06-28T17:35:09","date_gmt":"2019-06-28T20:35:09","guid":{"rendered":"http:\/\/www.hoymercedes.com.ar\/principal\/?p=95838"},"modified":"2019-06-28T17:45:55","modified_gmt":"2019-06-28T20:45:55","slug":"museo-miguez-charla-y-exposicion-de-camaras-fotograficas-antiguas","status":"publish","type":"post","link":"https:\/\/www.hoymercedes.com.ar\/principal\/2019\/06\/28\/museo-miguez-charla-y-exposicion-de-camaras-fotograficas-antiguas\/","title":{"rendered":"Museo M\u00edguez: charla y exposici\u00f3n de c\u00e1maras fotogr\u00e1ficas antiguas"},"content":{"rendered":"\n<p>Entre los a\u00f1os 1900 y 1980, en la Argentina se fabricaron innumerables modelos de c\u00e1maras fotogr\u00e1ficas. Unir las piezas del enigm\u00e1tico y controversial rompecabezas es el objetivo de la muestra y charla que habr\u00e1 en el Museo M\u00edguez el s\u00e1bado 29 de junio, 17 horas. Con entrada libre y gratuita.<\/p>\n\n\n\n<figure class=\"wp-block-image\"><img loading=\"lazy\" decoding=\"async\" width=\"750\" height=\"522\" data-attachment-id=\"95840\" data-permalink=\"https:\/\/www.hoymercedes.com.ar\/principal\/2019\/06\/28\/museo-miguez-charla-y-exposicion-de-camaras-fotograficas-antiguas\/28-camara-miguez\/#main\" data-orig-file=\"https:\/\/www.hoymercedes.com.ar\/principal\/wp-content\/uploads\/2019\/06\/28-camara-miguez.jpg\" data-orig-size=\"750,522\" data-comments-opened=\"0\" data-image-meta=\"{&quot;aperture&quot;:&quot;0&quot;,&quot;credit&quot;:&quot;&quot;,&quot;camera&quot;:&quot;&quot;,&quot;caption&quot;:&quot;&quot;,&quot;created_timestamp&quot;:&quot;0&quot;,&quot;copyright&quot;:&quot;&quot;,&quot;focal_length&quot;:&quot;0&quot;,&quot;iso&quot;:&quot;0&quot;,&quot;shutter_speed&quot;:&quot;0&quot;,&quot;title&quot;:&quot;&quot;,&quot;orientation&quot;:&quot;0&quot;}\" data-image-title=\"28 camara miguez\" data-image-description=\"\" data-image-caption=\"\" data-large-file=\"https:\/\/www.hoymercedes.com.ar\/principal\/wp-content\/uploads\/2019\/06\/28-camara-miguez.jpg\" src=\"https:\/\/www.hoymercedes.com.ar\/principal\/wp-content\/uploads\/2019\/06\/28-camara-miguez.jpg\" alt=\"\" class=\"wp-image-95840\" srcset=\"https:\/\/www.hoymercedes.com.ar\/principal\/wp-content\/uploads\/2019\/06\/28-camara-miguez.jpg 750w, https:\/\/www.hoymercedes.com.ar\/principal\/wp-content\/uploads\/2019\/06\/28-camara-miguez-150x104.jpg 150w, https:\/\/www.hoymercedes.com.ar\/principal\/wp-content\/uploads\/2019\/06\/28-camara-miguez-630x438.jpg 630w\" sizes=\"auto, (max-width: 750px) 100vw, 750px\" \/><\/figure>\n\n\n\n<p>\u00abEn esta charla podremos adentrarnos en la fascinante y poco conocida historia de la industria nacional de c\u00e1maras fotogr\u00e1ficas, cuya producci\u00f3n abarc\u00f3 cinco d\u00e9cadas y que marc\u00f3 una etapa importante en la fotograf\u00eda Argentina\u00bb, adelantan desde la organizaci\u00f3n del evento. <\/p>\n\n\n\n<p>\u00abTendremos la oportunidad de ver de cerca a estas bell\u00edsimas y tan singulares c\u00e1maras que ser\u00e1n el complemento necesario para enriquecer la informaci\u00f3n hist\u00f3rica y t\u00e9cnica de ellas\u00bb, agregan e invitan a la disertaci\u00f3n que dar\u00e1n Charlie Lorens y Adri\u00e1n Lagioia. <\/p>\n\n\n\n<p>Charlie Lorenz es fot\u00f3grafo, dibujante publicitario y docente. Adri\u00e1n Lagioia es fot\u00f3grafo, investigador y docente. Ambos dar\u00e1n la charla a partir de la hora 17 de este s\u00e1bado 29 de junio, en el Museo V\u00edctor M\u00edguez (calle 12 y 23) con entrada libre y gratuita.   <\/p>\n","protected":false},"excerpt":{"rendered":"<p>Entre los a\u00f1os 1900 y 1980, en la Argentina se fabricaron innumerables modelos de c\u00e1maras fotogr\u00e1ficas. Unir las piezas del &#8230; <a title=\"Museo M\u00edguez: charla y exposici\u00f3n de c\u00e1maras fotogr\u00e1ficas antiguas\" class=\"read-more\" href=\"https:\/\/www.hoymercedes.com.ar\/principal\/2019\/06\/28\/museo-miguez-charla-y-exposicion-de-camaras-fotograficas-antiguas\/\" aria-label=\"Leer m\u00e1s sobre Museo M\u00edguez: charla y exposici\u00f3n de c\u00e1maras fotogr\u00e1ficas antiguas\">Leer m\u00e1s<\/a><\/p>\n","protected":false},"author":1,"featured_media":95840,"comment_status":"closed","ping_status":"open","sticky":false,"template":"","format":"standard","meta":{"_monsterinsights_skip_tracking":false,"_monsterinsights_sitenote_active":false,"_monsterinsights_sitenote_note":"","_monsterinsights_sitenote_category":0,"jetpack_post_was_ever_published":false,"_jetpack_newsletter_access":"","_jetpack_dont_email_post_to_subs":false,"_jetpack_newsletter_tier_id":0,"_jetpack_memberships_contains_paywalled_content":false,"_jetpack_memberships_contains_paid_content":false,"footnotes":"","jetpack_publicize_message":"","jetpack_publicize_feature_enabled":true,"jetpack_social_post_already_shared":true,"jetpack_social_options":{"image_generator_settings":{"template":"highway","default_image_id":0,"font":"","enabled":false},"version":2},"_wpas_customize_per_network":false},"categories":[104],"tags":[7805,15407,3766],"class_list":["post-95838","post","type-post","status-publish","format-standard","has-post-thumbnail","hentry","category-cultura","tag-cultura","tag-muestra-camaras-fotograficas","tag-museo-miguez","generate-columns","tablet-grid-50","mobile-grid-100","grid-parent","grid-50"],"jetpack_publicize_connections":[],"jetpack_featured_media_url":"https:\/\/www.hoymercedes.com.ar\/principal\/wp-content\/uploads\/2019\/06\/28-camara-miguez.jpg","wps_subtitle":"S\u00e1bado 29, 17 horas.","jetpack_sharing_enabled":true,"_links":{"self":[{"href":"https:\/\/www.hoymercedes.com.ar\/principal\/wp-json\/wp\/v2\/posts\/95838","targetHints":{"allow":["GET"]}}],"collection":[{"href":"https:\/\/www.hoymercedes.com.ar\/principal\/wp-json\/wp\/v2\/posts"}],"about":[{"href":"https:\/\/www.hoymercedes.com.ar\/principal\/wp-json\/wp\/v2\/types\/post"}],"author":[{"embeddable":true,"href":"https:\/\/www.hoymercedes.com.ar\/principal\/wp-json\/wp\/v2\/users\/1"}],"replies":[{"embeddable":true,"href":"https:\/\/www.hoymercedes.com.ar\/principal\/wp-json\/wp\/v2\/comments?post=95838"}],"version-history":[{"count":0,"href":"https:\/\/www.hoymercedes.com.ar\/principal\/wp-json\/wp\/v2\/posts\/95838\/revisions"}],"wp:featuredmedia":[{"embeddable":true,"href":"https:\/\/www.hoymercedes.com.ar\/principal\/wp-json\/wp\/v2\/media\/95840"}],"wp:attachment":[{"href":"https:\/\/www.hoymercedes.com.ar\/principal\/wp-json\/wp\/v2\/media?parent=95838"}],"wp:term":[{"taxonomy":"category","embeddable":true,"href":"https:\/\/www.hoymercedes.com.ar\/principal\/wp-json\/wp\/v2\/categories?post=95838"},{"taxonomy":"post_tag","embeddable":true,"href":"https:\/\/www.hoymercedes.com.ar\/principal\/wp-json\/wp\/v2\/tags?post=95838"}],"curies":[{"name":"wp","href":"https:\/\/api.w.org\/{rel}","templated":true}]}}