{"id":95881,"date":"2019-06-29T09:55:48","date_gmt":"2019-06-29T12:55:48","guid":{"rendered":"http:\/\/www.hoymercedes.com.ar\/principal\/?p=95881"},"modified":"2019-06-29T12:51:50","modified_gmt":"2019-06-29T15:51:50","slug":"detuvieron-a-dos-hermanos-acusados-del-robo-en-zoo-lujan","status":"publish","type":"post","link":"https:\/\/www.hoymercedes.com.ar\/principal\/2019\/06\/29\/detuvieron-a-dos-hermanos-acusados-del-robo-en-zoo-lujan\/","title":{"rendered":"Detuvieron a dos hermanos acusados del robo en Zoo Luj\u00e1n"},"content":{"rendered":"\n<p>Las Departamental Mercedes intervino y colabor\u00f3 en el operativo realizado d\u00edas atr\u00e1s que termin\u00f3 con la detenci\u00f3n de dos hombres, hermanos ellos, acusados de robar en el Zoo Luj\u00e1n. <\/p>\n\n\n\n<figure class=\"wp-block-image\"><img loading=\"lazy\" decoding=\"async\" width=\"750\" height=\"498\" data-attachment-id=\"95884\" data-permalink=\"https:\/\/www.hoymercedes.com.ar\/principal\/2019\/06\/29\/detuvieron-a-dos-hermanos-acusados-del-robo-en-zoo-lujan\/29-policial-lujan-2\/#main\" data-orig-file=\"https:\/\/www.hoymercedes.com.ar\/principal\/wp-content\/uploads\/2019\/06\/29-policial-lujan-2.jpg\" data-orig-size=\"750,498\" data-comments-opened=\"0\" data-image-meta=\"{&quot;aperture&quot;:&quot;0&quot;,&quot;credit&quot;:&quot;&quot;,&quot;camera&quot;:&quot;&quot;,&quot;caption&quot;:&quot;&quot;,&quot;created_timestamp&quot;:&quot;0&quot;,&quot;copyright&quot;:&quot;&quot;,&quot;focal_length&quot;:&quot;0&quot;,&quot;iso&quot;:&quot;0&quot;,&quot;shutter_speed&quot;:&quot;0&quot;,&quot;title&quot;:&quot;&quot;,&quot;orientation&quot;:&quot;0&quot;}\" data-image-title=\"29 policial lujan 2\" data-image-description=\"\" data-image-caption=\"\" data-large-file=\"https:\/\/www.hoymercedes.com.ar\/principal\/wp-content\/uploads\/2019\/06\/29-policial-lujan-2.jpg\" src=\"https:\/\/www.hoymercedes.com.ar\/principal\/wp-content\/uploads\/2019\/06\/29-policial-lujan-2.jpg\" alt=\"\" class=\"wp-image-95884\" srcset=\"https:\/\/www.hoymercedes.com.ar\/principal\/wp-content\/uploads\/2019\/06\/29-policial-lujan-2.jpg 750w, https:\/\/www.hoymercedes.com.ar\/principal\/wp-content\/uploads\/2019\/06\/29-policial-lujan-2-150x100.jpg 150w, https:\/\/www.hoymercedes.com.ar\/principal\/wp-content\/uploads\/2019\/06\/29-policial-lujan-2-630x418.jpg 630w, https:\/\/www.hoymercedes.com.ar\/principal\/wp-content\/uploads\/2019\/06\/29-policial-lujan-2-360x240.jpg 360w\" sizes=\"auto, (max-width: 750px) 100vw, 750px\" \/><\/figure>\n\n\n\n<p>Los efectivos de Luj\u00e1n Primera, el Destacamento Pueblo Nuevo (Brahma) y el GAD Mercedes realizaron allanamientos en viviendas del barrio Navarrini, ubicado detr\u00e1s del Zool\u00f3gico de Luj\u00e1n. All\u00ed, detuvieron a dos hermanos y recuperaron parte de los elementos robados.<\/p>\n\n\n\n<p>Luego de un robo cometido en el Zool\u00f3gico de Luj\u00e1n a mediados de este mes, la Polic\u00eda inici\u00f3 una serie de investigaciones que los llevaron hasta el barrio Navarrini. All\u00ed detuvieron a dos de las tres personas que est\u00e1n sospechadas de haber cometido el il\u00edcito. <\/p>\n\n\n\n<p>En los allanamientos se recuper\u00f3 parte de las mercader\u00edas robadas, como tambi\u00e9n se secuestraron dos cuchillos. La causa fue caratulada \u201crobo agravado en poblado y banda\u201d y los hermanos detenidos, de apellido Ponce,  fueron encarcelados en un calabozo de la Comisar\u00eda Luj\u00e1n Primera.<\/p>\n\n\n\n<figure class=\"wp-block-image\"><img loading=\"lazy\" decoding=\"async\" width=\"750\" height=\"422\" data-attachment-id=\"95883\" data-permalink=\"https:\/\/www.hoymercedes.com.ar\/principal\/2019\/06\/29\/detuvieron-a-dos-hermanos-acusados-del-robo-en-zoo-lujan\/29-policial-lujan-1\/#main\" data-orig-file=\"https:\/\/www.hoymercedes.com.ar\/principal\/wp-content\/uploads\/2019\/06\/29-policial-lujan-1.jpg\" data-orig-size=\"750,422\" data-comments-opened=\"0\" data-image-meta=\"{&quot;aperture&quot;:&quot;0&quot;,&quot;credit&quot;:&quot;&quot;,&quot;camera&quot;:&quot;&quot;,&quot;caption&quot;:&quot;&quot;,&quot;created_timestamp&quot;:&quot;0&quot;,&quot;copyright&quot;:&quot;&quot;,&quot;focal_length&quot;:&quot;0&quot;,&quot;iso&quot;:&quot;0&quot;,&quot;shutter_speed&quot;:&quot;0&quot;,&quot;title&quot;:&quot;&quot;,&quot;orientation&quot;:&quot;0&quot;}\" data-image-title=\"29 policial lujan 1\" data-image-description=\"\" data-image-caption=\"\" data-large-file=\"https:\/\/www.hoymercedes.com.ar\/principal\/wp-content\/uploads\/2019\/06\/29-policial-lujan-1.jpg\" src=\"https:\/\/www.hoymercedes.com.ar\/principal\/wp-content\/uploads\/2019\/06\/29-policial-lujan-1.jpg\" alt=\"\" class=\"wp-image-95883\" srcset=\"https:\/\/www.hoymercedes.com.ar\/principal\/wp-content\/uploads\/2019\/06\/29-policial-lujan-1.jpg 750w, https:\/\/www.hoymercedes.com.ar\/principal\/wp-content\/uploads\/2019\/06\/29-policial-lujan-1-150x84.jpg 150w, https:\/\/www.hoymercedes.com.ar\/principal\/wp-content\/uploads\/2019\/06\/29-policial-lujan-1-630x354.jpg 630w\" sizes=\"auto, (max-width: 750px) 100vw, 750px\" \/><\/figure>\n","protected":false},"excerpt":{"rendered":"<p>Las Departamental Mercedes intervino y colabor\u00f3 en el operativo realizado d\u00edas atr\u00e1s que termin\u00f3 con la detenci\u00f3n de dos hombres, &#8230; <a title=\"Detuvieron a dos hermanos acusados del robo en Zoo Luj\u00e1n\" class=\"read-more\" href=\"https:\/\/www.hoymercedes.com.ar\/principal\/2019\/06\/29\/detuvieron-a-dos-hermanos-acusados-del-robo-en-zoo-lujan\/\" aria-label=\"Leer m\u00e1s sobre Detuvieron a dos hermanos acusados del robo en Zoo Luj\u00e1n\">Leer m\u00e1s<\/a><\/p>\n","protected":false},"author":1,"featured_media":95883,"comment_status":"closed","ping_status":"open","sticky":false,"template":"","format":"standard","meta":{"_monsterinsights_skip_tracking":false,"_monsterinsights_sitenote_active":false,"_monsterinsights_sitenote_note":"","_monsterinsights_sitenote_category":0,"jetpack_post_was_ever_published":false,"_jetpack_newsletter_access":"","_jetpack_dont_email_post_to_subs":false,"_jetpack_newsletter_tier_id":0,"_jetpack_memberships_contains_paywalled_content":false,"_jetpack_memberships_contains_paid_content":false,"footnotes":"","jetpack_publicize_message":"","jetpack_publicize_feature_enabled":true,"jetpack_social_post_already_shared":true,"jetpack_social_options":{"image_generator_settings":{"template":"highway","default_image_id":0,"font":"","enabled":false},"version":2},"_wpas_customize_per_network":false},"categories":[85],"tags":[26,15410,96],"class_list":["post-95881","post","type-post","status-publish","format-standard","has-post-thumbnail","hentry","category-policial","tag-detenidos","tag-hermanos","tag-policial-2","generate-columns","tablet-grid-50","mobile-grid-100","grid-parent","grid-50"],"jetpack_publicize_connections":[],"jetpack_featured_media_url":"https:\/\/www.hoymercedes.com.ar\/principal\/wp-content\/uploads\/2019\/06\/29-policial-lujan-1.jpg","wps_subtitle":"","jetpack_sharing_enabled":true,"_links":{"self":[{"href":"https:\/\/www.hoymercedes.com.ar\/principal\/wp-json\/wp\/v2\/posts\/95881","targetHints":{"allow":["GET"]}}],"collection":[{"href":"https:\/\/www.hoymercedes.com.ar\/principal\/wp-json\/wp\/v2\/posts"}],"about":[{"href":"https:\/\/www.hoymercedes.com.ar\/principal\/wp-json\/wp\/v2\/types\/post"}],"author":[{"embeddable":true,"href":"https:\/\/www.hoymercedes.com.ar\/principal\/wp-json\/wp\/v2\/users\/1"}],"replies":[{"embeddable":true,"href":"https:\/\/www.hoymercedes.com.ar\/principal\/wp-json\/wp\/v2\/comments?post=95881"}],"version-history":[{"count":0,"href":"https:\/\/www.hoymercedes.com.ar\/principal\/wp-json\/wp\/v2\/posts\/95881\/revisions"}],"wp:featuredmedia":[{"embeddable":true,"href":"https:\/\/www.hoymercedes.com.ar\/principal\/wp-json\/wp\/v2\/media\/95883"}],"wp:attachment":[{"href":"https:\/\/www.hoymercedes.com.ar\/principal\/wp-json\/wp\/v2\/media?parent=95881"}],"wp:term":[{"taxonomy":"category","embeddable":true,"href":"https:\/\/www.hoymercedes.com.ar\/principal\/wp-json\/wp\/v2\/categories?post=95881"},{"taxonomy":"post_tag","embeddable":true,"href":"https:\/\/www.hoymercedes.com.ar\/principal\/wp-json\/wp\/v2\/tags?post=95881"}],"curies":[{"name":"wp","href":"https:\/\/api.w.org\/{rel}","templated":true}]}}