{"id":95886,"date":"2019-06-29T11:25:55","date_gmt":"2019-06-29T14:25:55","guid":{"rendered":"http:\/\/www.hoymercedes.com.ar\/principal\/?p=95886"},"modified":"2019-06-29T12:51:35","modified_gmt":"2019-06-29T15:51:35","slug":"encuentro-regional-del-programa-jovenes-y-memoria","status":"publish","type":"post","link":"https:\/\/www.hoymercedes.com.ar\/principal\/2019\/06\/29\/encuentro-regional-del-programa-jovenes-y-memoria\/","title":{"rendered":"Encuentro regional del programa J\u00f3venes y Memoria"},"content":{"rendered":"\n<p>Nuevamente en Mercedes se llev\u00f3 adelante el encuentro regional del programa provincial J\u00f3venes y Memoria. Un encuentro en donde los estudiantes del nivel secundario y terciario se capacitan y adelantan cu\u00e1les ser\u00e1n los proyectos a presentar en el encuentro provincial en Chapadmalal.<\/p>\n\n\n\n<figure class=\"wp-block-image\"><img loading=\"lazy\" decoding=\"async\" width=\"750\" height=\"500\" data-attachment-id=\"95887\" data-permalink=\"https:\/\/www.hoymercedes.com.ar\/principal\/2019\/06\/29\/encuentro-regional-del-programa-jovenes-y-memoria\/28-jov-y-mem\/#main\" data-orig-file=\"https:\/\/www.hoymercedes.com.ar\/principal\/wp-content\/uploads\/2019\/06\/28-jov-y-mem.jpg\" data-orig-size=\"750,500\" data-comments-opened=\"0\" data-image-meta=\"{&quot;aperture&quot;:&quot;0&quot;,&quot;credit&quot;:&quot;&quot;,&quot;camera&quot;:&quot;&quot;,&quot;caption&quot;:&quot;&quot;,&quot;created_timestamp&quot;:&quot;0&quot;,&quot;copyright&quot;:&quot;&quot;,&quot;focal_length&quot;:&quot;0&quot;,&quot;iso&quot;:&quot;0&quot;,&quot;shutter_speed&quot;:&quot;0&quot;,&quot;title&quot;:&quot;&quot;,&quot;orientation&quot;:&quot;0&quot;}\" data-image-title=\"28 jov y mem\" data-image-description=\"\" data-image-caption=\"\" data-large-file=\"https:\/\/www.hoymercedes.com.ar\/principal\/wp-content\/uploads\/2019\/06\/28-jov-y-mem.jpg\" src=\"https:\/\/www.hoymercedes.com.ar\/principal\/wp-content\/uploads\/2019\/06\/28-jov-y-mem.jpg\" alt=\"\" class=\"wp-image-95887\" srcset=\"https:\/\/www.hoymercedes.com.ar\/principal\/wp-content\/uploads\/2019\/06\/28-jov-y-mem.jpg 750w, https:\/\/www.hoymercedes.com.ar\/principal\/wp-content\/uploads\/2019\/06\/28-jov-y-mem-150x100.jpg 150w, https:\/\/www.hoymercedes.com.ar\/principal\/wp-content\/uploads\/2019\/06\/28-jov-y-mem-630x420.jpg 630w, https:\/\/www.hoymercedes.com.ar\/principal\/wp-content\/uploads\/2019\/06\/28-jov-y-mem-720x480.jpg 720w, https:\/\/www.hoymercedes.com.ar\/principal\/wp-content\/uploads\/2019\/06\/28-jov-y-mem-360x240.jpg 360w\" sizes=\"auto, (max-width: 750px) 100vw, 750px\" \/><\/figure>\n\n\n\n<p>Tal como sucedi\u00f3 el a\u00f1o pasado, el encuentro regional se realiz\u00f3 en el ex Instituto Unzu\u00e9, donde funciona el Centro Universitario Regional. All\u00ed fue donde representantes de la Comisi\u00f3n Provincial por la Memoria, organizadora del Programa J\u00f3venes y Memoria, dio la bienvenida a los estudiantes de Mercedes, Luj\u00e1n, San Antonio de Areco,  Roque P\u00e9rez, Navarro, General Rodr\u00edguez, San Andr\u00e9s de Giles, Suipacha y Chivilcoy. <\/p>\n\n\n\n<p>Las delegaciones se dividen en peque\u00f1os grupos e intercalan con otros estudiantes para trabajar tem\u00e1ticas sociales y educativas. Por otro lado, los docentes ultiman detalles de lo que ser\u00e1 el encuentro provincial en Chapadmalal de acuerdo a la fecha designada para cada grupo. <\/p>\n","protected":false},"excerpt":{"rendered":"<p>Nuevamente en Mercedes se llev\u00f3 adelante el encuentro regional del programa provincial J\u00f3venes y Memoria. Un encuentro en donde los &#8230; <a title=\"Encuentro regional del programa J\u00f3venes y Memoria\" class=\"read-more\" href=\"https:\/\/www.hoymercedes.com.ar\/principal\/2019\/06\/29\/encuentro-regional-del-programa-jovenes-y-memoria\/\" aria-label=\"Leer m\u00e1s sobre Encuentro regional del programa J\u00f3venes y Memoria\">Leer m\u00e1s<\/a><\/p>\n","protected":false},"author":1,"featured_media":95887,"comment_status":"closed","ping_status":"open","sticky":false,"template":"","format":"standard","meta":{"_monsterinsights_skip_tracking":false,"_monsterinsights_sitenote_active":false,"_monsterinsights_sitenote_note":"","_monsterinsights_sitenote_category":0,"jetpack_post_was_ever_published":false,"_jetpack_newsletter_access":"","_jetpack_dont_email_post_to_subs":false,"_jetpack_newsletter_tier_id":0,"_jetpack_memberships_contains_paywalled_content":false,"_jetpack_memberships_contains_paid_content":false,"footnotes":"","jetpack_publicize_message":"","jetpack_publicize_feature_enabled":true,"jetpack_social_post_already_shared":true,"jetpack_social_options":{"image_generator_settings":{"template":"highway","default_image_id":0,"font":"","enabled":false},"version":2},"_wpas_customize_per_network":false},"categories":[23],"tags":[47,9101,15409],"class_list":["post-95886","post","type-post","status-publish","format-standard","has-post-thumbnail","hentry","category-educacion","tag-educacion-2","tag-encuentro-regional","tag-programa-jovenes-y-memoria","generate-columns","tablet-grid-50","mobile-grid-100","grid-parent","grid-50"],"jetpack_publicize_connections":[],"jetpack_featured_media_url":"https:\/\/www.hoymercedes.com.ar\/principal\/wp-content\/uploads\/2019\/06\/28-jov-y-mem.jpg","wps_subtitle":"","jetpack_sharing_enabled":true,"_links":{"self":[{"href":"https:\/\/www.hoymercedes.com.ar\/principal\/wp-json\/wp\/v2\/posts\/95886","targetHints":{"allow":["GET"]}}],"collection":[{"href":"https:\/\/www.hoymercedes.com.ar\/principal\/wp-json\/wp\/v2\/posts"}],"about":[{"href":"https:\/\/www.hoymercedes.com.ar\/principal\/wp-json\/wp\/v2\/types\/post"}],"author":[{"embeddable":true,"href":"https:\/\/www.hoymercedes.com.ar\/principal\/wp-json\/wp\/v2\/users\/1"}],"replies":[{"embeddable":true,"href":"https:\/\/www.hoymercedes.com.ar\/principal\/wp-json\/wp\/v2\/comments?post=95886"}],"version-history":[{"count":0,"href":"https:\/\/www.hoymercedes.com.ar\/principal\/wp-json\/wp\/v2\/posts\/95886\/revisions"}],"wp:featuredmedia":[{"embeddable":true,"href":"https:\/\/www.hoymercedes.com.ar\/principal\/wp-json\/wp\/v2\/media\/95887"}],"wp:attachment":[{"href":"https:\/\/www.hoymercedes.com.ar\/principal\/wp-json\/wp\/v2\/media?parent=95886"}],"wp:term":[{"taxonomy":"category","embeddable":true,"href":"https:\/\/www.hoymercedes.com.ar\/principal\/wp-json\/wp\/v2\/categories?post=95886"},{"taxonomy":"post_tag","embeddable":true,"href":"https:\/\/www.hoymercedes.com.ar\/principal\/wp-json\/wp\/v2\/tags?post=95886"}],"curies":[{"name":"wp","href":"https:\/\/api.w.org\/{rel}","templated":true}]}}