{"id":95893,"date":"2019-06-29T14:30:24","date_gmt":"2019-06-29T17:30:24","guid":{"rendered":"http:\/\/www.hoymercedes.com.ar\/principal\/?p=95893"},"modified":"2019-06-29T14:34:04","modified_gmt":"2019-06-29T17:34:04","slug":"los-arquitectos-festejaran-su-dia-el-12-de-julio","status":"publish","type":"post","link":"https:\/\/www.hoymercedes.com.ar\/principal\/2019\/06\/29\/los-arquitectos-festejaran-su-dia-el-12-de-julio\/","title":{"rendered":"Los Arquitectos festejar\u00e1n su d\u00eda el 12 de julio"},"content":{"rendered":"\n<p>La Federaci\u00f3n de Arquitectos Argentinos (FADEA) constituy\u00f3 el 1\u00b0 de julio como el D\u00eda del Arquitecto Argentino en 1996. Hasta ese a\u00f1o, la celebraci\u00f3n se realizaba ese mismo d\u00eda pero en el marco del D\u00eda Internacional de la Arquitectura, que hab\u00eda sido instituido por la Uni\u00f3n Internacional de Arquitectos (UIA) en 1985.\u00a0Este a\u00f1o, el Colegio de Arquitectos Distrito 5 lo festejar\u00e1 el 12 de julio con una cena para los matriculados. <\/p>\n\n\n\n<p>La arquitectura es un arte y una t\u00e9cnica que se encarga de proyectar y dise\u00f1ar espacios tanto p\u00fablicos como privados y adaptados a la habitabilidad. Se encarga de modificar y alterar el ambiente f\u00edsico con el objetivo de satisfacer\u00a0necesidades humanas de abrigo, descanso\u00a0y bienestar. Es por ello que el Arquitecto desarrolla una funci\u00f3n muy importante a nivel particular y para la comunidad toda.\u00a0<\/p>\n\n\n\n<p>Es as\u00ed como, la Mesa Directiva del Distrito V del Colegio de Arquitectos de la Prov. de Buenos Aires, al que Mercedes pertenece, saluda a todos los Arquitectos y Arquitectas en su d\u00eda, y agasaja a sus matriculados en la\u00a0\u00abFiesta del D\u00eda del Arquitecto\u00bb\u00a0 que se a celebrar\u00e1\u00a0el pr\u00f3ximo 12 de julio\u00a0en un prestigioso sal\u00f3n de la ciudad de Mercedes, cabecera del Distrito.\u00a0<\/p>\n\n\n\n<p>Como es costumbre, los presentes disfrutar\u00e1n de un&nbsp;buffet frio libre,&nbsp;cena gourmet, shows musicales, obsequios y sorteos de premios especiales. Ademas se entregar\u00e1n&nbsp;reconocimientos a aquellos arquitectos\/as del Distrito V, que cumplen&nbsp;sus 25 a\u00f1os en la profesi\u00f3n.<\/p>\n\n\n\n<p>Las tarjetas se pueden adquirir en las Delegaciones de CAPBA5 a lo largo del Distrito.&nbsp;\n\n<\/p>\n","protected":false},"excerpt":{"rendered":"<p>La Federaci\u00f3n de Arquitectos Argentinos (FADEA) constituy\u00f3 el 1\u00b0 de julio como el D\u00eda del Arquitecto Argentino en 1996. Hasta &#8230; <a title=\"Los Arquitectos festejar\u00e1n su d\u00eda el 12 de julio\" class=\"read-more\" href=\"https:\/\/www.hoymercedes.com.ar\/principal\/2019\/06\/29\/los-arquitectos-festejaran-su-dia-el-12-de-julio\/\" aria-label=\"Leer m\u00e1s sobre Los Arquitectos festejar\u00e1n su d\u00eda el 12 de julio\">Leer m\u00e1s<\/a><\/p>\n","protected":false},"author":1,"featured_media":95894,"comment_status":"closed","ping_status":"open","sticky":false,"template":"","format":"standard","meta":{"_monsterinsights_skip_tracking":false,"_monsterinsights_sitenote_active":false,"_monsterinsights_sitenote_note":"","_monsterinsights_sitenote_category":0,"jetpack_post_was_ever_published":false,"_jetpack_newsletter_access":"","_jetpack_dont_email_post_to_subs":false,"_jetpack_newsletter_tier_id":0,"_jetpack_memberships_contains_paywalled_content":false,"_jetpack_memberships_contains_paid_content":false,"footnotes":"","jetpack_publicize_message":"","jetpack_publicize_feature_enabled":true,"jetpack_social_post_already_shared":true,"jetpack_social_options":{"image_generator_settings":{"template":"highway","default_image_id":0,"font":"","enabled":false},"version":2},"_wpas_customize_per_network":false},"categories":[8],"tags":[6816,15412,9437],"class_list":["post-95893","post","type-post","status-publish","format-standard","has-post-thumbnail","hentry","category-sociedad","tag-colegio-de-arquitectos","tag-dia-del-arquitecto","tag-festejos","generate-columns","tablet-grid-50","mobile-grid-100","grid-parent","grid-50"],"jetpack_publicize_connections":[],"jetpack_featured_media_url":"https:\/\/www.hoymercedes.com.ar\/principal\/wp-content\/uploads\/2019\/06\/29-arquitectos.jpg","wps_subtitle":"","jetpack_sharing_enabled":true,"_links":{"self":[{"href":"https:\/\/www.hoymercedes.com.ar\/principal\/wp-json\/wp\/v2\/posts\/95893","targetHints":{"allow":["GET"]}}],"collection":[{"href":"https:\/\/www.hoymercedes.com.ar\/principal\/wp-json\/wp\/v2\/posts"}],"about":[{"href":"https:\/\/www.hoymercedes.com.ar\/principal\/wp-json\/wp\/v2\/types\/post"}],"author":[{"embeddable":true,"href":"https:\/\/www.hoymercedes.com.ar\/principal\/wp-json\/wp\/v2\/users\/1"}],"replies":[{"embeddable":true,"href":"https:\/\/www.hoymercedes.com.ar\/principal\/wp-json\/wp\/v2\/comments?post=95893"}],"version-history":[{"count":0,"href":"https:\/\/www.hoymercedes.com.ar\/principal\/wp-json\/wp\/v2\/posts\/95893\/revisions"}],"wp:featuredmedia":[{"embeddable":true,"href":"https:\/\/www.hoymercedes.com.ar\/principal\/wp-json\/wp\/v2\/media\/95894"}],"wp:attachment":[{"href":"https:\/\/www.hoymercedes.com.ar\/principal\/wp-json\/wp\/v2\/media?parent=95893"}],"wp:term":[{"taxonomy":"category","embeddable":true,"href":"https:\/\/www.hoymercedes.com.ar\/principal\/wp-json\/wp\/v2\/categories?post=95893"},{"taxonomy":"post_tag","embeddable":true,"href":"https:\/\/www.hoymercedes.com.ar\/principal\/wp-json\/wp\/v2\/tags?post=95893"}],"curies":[{"name":"wp","href":"https:\/\/api.w.org\/{rel}","templated":true}]}}