{"id":95896,"date":"2019-06-29T15:13:07","date_gmt":"2019-06-29T18:13:07","guid":{"rendered":"http:\/\/www.hoymercedes.com.ar\/principal\/?p=95896"},"modified":"2019-06-29T14:33:35","modified_gmt":"2019-06-29T17:33:35","slug":"habra-cena-solidaria-a-beneficio-del-tiro-federal","status":"publish","type":"post","link":"https:\/\/www.hoymercedes.com.ar\/principal\/2019\/06\/29\/habra-cena-solidaria-a-beneficio-del-tiro-federal\/","title":{"rendered":"Habr\u00e1 cena solidaria a beneficio del Tiro Federal"},"content":{"rendered":"\n<p>El venidero 8 de julio, se realizar\u00e1 una cena solidaria a beneficio del Tiro Federal Mercedes con el fin de recuperar y mejorar las instalaciones para concretar acuerdos con organismos del Estado. La cena se har\u00e1 en el Complejo Cultural La Trocha y la entrada tendr\u00e1 un valor de 250 pesos. <\/p>\n\n\n\n<figure class=\"wp-block-image\"><img loading=\"lazy\" decoding=\"async\" width=\"750\" height=\"364\" data-attachment-id=\"95897\" data-permalink=\"https:\/\/www.hoymercedes.com.ar\/principal\/2019\/06\/29\/habra-cena-solidaria-a-beneficio-del-tiro-federal\/29-muni-tiro-federal\/#main\" data-orig-file=\"https:\/\/www.hoymercedes.com.ar\/principal\/wp-content\/uploads\/2019\/06\/29-muni-tiro-federal.jpeg\" data-orig-size=\"750,364\" data-comments-opened=\"0\" data-image-meta=\"{&quot;aperture&quot;:&quot;0&quot;,&quot;credit&quot;:&quot;&quot;,&quot;camera&quot;:&quot;&quot;,&quot;caption&quot;:&quot;&quot;,&quot;created_timestamp&quot;:&quot;0&quot;,&quot;copyright&quot;:&quot;&quot;,&quot;focal_length&quot;:&quot;0&quot;,&quot;iso&quot;:&quot;0&quot;,&quot;shutter_speed&quot;:&quot;0&quot;,&quot;title&quot;:&quot;&quot;,&quot;orientation&quot;:&quot;0&quot;}\" data-image-title=\"29 muni tiro federal\" data-image-description=\"\" data-image-caption=\"\" data-large-file=\"https:\/\/www.hoymercedes.com.ar\/principal\/wp-content\/uploads\/2019\/06\/29-muni-tiro-federal.jpeg\" src=\"https:\/\/www.hoymercedes.com.ar\/principal\/wp-content\/uploads\/2019\/06\/29-muni-tiro-federal.jpeg\" alt=\"\" class=\"wp-image-95897\" srcset=\"https:\/\/www.hoymercedes.com.ar\/principal\/wp-content\/uploads\/2019\/06\/29-muni-tiro-federal.jpeg 750w, https:\/\/www.hoymercedes.com.ar\/principal\/wp-content\/uploads\/2019\/06\/29-muni-tiro-federal-150x73.jpeg 150w, https:\/\/www.hoymercedes.com.ar\/principal\/wp-content\/uploads\/2019\/06\/29-muni-tiro-federal-630x306.jpeg 630w\" sizes=\"auto, (max-width: 750px) 100vw, 750px\" \/><\/figure>\n\n\n\n<p>A trav\u00e9s de una conferencia de prensa, el Intendente Municipal Juan Ignacio Ustarroz junto al titular del Tiro Federal Juli\u00e1n Oliva anunciaron la cena solidaria para recuperar y acondicionar el predio que la instituci\u00f3n tiene desde 1875. Lo recaudado en la cena ser\u00e1 para pagar la mano de obra para las remodelaciones, mientras el Municipio aportar\u00e1 los materiales necesarios para las mismas.\u00a0\u00a0<\/p>\n\n\n\n<p>En di\u00e1logo con los medios, Ustarroz explic\u00f3 que al Tiro Federal Mercedes se le brind\u00f3 en una oportunidad anterior un subsidio de 100 mil pesos con los cuales realizaron obras iniciales para las habilitaciones provinciales y nacionales. \u00abDebido a las inundaciones y el paso del tiempo, el deterioro en la estructura y la arquitectura es muy grande, por eso se requiere de m\u00e1s aportes econ\u00f3micos y esfuerzos\u201d, dijo el Jefe Comunal.<\/p>\n\n\n\n<p>Por su parte, Juli\u00e1n Oliva, presidente del Tiro Federal, cont\u00f3 que el ingreso por los socios permite cumplir con las medidas de seguridad para ser habilitado. \u00abNos qued\u00f3 afuera los detalles utilitarios, ba\u00f1os habilitados, agua, el acceso que es lo que pretendemos hacer a partir de lo que recaudemos en esta cena\u201d, agreg\u00f3.\u00a0<\/p>\n\n\n\n<p>La cena ser\u00e1 el pr\u00f3ximo lunes 8 de julio, en el complejo cultural La Trocha, recordando que el martes 9 es feriado. <\/p>\n\n\n\n<p>Fuente: Prensa Municipal<\/p>\n","protected":false},"excerpt":{"rendered":"<p>El venidero 8 de julio, se realizar\u00e1 una cena solidaria a beneficio del Tiro Federal Mercedes con el fin de &#8230; <a title=\"Habr\u00e1 cena solidaria a beneficio del Tiro Federal\" class=\"read-more\" href=\"https:\/\/www.hoymercedes.com.ar\/principal\/2019\/06\/29\/habra-cena-solidaria-a-beneficio-del-tiro-federal\/\" aria-label=\"Leer m\u00e1s sobre Habr\u00e1 cena solidaria a beneficio del Tiro Federal\">Leer m\u00e1s<\/a><\/p>\n","protected":false},"author":1,"featured_media":95897,"comment_status":"closed","ping_status":"open","sticky":false,"template":"","format":"standard","meta":{"_monsterinsights_skip_tracking":false,"_monsterinsights_sitenote_active":false,"_monsterinsights_sitenote_note":"","_monsterinsights_sitenote_category":0,"jetpack_post_was_ever_published":false,"_jetpack_newsletter_access":"","_jetpack_dont_email_post_to_subs":false,"_jetpack_newsletter_tier_id":0,"_jetpack_memberships_contains_paywalled_content":false,"_jetpack_memberships_contains_paid_content":false,"footnotes":"","jetpack_publicize_message":"","jetpack_publicize_feature_enabled":true,"jetpack_social_post_already_shared":true,"jetpack_social_options":{"image_generator_settings":{"template":"highway","default_image_id":0,"font":"","enabled":false},"version":2},"_wpas_customize_per_network":false},"categories":[30],"tags":[9397,244,2984],"class_list":["post-95896","post","type-post","status-publish","format-standard","has-post-thumbnail","hentry","category-municipio","tag-cena-solidaria","tag-municipio-2","tag-tiro-federal","generate-columns","tablet-grid-50","mobile-grid-100","grid-parent","grid-50"],"jetpack_publicize_connections":[],"jetpack_featured_media_url":"https:\/\/www.hoymercedes.com.ar\/principal\/wp-content\/uploads\/2019\/06\/29-muni-tiro-federal.jpeg","wps_subtitle":"Solidaridad","jetpack_sharing_enabled":true,"_links":{"self":[{"href":"https:\/\/www.hoymercedes.com.ar\/principal\/wp-json\/wp\/v2\/posts\/95896","targetHints":{"allow":["GET"]}}],"collection":[{"href":"https:\/\/www.hoymercedes.com.ar\/principal\/wp-json\/wp\/v2\/posts"}],"about":[{"href":"https:\/\/www.hoymercedes.com.ar\/principal\/wp-json\/wp\/v2\/types\/post"}],"author":[{"embeddable":true,"href":"https:\/\/www.hoymercedes.com.ar\/principal\/wp-json\/wp\/v2\/users\/1"}],"replies":[{"embeddable":true,"href":"https:\/\/www.hoymercedes.com.ar\/principal\/wp-json\/wp\/v2\/comments?post=95896"}],"version-history":[{"count":0,"href":"https:\/\/www.hoymercedes.com.ar\/principal\/wp-json\/wp\/v2\/posts\/95896\/revisions"}],"wp:featuredmedia":[{"embeddable":true,"href":"https:\/\/www.hoymercedes.com.ar\/principal\/wp-json\/wp\/v2\/media\/95897"}],"wp:attachment":[{"href":"https:\/\/www.hoymercedes.com.ar\/principal\/wp-json\/wp\/v2\/media?parent=95896"}],"wp:term":[{"taxonomy":"category","embeddable":true,"href":"https:\/\/www.hoymercedes.com.ar\/principal\/wp-json\/wp\/v2\/categories?post=95896"},{"taxonomy":"post_tag","embeddable":true,"href":"https:\/\/www.hoymercedes.com.ar\/principal\/wp-json\/wp\/v2\/tags?post=95896"}],"curies":[{"name":"wp","href":"https:\/\/api.w.org\/{rel}","templated":true}]}}