{"id":95900,"date":"2019-06-29T16:40:00","date_gmt":"2019-06-29T19:40:00","guid":{"rendered":"http:\/\/www.hoymercedes.com.ar\/principal\/?p=95900"},"modified":"2019-06-30T11:43:22","modified_gmt":"2019-06-30T14:43:22","slug":"alertan-sobre-vehiculos-que-se-meten-en-cemento-fresco-de-avenida-2","status":"publish","type":"post","link":"https:\/\/www.hoymercedes.com.ar\/principal\/2019\/06\/29\/alertan-sobre-vehiculos-que-se-meten-en-cemento-fresco-de-avenida-2\/","title":{"rendered":"Alertan sobre veh\u00edculos que se meten en cemento fresco de Avenida 2"},"content":{"rendered":"\n<p><\/p>\n\n\n\n<p>La avenida 2 avanza, pero, a la vez genera ciertas preocupaciones. En estos \u00faltimos d\u00edas se vivi\u00f3 la situaci\u00f3n en que automovilistas, entre 15 y 17, donde se est\u00e1 tirando hormig\u00f3n, se \u201cmetieron\u201d con el cemento fresco para evitar dar la vuelta manzana a la hora de ir a la estaci\u00f3n de servicio. Eso gener\u00f3 un grave perjuicio.<\/p>\n\n\n\n<p>El jefe de gabinete coment\u00f3 que \u201chemos observado y gracias a algunos vecinos muy solidarios que algunos automovilistas no han tenido la correspondiente consideraci\u00f3n por la obra m\u00e1s grande que hemos realizado desde el municipio siendo adem\u00e1s sumamente fundamental\u201d coment\u00f3 y dijo Mat\u00edas Dematei que \u201cel meterse los autos afectan o rompen el cemento fresco\u201d sostuvo.<br>\n\u201cSabemos que son una minor\u00eda los desconsiderados y la gran y amplia mayor\u00eda est\u00e1n contentos y agradecidos, y nosotros con ellos, pero nos preocupa que por no dar la vuelta manzana perdamos una obra que nos beneficia a todos\u201d dijo.<\/p>\n\n\n\n<p>Se supo tambi\u00e9n que se form\u00f3 una causa en el juzgado de faltas tras la denuncia quien ya est\u00e1 actuando en el tema ante la falta cometida. Tambi\u00e9n se supo que fueron hombres y mujeres al volante. Las fotos est\u00e1n ya en la causa iniciada en el mencionado juzgado. <\/p>\n\n\n\n<p>Se reitera a todos los vecinos la importancia  de tener cuidado en seguridad vial, en el paso por los tramos habilitados en cruce de calles y se le agradece la paciencia. <\/p>\n","protected":false},"excerpt":{"rendered":"<p>La avenida 2 avanza, pero, a la vez genera ciertas preocupaciones. En estos \u00faltimos d\u00edas se vivi\u00f3 la situaci\u00f3n en &#8230; <a title=\"Alertan sobre veh\u00edculos que se meten en cemento fresco de Avenida 2\" class=\"read-more\" href=\"https:\/\/www.hoymercedes.com.ar\/principal\/2019\/06\/29\/alertan-sobre-vehiculos-que-se-meten-en-cemento-fresco-de-avenida-2\/\" aria-label=\"Leer m\u00e1s sobre Alertan sobre veh\u00edculos que se meten en cemento fresco de Avenida 2\">Leer m\u00e1s<\/a><\/p>\n","protected":false},"author":1,"featured_media":93000,"comment_status":"closed","ping_status":"open","sticky":false,"template":"","format":"standard","meta":{"_monsterinsights_skip_tracking":false,"_monsterinsights_sitenote_active":false,"_monsterinsights_sitenote_note":"","_monsterinsights_sitenote_category":0,"jetpack_post_was_ever_published":false,"_jetpack_newsletter_access":"","_jetpack_dont_email_post_to_subs":false,"_jetpack_newsletter_tier_id":0,"_jetpack_memberships_contains_paywalled_content":false,"_jetpack_memberships_contains_paid_content":false,"footnotes":"","jetpack_publicize_message":"","jetpack_publicize_feature_enabled":true,"jetpack_social_post_already_shared":true,"jetpack_social_options":{"image_generator_settings":{"template":"highway","default_image_id":0,"font":"","enabled":false},"version":2},"_wpas_customize_per_network":false},"categories":[30],"tags":[340,11636,1629,244],"class_list":["post-95900","post","type-post","status-publish","format-standard","has-post-thumbnail","hentry","category-municipio","tag-asfalto","tag-avenida-2","tag-juzgado-de-faltas","tag-municipio-2","generate-columns","tablet-grid-50","mobile-grid-100","grid-parent","grid-50"],"jetpack_publicize_connections":[],"jetpack_featured_media_url":"https:\/\/www.hoymercedes.com.ar\/principal\/wp-content\/uploads\/2019\/05\/Avenida2.repavimentacion.jpg","wps_subtitle":"Huellas vand\u00e1licas","jetpack_sharing_enabled":true,"_links":{"self":[{"href":"https:\/\/www.hoymercedes.com.ar\/principal\/wp-json\/wp\/v2\/posts\/95900","targetHints":{"allow":["GET"]}}],"collection":[{"href":"https:\/\/www.hoymercedes.com.ar\/principal\/wp-json\/wp\/v2\/posts"}],"about":[{"href":"https:\/\/www.hoymercedes.com.ar\/principal\/wp-json\/wp\/v2\/types\/post"}],"author":[{"embeddable":true,"href":"https:\/\/www.hoymercedes.com.ar\/principal\/wp-json\/wp\/v2\/users\/1"}],"replies":[{"embeddable":true,"href":"https:\/\/www.hoymercedes.com.ar\/principal\/wp-json\/wp\/v2\/comments?post=95900"}],"version-history":[{"count":0,"href":"https:\/\/www.hoymercedes.com.ar\/principal\/wp-json\/wp\/v2\/posts\/95900\/revisions"}],"wp:featuredmedia":[{"embeddable":true,"href":"https:\/\/www.hoymercedes.com.ar\/principal\/wp-json\/wp\/v2\/media\/93000"}],"wp:attachment":[{"href":"https:\/\/www.hoymercedes.com.ar\/principal\/wp-json\/wp\/v2\/media?parent=95900"}],"wp:term":[{"taxonomy":"category","embeddable":true,"href":"https:\/\/www.hoymercedes.com.ar\/principal\/wp-json\/wp\/v2\/categories?post=95900"},{"taxonomy":"post_tag","embeddable":true,"href":"https:\/\/www.hoymercedes.com.ar\/principal\/wp-json\/wp\/v2\/tags?post=95900"}],"curies":[{"name":"wp","href":"https:\/\/api.w.org\/{rel}","templated":true}]}}