{"id":95921,"date":"2019-06-30T13:40:10","date_gmt":"2019-06-30T16:40:10","guid":{"rendered":"http:\/\/www.hoymercedes.com.ar\/principal\/?p=95921"},"modified":"2019-06-30T13:26:13","modified_gmt":"2019-06-30T16:26:13","slug":"alumnos-de-la-secundaria-12-recorrieron-el-patrimonio-del-cementerio","status":"publish","type":"post","link":"https:\/\/www.hoymercedes.com.ar\/principal\/2019\/06\/30\/alumnos-de-la-secundaria-12-recorrieron-el-patrimonio-del-cementerio\/","title":{"rendered":"Alumnos de la Secundaria 12 recorrieron el patrimonio del Cementerio"},"content":{"rendered":"\n<p>A trav\u00e9s de\nun proyecto transversal denominado \u201cMercedes \u00bfuna construcci\u00f3n colectiva?\u201d que\npermiti\u00f3 la relaci\u00f3n de contenidos de las materias Construcci\u00f3n de Ciudadan\u00eda,\nCiencias Sociales, Matem\u00e1ticas, Ingl\u00e9s, Biolog\u00eda y Pr\u00e1cticas del Lenguaje, los\nalumnos de 1\u00b0 a\u00f1o \u201cA\u201d de la Escuela Secundaria N\u00b0 12 realizaron una visita\nguiada en el Cementerio Municipal. <\/p>\n\n\n\n<figure class=\"wp-block-image\"><img loading=\"lazy\" decoding=\"async\" width=\"750\" height=\"500\" data-attachment-id=\"95925\" data-permalink=\"https:\/\/www.hoymercedes.com.ar\/principal\/2019\/06\/30\/alumnos-de-la-secundaria-12-recorrieron-el-patrimonio-del-cementerio\/30-secundaria-12-6\/#main\" data-orig-file=\"https:\/\/www.hoymercedes.com.ar\/principal\/wp-content\/uploads\/2019\/06\/30-secundaria-12-6.jpg\" data-orig-size=\"750,500\" data-comments-opened=\"0\" data-image-meta=\"{&quot;aperture&quot;:&quot;0&quot;,&quot;credit&quot;:&quot;&quot;,&quot;camera&quot;:&quot;&quot;,&quot;caption&quot;:&quot;&quot;,&quot;created_timestamp&quot;:&quot;0&quot;,&quot;copyright&quot;:&quot;&quot;,&quot;focal_length&quot;:&quot;0&quot;,&quot;iso&quot;:&quot;0&quot;,&quot;shutter_speed&quot;:&quot;0&quot;,&quot;title&quot;:&quot;&quot;,&quot;orientation&quot;:&quot;0&quot;}\" data-image-title=\"30 secundaria 12 6\" data-image-description=\"\" data-image-caption=\"\" data-large-file=\"https:\/\/www.hoymercedes.com.ar\/principal\/wp-content\/uploads\/2019\/06\/30-secundaria-12-6.jpg\" src=\"https:\/\/www.hoymercedes.com.ar\/principal\/wp-content\/uploads\/2019\/06\/30-secundaria-12-6.jpg\" alt=\"\" class=\"wp-image-95925\" srcset=\"https:\/\/www.hoymercedes.com.ar\/principal\/wp-content\/uploads\/2019\/06\/30-secundaria-12-6.jpg 750w, https:\/\/www.hoymercedes.com.ar\/principal\/wp-content\/uploads\/2019\/06\/30-secundaria-12-6-150x100.jpg 150w, https:\/\/www.hoymercedes.com.ar\/principal\/wp-content\/uploads\/2019\/06\/30-secundaria-12-6-630x420.jpg 630w, https:\/\/www.hoymercedes.com.ar\/principal\/wp-content\/uploads\/2019\/06\/30-secundaria-12-6-720x480.jpg 720w, https:\/\/www.hoymercedes.com.ar\/principal\/wp-content\/uploads\/2019\/06\/30-secundaria-12-6-360x240.jpg 360w\" sizes=\"auto, (max-width: 750px) 100vw, 750px\" \/><\/figure>\n\n\n\n<p>Partiendo\ndel Museo Hist\u00f3rico \u201cV\u00edctor Miguez\u201d junto a la directora del museo Liliana\nBasualdo en un veh\u00edculo aportado por el Municipio, los estudiantes del primer\na\u00f1o de la secundaria que dirigen los profesores Pablo Sana y Camila Caulin, fueron\nacompa\u00f1ados por los docentes Jos\u00e9 Luis Ram\u00edrez y Vanesa Gearty a la salida\neducativa. <\/p>\n\n\n\n<p>El proyecto institucional busca que los alumnos conozcan la historia de la ciudad, la llegada de los inmigrantes y el aporte al crecimiento de la sociedad. Asimismo, la propuesta educativa hace que los estudiantes revaloricen el patrimonio hist\u00f3rico. <\/p>\n\n\n\n<figure class=\"wp-block-image\"><img loading=\"lazy\" decoding=\"async\" width=\"750\" height=\"499\" data-attachment-id=\"95922\" data-permalink=\"https:\/\/www.hoymercedes.com.ar\/principal\/2019\/06\/30\/alumnos-de-la-secundaria-12-recorrieron-el-patrimonio-del-cementerio\/30-secundaria-12-1\/#main\" data-orig-file=\"https:\/\/www.hoymercedes.com.ar\/principal\/wp-content\/uploads\/2019\/06\/30-secundaria-12-1.jpg\" data-orig-size=\"750,499\" data-comments-opened=\"0\" data-image-meta=\"{&quot;aperture&quot;:&quot;0&quot;,&quot;credit&quot;:&quot;&quot;,&quot;camera&quot;:&quot;&quot;,&quot;caption&quot;:&quot;&quot;,&quot;created_timestamp&quot;:&quot;0&quot;,&quot;copyright&quot;:&quot;&quot;,&quot;focal_length&quot;:&quot;0&quot;,&quot;iso&quot;:&quot;0&quot;,&quot;shutter_speed&quot;:&quot;0&quot;,&quot;title&quot;:&quot;&quot;,&quot;orientation&quot;:&quot;0&quot;}\" data-image-title=\"30 secundaria 12 1\" data-image-description=\"\" data-image-caption=\"\" data-large-file=\"https:\/\/www.hoymercedes.com.ar\/principal\/wp-content\/uploads\/2019\/06\/30-secundaria-12-1.jpg\" src=\"https:\/\/www.hoymercedes.com.ar\/principal\/wp-content\/uploads\/2019\/06\/30-secundaria-12-1.jpg\" alt=\"\" class=\"wp-image-95922\" srcset=\"https:\/\/www.hoymercedes.com.ar\/principal\/wp-content\/uploads\/2019\/06\/30-secundaria-12-1.jpg 750w, https:\/\/www.hoymercedes.com.ar\/principal\/wp-content\/uploads\/2019\/06\/30-secundaria-12-1-150x100.jpg 150w, https:\/\/www.hoymercedes.com.ar\/principal\/wp-content\/uploads\/2019\/06\/30-secundaria-12-1-630x419.jpg 630w, https:\/\/www.hoymercedes.com.ar\/principal\/wp-content\/uploads\/2019\/06\/30-secundaria-12-1-720x480.jpg 720w, https:\/\/www.hoymercedes.com.ar\/principal\/wp-content\/uploads\/2019\/06\/30-secundaria-12-1-360x240.jpg 360w\" sizes=\"auto, (max-width: 750px) 100vw, 750px\" \/><\/figure>\n\n\n\n<p>\u201cFue muy interesante la visita porque Liliana Basualdo nos habl\u00f3 de la influencia arquitect\u00f3nica por parte de los inmigrantes y las historias relevantes de los personajes que all\u00ed descansan. El objetivo de la visita ha sido despertar la idea de pertenencia de un patrimonio que es nuestro, valorarlo y comprometernos a cuidarlo para las generaciones venideras. En eso continuaremos trabajando en el aula en las distintas disciplinas involucradas en el proyecto institucional\u201d, explic\u00f3 el profesor de Ciencias Sociales, Jos\u00e9 Ram\u00edrez que acompa\u00f1\u00f3 a los estudiantes del primer a\u00f1o de la Secundaria de calle 26, entre 31 y 29. <\/p>\n\n\n\n<figure class=\"wp-block-image\"><img loading=\"lazy\" decoding=\"async\" width=\"750\" height=\"501\" data-attachment-id=\"95923\" data-permalink=\"https:\/\/www.hoymercedes.com.ar\/principal\/2019\/06\/30\/alumnos-de-la-secundaria-12-recorrieron-el-patrimonio-del-cementerio\/30-secundaria-12-4\/#main\" data-orig-file=\"https:\/\/www.hoymercedes.com.ar\/principal\/wp-content\/uploads\/2019\/06\/30-secundaria-12-4.jpg\" data-orig-size=\"750,501\" data-comments-opened=\"0\" data-image-meta=\"{&quot;aperture&quot;:&quot;0&quot;,&quot;credit&quot;:&quot;&quot;,&quot;camera&quot;:&quot;&quot;,&quot;caption&quot;:&quot;&quot;,&quot;created_timestamp&quot;:&quot;0&quot;,&quot;copyright&quot;:&quot;&quot;,&quot;focal_length&quot;:&quot;0&quot;,&quot;iso&quot;:&quot;0&quot;,&quot;shutter_speed&quot;:&quot;0&quot;,&quot;title&quot;:&quot;&quot;,&quot;orientation&quot;:&quot;0&quot;}\" data-image-title=\"30 secundaria 12 4\" data-image-description=\"\" data-image-caption=\"\" data-large-file=\"https:\/\/www.hoymercedes.com.ar\/principal\/wp-content\/uploads\/2019\/06\/30-secundaria-12-4.jpg\" src=\"https:\/\/www.hoymercedes.com.ar\/principal\/wp-content\/uploads\/2019\/06\/30-secundaria-12-4.jpg\" alt=\"\" class=\"wp-image-95923\" srcset=\"https:\/\/www.hoymercedes.com.ar\/principal\/wp-content\/uploads\/2019\/06\/30-secundaria-12-4.jpg 750w, https:\/\/www.hoymercedes.com.ar\/principal\/wp-content\/uploads\/2019\/06\/30-secundaria-12-4-150x100.jpg 150w, https:\/\/www.hoymercedes.com.ar\/principal\/wp-content\/uploads\/2019\/06\/30-secundaria-12-4-630x421.jpg 630w, https:\/\/www.hoymercedes.com.ar\/principal\/wp-content\/uploads\/2019\/06\/30-secundaria-12-4-720x480.jpg 720w, https:\/\/www.hoymercedes.com.ar\/principal\/wp-content\/uploads\/2019\/06\/30-secundaria-12-4-360x240.jpg 360w\" sizes=\"auto, (max-width: 750px) 100vw, 750px\" \/><\/figure>\n","protected":false},"excerpt":{"rendered":"<p>A trav\u00e9s de un proyecto transversal denominado \u201cMercedes \u00bfuna construcci\u00f3n colectiva?\u201d que permiti\u00f3 la relaci\u00f3n de contenidos de las materias &#8230; <a title=\"Alumnos de la Secundaria 12 recorrieron el patrimonio del Cementerio\" class=\"read-more\" href=\"https:\/\/www.hoymercedes.com.ar\/principal\/2019\/06\/30\/alumnos-de-la-secundaria-12-recorrieron-el-patrimonio-del-cementerio\/\" aria-label=\"Leer m\u00e1s sobre Alumnos de la Secundaria 12 recorrieron el patrimonio del Cementerio\">Leer m\u00e1s<\/a><\/p>\n","protected":false},"author":1,"featured_media":95924,"comment_status":"closed","ping_status":"open","sticky":false,"template":"","format":"standard","meta":{"_monsterinsights_skip_tracking":false,"_monsterinsights_sitenote_active":false,"_monsterinsights_sitenote_note":"","_monsterinsights_sitenote_category":0,"jetpack_post_was_ever_published":false,"_jetpack_newsletter_access":"","_jetpack_dont_email_post_to_subs":false,"_jetpack_newsletter_tier_id":0,"_jetpack_memberships_contains_paywalled_content":false,"_jetpack_memberships_contains_paid_content":false,"footnotes":"","jetpack_publicize_message":"","jetpack_publicize_feature_enabled":true,"jetpack_social_post_already_shared":true,"jetpack_social_options":{"image_generator_settings":{"template":"highway","default_image_id":0,"font":"","enabled":false},"version":2},"_wpas_customize_per_network":false},"categories":[23],"tags":[15416,47,3766,15415,12821],"class_list":["post-95921","post","type-post","status-publish","format-standard","has-post-thumbnail","hentry","category-educacion","tag-cementerio-local","tag-educacion-2","tag-museo-miguez","tag-salidas-educativas","tag-secundaria-n-12","generate-columns","tablet-grid-50","mobile-grid-100","grid-parent","grid-50"],"jetpack_publicize_connections":[],"jetpack_featured_media_url":"https:\/\/www.hoymercedes.com.ar\/principal\/wp-content\/uploads\/2019\/06\/30-secundaria-12-5.jpg","wps_subtitle":"Salid educativa","jetpack_sharing_enabled":true,"_links":{"self":[{"href":"https:\/\/www.hoymercedes.com.ar\/principal\/wp-json\/wp\/v2\/posts\/95921","targetHints":{"allow":["GET"]}}],"collection":[{"href":"https:\/\/www.hoymercedes.com.ar\/principal\/wp-json\/wp\/v2\/posts"}],"about":[{"href":"https:\/\/www.hoymercedes.com.ar\/principal\/wp-json\/wp\/v2\/types\/post"}],"author":[{"embeddable":true,"href":"https:\/\/www.hoymercedes.com.ar\/principal\/wp-json\/wp\/v2\/users\/1"}],"replies":[{"embeddable":true,"href":"https:\/\/www.hoymercedes.com.ar\/principal\/wp-json\/wp\/v2\/comments?post=95921"}],"version-history":[{"count":0,"href":"https:\/\/www.hoymercedes.com.ar\/principal\/wp-json\/wp\/v2\/posts\/95921\/revisions"}],"wp:featuredmedia":[{"embeddable":true,"href":"https:\/\/www.hoymercedes.com.ar\/principal\/wp-json\/wp\/v2\/media\/95924"}],"wp:attachment":[{"href":"https:\/\/www.hoymercedes.com.ar\/principal\/wp-json\/wp\/v2\/media?parent=95921"}],"wp:term":[{"taxonomy":"category","embeddable":true,"href":"https:\/\/www.hoymercedes.com.ar\/principal\/wp-json\/wp\/v2\/categories?post=95921"},{"taxonomy":"post_tag","embeddable":true,"href":"https:\/\/www.hoymercedes.com.ar\/principal\/wp-json\/wp\/v2\/tags?post=95921"}],"curies":[{"name":"wp","href":"https:\/\/api.w.org\/{rel}","templated":true}]}}