{"id":95929,"date":"2019-06-30T18:39:01","date_gmt":"2019-06-30T21:39:01","guid":{"rendered":"http:\/\/www.hoymercedes.com.ar\/principal\/?p=95929"},"modified":"2019-06-30T18:42:01","modified_gmt":"2019-06-30T21:42:01","slug":"se-jugo-la-cuarta-fecha-de-la-copa-asamball","status":"publish","type":"post","link":"https:\/\/www.hoymercedes.com.ar\/principal\/2019\/06\/30\/se-jugo-la-cuarta-fecha-de-la-copa-asamball\/","title":{"rendered":"Se jug\u00f3 la cuarta fecha de la Copa AsAmBall"},"content":{"rendered":"\n<p>En la tarde del domingo se disput\u00f3 la cuarta doble fecha de la Copa AsAmBal de Handball, hacia donde fue a participar el equipo masculino conducido por el profesor Dami\u00e1n Altieri. La Escuela Municipal de Handball jug\u00f3 ante los equipos del Club Independiente de Chivilcoy.<\/p>\n\n\n\n<figure class=\"wp-block-image\"><img loading=\"lazy\" decoding=\"async\" width=\"650\" height=\"457\" data-attachment-id=\"95930\" data-permalink=\"https:\/\/www.hoymercedes.com.ar\/principal\/2019\/06\/30\/se-jugo-la-cuarta-fecha-de-la-copa-asamball\/65307139_10220503714329709_6770648417497513984_n\/#main\" data-orig-file=\"https:\/\/www.hoymercedes.com.ar\/principal\/wp-content\/uploads\/2019\/06\/65307139_10220503714329709_6770648417497513984_n.jpg\" data-orig-size=\"650,457\" data-comments-opened=\"0\" data-image-meta=\"{&quot;aperture&quot;:&quot;0&quot;,&quot;credit&quot;:&quot;&quot;,&quot;camera&quot;:&quot;&quot;,&quot;caption&quot;:&quot;&quot;,&quot;created_timestamp&quot;:&quot;0&quot;,&quot;copyright&quot;:&quot;&quot;,&quot;focal_length&quot;:&quot;0&quot;,&quot;iso&quot;:&quot;0&quot;,&quot;shutter_speed&quot;:&quot;0&quot;,&quot;title&quot;:&quot;&quot;,&quot;orientation&quot;:&quot;0&quot;}\" data-image-title=\"65307139_10220503714329709_6770648417497513984_n\" data-image-description=\"\" data-image-caption=\"\" data-large-file=\"https:\/\/www.hoymercedes.com.ar\/principal\/wp-content\/uploads\/2019\/06\/65307139_10220503714329709_6770648417497513984_n.jpg\" src=\"https:\/\/www.hoymercedes.com.ar\/principal\/wp-content\/uploads\/2019\/06\/65307139_10220503714329709_6770648417497513984_n.jpg\" alt=\"\" class=\"wp-image-95930\" srcset=\"https:\/\/www.hoymercedes.com.ar\/principal\/wp-content\/uploads\/2019\/06\/65307139_10220503714329709_6770648417497513984_n.jpg 650w, https:\/\/www.hoymercedes.com.ar\/principal\/wp-content\/uploads\/2019\/06\/65307139_10220503714329709_6770648417497513984_n-150x105.jpg 150w, https:\/\/www.hoymercedes.com.ar\/principal\/wp-content\/uploads\/2019\/06\/65307139_10220503714329709_6770648417497513984_n-630x443.jpg 630w\" sizes=\"auto, (max-width: 650px) 100vw, 650px\" \/><\/figure>\n\n\n\n<p>En su primer partido, los mercedinos enfrentaron al conjunto Azul de Independiente, realizando un muy buen primer tiempo, en donde supieron moverse en ataque y vulnerar la defensa del equipo de Chivilcoy, manteni\u00e9ndose en partido y cayendo en la primera mitad por una diferencia de 3 goles (15 a 12).<\/p>\n\n\n\n<p>En la segunda mitad, las distracciones y las desconcentraciones aparecieron en el equipo mercedino y el elenco chivilcoyano supo ampliar la diferencia para finalizar con el triunfo por 30 a 19. En el cotejo frente a Independiente Rojo, las distracciones aparecieron en la primera mitad, en donde el rival intercept\u00f3 muchos pases gracias a su marca agresiva, que supo capitalizar en contraataques efectivos, sacando una ventaja de 7 goles en la primera mitad (18 \u2013 11).<\/p>\n\n\n\n<p>En la segunda mitad, el equipo mercedino intent\u00f3 acercarse en el tanteador atacando con 7 jugadores de campo (sin arquero en cancha) y supo mantener la diferencia negativa en el tanteador, m\u00e1s all\u00e1 del cansancio acumulado por jugar 2 partidos con solo una hora de descanso.<\/p>\n\n\n\n<p>El partido finaliz\u00f3 con triunfo para Independiente Azul por 29 a 19, pero el equipo de la Escuela Municipal volvi\u00f3 con la satisfacci\u00f3n de haber jugado de igual a igual contra dos de los mejores cuatro equipos de la competencia y volcando en el juego t\u00e1cticas que les permitir\u00e1n tener mayores opciones de gol en futuros partidos.<\/p>\n\n\n\n<p>La Escuela Municipal de Handball estuvo integrada por Agust\u00edn Aguirre, Nicol\u00e1s Aguirre, Tomas Toscano, Bruno Saion, Francisco Romero, Franco Beltrame, El\u00edas Villalba, Sebasti\u00e1n Reynoso, Enzo Pi\u00f1ero y Agust\u00edn Lapenta. Ya disputaron 6 partidos en la competencia (2 victorias y 4 derrotas) y deber\u00e1 disputar la quinta doble fecha en la ciudad de San Miguel del Monte el pr\u00f3ximo domingo 14 de julio.<\/p>\n","protected":false},"excerpt":{"rendered":"<p>En la tarde del domingo se disput\u00f3 la cuarta doble fecha de la Copa AsAmBal de Handball, hacia donde fue &#8230; <a title=\"Se jug\u00f3 la cuarta fecha de la Copa AsAmBall\" class=\"read-more\" href=\"https:\/\/www.hoymercedes.com.ar\/principal\/2019\/06\/30\/se-jugo-la-cuarta-fecha-de-la-copa-asamball\/\" aria-label=\"Leer m\u00e1s sobre Se jug\u00f3 la cuarta fecha de la Copa AsAmBall\">Leer m\u00e1s<\/a><\/p>\n","protected":false},"author":1,"featured_media":95930,"comment_status":"closed","ping_status":"open","sticky":false,"template":"","format":"standard","meta":{"_monsterinsights_skip_tracking":false,"_monsterinsights_sitenote_active":false,"_monsterinsights_sitenote_note":"","_monsterinsights_sitenote_category":0,"jetpack_post_was_ever_published":false,"_jetpack_newsletter_access":"","_jetpack_dont_email_post_to_subs":false,"_jetpack_newsletter_tier_id":0,"_jetpack_memberships_contains_paywalled_content":false,"_jetpack_memberships_contains_paid_content":false,"footnotes":"","jetpack_publicize_message":"","jetpack_publicize_feature_enabled":true,"jetpack_social_post_already_shared":true,"jetpack_social_options":{"image_generator_settings":{"template":"highway","default_image_id":0,"font":"","enabled":false},"version":2},"_wpas_customize_per_network":false},"categories":[21],"tags":[958,9371],"class_list":["post-95929","post","type-post","status-publish","format-standard","has-post-thumbnail","hentry","category-deportes","tag-cef-40","tag-limeba","generate-columns","tablet-grid-50","mobile-grid-100","grid-parent","grid-50"],"jetpack_publicize_connections":[],"jetpack_featured_media_url":"https:\/\/www.hoymercedes.com.ar\/principal\/wp-content\/uploads\/2019\/06\/65307139_10220503714329709_6770648417497513984_n.jpg","wps_subtitle":"Handball","jetpack_sharing_enabled":true,"_links":{"self":[{"href":"https:\/\/www.hoymercedes.com.ar\/principal\/wp-json\/wp\/v2\/posts\/95929","targetHints":{"allow":["GET"]}}],"collection":[{"href":"https:\/\/www.hoymercedes.com.ar\/principal\/wp-json\/wp\/v2\/posts"}],"about":[{"href":"https:\/\/www.hoymercedes.com.ar\/principal\/wp-json\/wp\/v2\/types\/post"}],"author":[{"embeddable":true,"href":"https:\/\/www.hoymercedes.com.ar\/principal\/wp-json\/wp\/v2\/users\/1"}],"replies":[{"embeddable":true,"href":"https:\/\/www.hoymercedes.com.ar\/principal\/wp-json\/wp\/v2\/comments?post=95929"}],"version-history":[{"count":0,"href":"https:\/\/www.hoymercedes.com.ar\/principal\/wp-json\/wp\/v2\/posts\/95929\/revisions"}],"wp:featuredmedia":[{"embeddable":true,"href":"https:\/\/www.hoymercedes.com.ar\/principal\/wp-json\/wp\/v2\/media\/95930"}],"wp:attachment":[{"href":"https:\/\/www.hoymercedes.com.ar\/principal\/wp-json\/wp\/v2\/media?parent=95929"}],"wp:term":[{"taxonomy":"category","embeddable":true,"href":"https:\/\/www.hoymercedes.com.ar\/principal\/wp-json\/wp\/v2\/categories?post=95929"},{"taxonomy":"post_tag","embeddable":true,"href":"https:\/\/www.hoymercedes.com.ar\/principal\/wp-json\/wp\/v2\/tags?post=95929"}],"curies":[{"name":"wp","href":"https:\/\/api.w.org\/{rel}","templated":true}]}}