{"id":95934,"date":"2019-06-30T18:57:37","date_gmt":"2019-06-30T21:57:37","guid":{"rendered":"http:\/\/www.hoymercedes.com.ar\/principal\/?p=95934"},"modified":"2019-06-30T19:06:49","modified_gmt":"2019-06-30T22:06:49","slug":"el-proximo-5-de-julio-habra-boxeo-en-club-estudiantes","status":"publish","type":"post","link":"https:\/\/www.hoymercedes.com.ar\/principal\/2019\/06\/30\/el-proximo-5-de-julio-habra-boxeo-en-club-estudiantes\/","title":{"rendered":"El pr\u00f3ximo 5 de julio habr\u00e1 boxeo en Club Estudiantes"},"content":{"rendered":"\n<p>En conferencia de prensa, el presidente del Club Estudiantes, Abel Delfino, anunci\u00f3 que la Liga del Oeste tendr\u00e1 su fecha y ser\u00e1 el pr\u00f3ximo viernes 5 de julio, donde habr\u00e1 varias peleas por diferentes t\u00edtulos y algunos mercedinos se subir\u00e1n al ring.<\/p>\n\n\n\n<figure class=\"wp-block-image\"><img loading=\"lazy\" decoding=\"async\" width=\"720\" height=\"479\" data-attachment-id=\"95935\" data-permalink=\"https:\/\/www.hoymercedes.com.ar\/principal\/2019\/06\/30\/el-proximo-5-de-julio-habra-boxeo-en-club-estudiantes\/65291880_469584393870281_6894849336870436864_n\/#main\" data-orig-file=\"https:\/\/www.hoymercedes.com.ar\/principal\/wp-content\/uploads\/2019\/06\/65291880_469584393870281_6894849336870436864_n.jpg\" data-orig-size=\"720,479\" data-comments-opened=\"0\" data-image-meta=\"{&quot;aperture&quot;:&quot;0&quot;,&quot;credit&quot;:&quot;&quot;,&quot;camera&quot;:&quot;&quot;,&quot;caption&quot;:&quot;&quot;,&quot;created_timestamp&quot;:&quot;0&quot;,&quot;copyright&quot;:&quot;&quot;,&quot;focal_length&quot;:&quot;0&quot;,&quot;iso&quot;:&quot;0&quot;,&quot;shutter_speed&quot;:&quot;0&quot;,&quot;title&quot;:&quot;&quot;,&quot;orientation&quot;:&quot;0&quot;}\" data-image-title=\"65291880_469584393870281_6894849336870436864_n\" data-image-description=\"\" data-image-caption=\"\" data-large-file=\"https:\/\/www.hoymercedes.com.ar\/principal\/wp-content\/uploads\/2019\/06\/65291880_469584393870281_6894849336870436864_n.jpg\" src=\"https:\/\/www.hoymercedes.com.ar\/principal\/wp-content\/uploads\/2019\/06\/65291880_469584393870281_6894849336870436864_n.jpg\" alt=\"\" class=\"wp-image-95935\" srcset=\"https:\/\/www.hoymercedes.com.ar\/principal\/wp-content\/uploads\/2019\/06\/65291880_469584393870281_6894849336870436864_n.jpg 720w, https:\/\/www.hoymercedes.com.ar\/principal\/wp-content\/uploads\/2019\/06\/65291880_469584393870281_6894849336870436864_n-150x100.jpg 150w, https:\/\/www.hoymercedes.com.ar\/principal\/wp-content\/uploads\/2019\/06\/65291880_469584393870281_6894849336870436864_n-630x419.jpg 630w, https:\/\/www.hoymercedes.com.ar\/principal\/wp-content\/uploads\/2019\/06\/65291880_469584393870281_6894849336870436864_n-360x240.jpg 360w\" sizes=\"auto, (max-width: 720px) 100vw, 720px\" \/><\/figure>\n\n\n\n<p>La entrada ser\u00e1 de $150 y la competencia ser\u00e1 en el gimnasio Pablo Tamagno, de 33 entre 14 y 16. Los pugilistas mercedinos ser\u00e1n los alumnos de la Escuela de Boxeo \u00abRa\u00fal Cosentino\u00bb, dirigida por Claudio Rojas y las peleas estar\u00e1n bajo la \u00f3rbita de la Federaci\u00f3n Argentina de Boxeo.<\/p>\n\n\n\n<p>Ser\u00e1n diez peleas en las que habr\u00e1 cinco t\u00edtulos en juego. El mercedino Ciro Crocci ser\u00e1 parte de la misma, en la categor\u00eda S\u00faper Pesado y tendr\u00e1 como rival al pilarense Juan Flores. Otros pupilos anunciados son Pablo Talavera (Mediano) y Lautaro Grosso estar\u00e1n sobre el cuadril\u00e1tero. <\/p>\n","protected":false},"excerpt":{"rendered":"<p>En conferencia de prensa, el presidente del Club Estudiantes, Abel Delfino, anunci\u00f3 que la Liga del Oeste tendr\u00e1 su fecha &#8230; <a title=\"El pr\u00f3ximo 5 de julio habr\u00e1 boxeo en Club Estudiantes\" class=\"read-more\" href=\"https:\/\/www.hoymercedes.com.ar\/principal\/2019\/06\/30\/el-proximo-5-de-julio-habra-boxeo-en-club-estudiantes\/\" aria-label=\"Leer m\u00e1s sobre El pr\u00f3ximo 5 de julio habr\u00e1 boxeo en Club Estudiantes\">Leer m\u00e1s<\/a><\/p>\n","protected":false},"author":1,"featured_media":95935,"comment_status":"closed","ping_status":"open","sticky":false,"template":"","format":"standard","meta":{"_monsterinsights_skip_tracking":false,"_monsterinsights_sitenote_active":false,"_monsterinsights_sitenote_note":"","_monsterinsights_sitenote_category":0,"jetpack_post_was_ever_published":false,"_jetpack_newsletter_access":"","_jetpack_dont_email_post_to_subs":false,"_jetpack_newsletter_tier_id":0,"_jetpack_memberships_contains_paywalled_content":false,"_jetpack_memberships_contains_paid_content":false,"footnotes":"","jetpack_publicize_message":"","jetpack_publicize_feature_enabled":true,"jetpack_social_post_already_shared":true,"jetpack_social_options":{"image_generator_settings":{"template":"highway","default_image_id":0,"font":"","enabled":false},"version":2},"_wpas_customize_per_network":false},"categories":[21],"tags":[1279,9332,8981,15417],"class_list":["post-95934","post","type-post","status-publish","format-standard","has-post-thumbnail","hentry","category-deportes","tag-boxeo","tag-ciro-crocci","tag-claudio-rojas","tag-liga-del-oeste","generate-columns","tablet-grid-50","mobile-grid-100","grid-parent","grid-50"],"jetpack_publicize_connections":[],"jetpack_featured_media_url":"https:\/\/www.hoymercedes.com.ar\/principal\/wp-content\/uploads\/2019\/06\/65291880_469584393870281_6894849336870436864_n.jpg","wps_subtitle":"Boxeo","jetpack_sharing_enabled":true,"_links":{"self":[{"href":"https:\/\/www.hoymercedes.com.ar\/principal\/wp-json\/wp\/v2\/posts\/95934","targetHints":{"allow":["GET"]}}],"collection":[{"href":"https:\/\/www.hoymercedes.com.ar\/principal\/wp-json\/wp\/v2\/posts"}],"about":[{"href":"https:\/\/www.hoymercedes.com.ar\/principal\/wp-json\/wp\/v2\/types\/post"}],"author":[{"embeddable":true,"href":"https:\/\/www.hoymercedes.com.ar\/principal\/wp-json\/wp\/v2\/users\/1"}],"replies":[{"embeddable":true,"href":"https:\/\/www.hoymercedes.com.ar\/principal\/wp-json\/wp\/v2\/comments?post=95934"}],"version-history":[{"count":0,"href":"https:\/\/www.hoymercedes.com.ar\/principal\/wp-json\/wp\/v2\/posts\/95934\/revisions"}],"wp:featuredmedia":[{"embeddable":true,"href":"https:\/\/www.hoymercedes.com.ar\/principal\/wp-json\/wp\/v2\/media\/95935"}],"wp:attachment":[{"href":"https:\/\/www.hoymercedes.com.ar\/principal\/wp-json\/wp\/v2\/media?parent=95934"}],"wp:term":[{"taxonomy":"category","embeddable":true,"href":"https:\/\/www.hoymercedes.com.ar\/principal\/wp-json\/wp\/v2\/categories?post=95934"},{"taxonomy":"post_tag","embeddable":true,"href":"https:\/\/www.hoymercedes.com.ar\/principal\/wp-json\/wp\/v2\/tags?post=95934"}],"curies":[{"name":"wp","href":"https:\/\/api.w.org\/{rel}","templated":true}]}}