{"id":95944,"date":"2019-06-30T22:35:49","date_gmt":"2019-07-01T01:35:49","guid":{"rendered":"http:\/\/www.hoymercedes.com.ar\/principal\/?p=95944"},"modified":"2019-07-01T09:18:02","modified_gmt":"2019-07-01T12:18:02","slug":"__trashed-13","status":"publish","type":"post","link":"https:\/\/www.hoymercedes.com.ar\/principal\/2019\/06\/30\/__trashed-13\/","title":{"rendered":"Tras ardua investigaci\u00f3n detienen acusado de asesinato en Moreno"},"content":{"rendered":"\n<figure class=\"wp-block-image\"><img loading=\"lazy\" decoding=\"async\" width=\"1024\" height=\"768\" data-attachment-id=\"95945\" data-permalink=\"https:\/\/www.hoymercedes.com.ar\/principal\/2019\/06\/30\/__trashed-13\/detenido-policiacomunalmercedes\/#main\" data-orig-file=\"https:\/\/www.hoymercedes.com.ar\/principal\/wp-content\/uploads\/2019\/06\/Detenido-PoliciaComunalMercedes.jpeg\" data-orig-size=\"1032,774\" data-comments-opened=\"0\" data-image-meta=\"{&quot;aperture&quot;:&quot;0&quot;,&quot;credit&quot;:&quot;&quot;,&quot;camera&quot;:&quot;&quot;,&quot;caption&quot;:&quot;&quot;,&quot;created_timestamp&quot;:&quot;0&quot;,&quot;copyright&quot;:&quot;&quot;,&quot;focal_length&quot;:&quot;0&quot;,&quot;iso&quot;:&quot;0&quot;,&quot;shutter_speed&quot;:&quot;0&quot;,&quot;title&quot;:&quot;&quot;,&quot;orientation&quot;:&quot;0&quot;}\" data-image-title=\"Detenido-PoliciaComunalMercedes\" data-image-description=\"\" data-image-caption=\"\" data-large-file=\"https:\/\/www.hoymercedes.com.ar\/principal\/wp-content\/uploads\/2019\/06\/Detenido-PoliciaComunalMercedes-1024x768.jpeg\" src=\"https:\/\/www.hoymercedes.com.ar\/principal\/wp-content\/uploads\/2019\/06\/Detenido-PoliciaComunalMercedes-1024x768.jpeg\" alt=\"\" class=\"wp-image-95945\" srcset=\"https:\/\/www.hoymercedes.com.ar\/principal\/wp-content\/uploads\/2019\/06\/Detenido-PoliciaComunalMercedes-1024x768.jpeg 1024w, https:\/\/www.hoymercedes.com.ar\/principal\/wp-content\/uploads\/2019\/06\/Detenido-PoliciaComunalMercedes-150x113.jpeg 150w, https:\/\/www.hoymercedes.com.ar\/principal\/wp-content\/uploads\/2019\/06\/Detenido-PoliciaComunalMercedes-630x473.jpeg 630w, https:\/\/www.hoymercedes.com.ar\/principal\/wp-content\/uploads\/2019\/06\/Detenido-PoliciaComunalMercedes-320x240.jpeg 320w, https:\/\/www.hoymercedes.com.ar\/principal\/wp-content\/uploads\/2019\/06\/Detenido-PoliciaComunalMercedes-100x75.jpeg 100w, https:\/\/www.hoymercedes.com.ar\/principal\/wp-content\/uploads\/2019\/06\/Detenido-PoliciaComunalMercedes.jpeg 1032w\" sizes=\"auto, (max-width: 1024px) 100vw, 1024px\" \/><figcaption>Detenido en Moreno a instancias de la Polic\u00eda Comunal Mercedes <\/figcaption><\/figure>\n\n\n\n<p>En un trabajo en conjunto las fuerzas de seguridad lograron la detenci\u00f3n de un masculino que era buscado desde hace mucho tiempo por una causa cuyo delito fue calificado como \u201chomicidio criminis causa\u201d <\/p>\n\n\n\n<p>La acci\u00f3n se inicia tras la convocatoria de la Fiscal\u00eda de Delitos Complejos N\u00b01 quien convoca a la Polic\u00eda Comunal para intervenir en la detenci\u00f3n de un masculino domiciliado en Moreno cuyo delito ser\u00eda el asesinado de un empresario. <\/p>\n\n\n\n<p>En esta ocasi\u00f3n participaron varias dependencias a cargo del Comisario Inspector Sergio Macedo, siendo estos personal el GTO, personal del Destacamento Gowland, de la Estaci\u00f3n Comunal Mercedes, con sus respectivas jefaturas, dado lo importante del hecho.<\/p>\n\n\n\n<p>El amplio operativo permiti\u00f3 la detenci\u00f3n de un masculino de apellido \u201cEstay\u201d quien se encontraba pr\u00f3fugo de la justicia por un hecho cometido en Moreno en el a\u00f1o 2011<\/p>\n\n\n\n<p>Contaron fuentes del caso que anteriormente no se pudo obtener resultados positivos, es por ello que se lleva a cabo arduas y diversas tareas de investigaci\u00f3n, las cuales fueron realizadas con un muy alto hermetismos y en lugares de extrema peligrosidad.<\/p>\n\n\n\n<p>Por su parte, el Comisario Inspector Sergio Macedo aprovech\u00f3 la ocasi\u00f3n para \u201cfelicitar al personal y jefatura de las dependencias de Mercedes y Gowland por el efectivo y eficiente trabajo realizado dando respuesta a las solicitudes de la justicia\u201d sin dejar de \u201cagradecer a el Ejecutivo local por el apoyo y herramientas brindas, como as\u00ed tambi\u00e9n a los doctores Solimandi y la doctora Etchehere del departamento judicial local\u201d<\/p>\n\n\n\n<p>Finalmente en la localidad de Moreno, Av. Bartolom\u00e9 Mitre y calle Espa\u00f1a, donde a pesar de haber efectuado cambios en su aspecto f\u00edsico la tarea investigativa fue efectiva. <\/p>\n\n\n\n<p>Intervienen tambi\u00e9n  UFIC Nro. 1, Dr. Pablo Vieiro, Depto. Judicial de Mercedes<\/p>\n","protected":false},"excerpt":{"rendered":"<p>En un trabajo en conjunto las fuerzas de seguridad lograron la detenci\u00f3n de un masculino que era buscado desde hace &#8230; <a title=\"Tras ardua investigaci\u00f3n detienen acusado de asesinato en Moreno\" class=\"read-more\" href=\"https:\/\/www.hoymercedes.com.ar\/principal\/2019\/06\/30\/__trashed-13\/\" aria-label=\"Leer m\u00e1s sobre Tras ardua investigaci\u00f3n detienen acusado de asesinato en Moreno\">Leer m\u00e1s<\/a><\/p>\n","protected":false},"author":1,"featured_media":95945,"comment_status":"closed","ping_status":"open","sticky":false,"template":"","format":"standard","meta":{"_monsterinsights_skip_tracking":false,"_monsterinsights_sitenote_active":false,"_monsterinsights_sitenote_note":"","_monsterinsights_sitenote_category":0,"jetpack_post_was_ever_published":false,"_jetpack_newsletter_access":"","_jetpack_dont_email_post_to_subs":false,"_jetpack_newsletter_tier_id":0,"_jetpack_memberships_contains_paywalled_content":false,"_jetpack_memberships_contains_paid_content":false,"footnotes":"","jetpack_publicize_message":"","jetpack_publicize_feature_enabled":true,"jetpack_social_post_already_shared":true,"jetpack_social_options":{"image_generator_settings":{"template":"highway","default_image_id":0,"font":"","enabled":false},"version":2},"_wpas_customize_per_network":false},"categories":[85],"tags":[10352,13410,96],"class_list":["post-95944","post","type-post","status-publish","format-standard","has-post-thumbnail","hentry","category-policial","tag-detencion","tag-moreno","tag-policial-2","generate-columns","tablet-grid-50","mobile-grid-100","grid-parent","grid-50"],"jetpack_publicize_connections":[],"jetpack_featured_media_url":"https:\/\/www.hoymercedes.com.ar\/principal\/wp-content\/uploads\/2019\/06\/Detenido-PoliciaComunalMercedes.jpeg","wps_subtitle":"Polic\u00eda Comunal Mercedes","jetpack_sharing_enabled":true,"_links":{"self":[{"href":"https:\/\/www.hoymercedes.com.ar\/principal\/wp-json\/wp\/v2\/posts\/95944","targetHints":{"allow":["GET"]}}],"collection":[{"href":"https:\/\/www.hoymercedes.com.ar\/principal\/wp-json\/wp\/v2\/posts"}],"about":[{"href":"https:\/\/www.hoymercedes.com.ar\/principal\/wp-json\/wp\/v2\/types\/post"}],"author":[{"embeddable":true,"href":"https:\/\/www.hoymercedes.com.ar\/principal\/wp-json\/wp\/v2\/users\/1"}],"replies":[{"embeddable":true,"href":"https:\/\/www.hoymercedes.com.ar\/principal\/wp-json\/wp\/v2\/comments?post=95944"}],"version-history":[{"count":0,"href":"https:\/\/www.hoymercedes.com.ar\/principal\/wp-json\/wp\/v2\/posts\/95944\/revisions"}],"wp:featuredmedia":[{"embeddable":true,"href":"https:\/\/www.hoymercedes.com.ar\/principal\/wp-json\/wp\/v2\/media\/95945"}],"wp:attachment":[{"href":"https:\/\/www.hoymercedes.com.ar\/principal\/wp-json\/wp\/v2\/media?parent=95944"}],"wp:term":[{"taxonomy":"category","embeddable":true,"href":"https:\/\/www.hoymercedes.com.ar\/principal\/wp-json\/wp\/v2\/categories?post=95944"},{"taxonomy":"post_tag","embeddable":true,"href":"https:\/\/www.hoymercedes.com.ar\/principal\/wp-json\/wp\/v2\/tags?post=95944"}],"curies":[{"name":"wp","href":"https:\/\/api.w.org\/{rel}","templated":true}]}}