{"id":95953,"date":"2019-07-01T07:53:17","date_gmt":"2019-07-01T10:53:17","guid":{"rendered":"http:\/\/www.hoymercedes.com.ar\/principal\/?p=95953"},"modified":"2019-06-30T20:02:36","modified_gmt":"2019-06-30T23:02:36","slug":"destacada-actuacion-de-club-estudiantes-en-la-segunda-fecha-de-cedep","status":"publish","type":"post","link":"https:\/\/www.hoymercedes.com.ar\/principal\/2019\/07\/01\/destacada-actuacion-de-club-estudiantes-en-la-segunda-fecha-de-cedep\/","title":{"rendered":"Destacada actuaci\u00f3n de Club Estudiantes en la Segunda fecha de CEDEP"},"content":{"rendered":"\n<p>El 22 y 23 de junio se realiz\u00f3 la segunda fecha de la Liga CEDEP, en las instalaciones del  Club Ce.Di.Ma en la localidad de San Justo. El torneo fue fiscalizado por los jueces del Colegio de \u00c1rbitros de FPP (Federaci\u00f3n Porte\u00f1a de Pat\u00edn) bajo el nuevo sistema de juzgamiento Rollart. <\/p>\n\n\n\n<figure class=\"wp-block-image\"><img loading=\"lazy\" decoding=\"async\" width=\"760\" height=\"620\" data-attachment-id=\"95954\" data-permalink=\"https:\/\/www.hoymercedes.com.ar\/principal\/2019\/07\/01\/destacada-actuacion-de-club-estudiantes-en-la-segunda-fecha-de-cedep\/65509839_2598535636845961_1246118906200850432_n\/#main\" data-orig-file=\"https:\/\/www.hoymercedes.com.ar\/principal\/wp-content\/uploads\/2019\/06\/65509839_2598535636845961_1246118906200850432_n.png\" data-orig-size=\"760,620\" data-comments-opened=\"0\" data-image-meta=\"{&quot;aperture&quot;:&quot;0&quot;,&quot;credit&quot;:&quot;&quot;,&quot;camera&quot;:&quot;&quot;,&quot;caption&quot;:&quot;&quot;,&quot;created_timestamp&quot;:&quot;0&quot;,&quot;copyright&quot;:&quot;&quot;,&quot;focal_length&quot;:&quot;0&quot;,&quot;iso&quot;:&quot;0&quot;,&quot;shutter_speed&quot;:&quot;0&quot;,&quot;title&quot;:&quot;&quot;,&quot;orientation&quot;:&quot;0&quot;}\" data-image-title=\"65509839_2598535636845961_1246118906200850432_n\" data-image-description=\"\" data-image-caption=\"\" data-large-file=\"https:\/\/www.hoymercedes.com.ar\/principal\/wp-content\/uploads\/2019\/06\/65509839_2598535636845961_1246118906200850432_n.png\" src=\"https:\/\/www.hoymercedes.com.ar\/principal\/wp-content\/uploads\/2019\/06\/65509839_2598535636845961_1246118906200850432_n.png\" alt=\"\" class=\"wp-image-95954\" srcset=\"https:\/\/www.hoymercedes.com.ar\/principal\/wp-content\/uploads\/2019\/06\/65509839_2598535636845961_1246118906200850432_n.png 760w, https:\/\/www.hoymercedes.com.ar\/principal\/wp-content\/uploads\/2019\/06\/65509839_2598535636845961_1246118906200850432_n-150x122.png 150w, https:\/\/www.hoymercedes.com.ar\/principal\/wp-content\/uploads\/2019\/06\/65509839_2598535636845961_1246118906200850432_n-630x514.png 630w\" sizes=\"auto, (max-width: 760px) 100vw, 760px\" \/><\/figure>\n\n\n\n<p>En esta ocasi\u00f3n participaron 37 patinadoras del Club Estudiantes acompa\u00f1adas por sus t\u00e9cnicas Nacionales Candela y Sof\u00eda Bruschi. Los que participaron fueron los siguientes: Juventud Unida de Caseros, Pablo Podest\u00e1, Centro Asturiano, Brandsen, Santa Teresita, Helvecia, New Skate, Estrella del Oeste, CEMEF, 9 de Julio, Boca de Tigre, San Miguel, Este del Pilar, Porvenir, San Fernando, Las Heras entre otros. <\/p>\n\n\n\n<p>Los resultados fueron los siguientes: <\/p>\n\n\n\n<p>Agustina Araya 1era  <\/p>\n\n\n\n<p>Valentina Oliva 4ta <\/p>\n\n\n\n<p>Natividad Midun 4ta <\/p>\n\n\n\n<p>Jazmin Ramos 7ma  <\/p>\n\n\n\n<p>Paula Martinez 6ta <\/p>\n\n\n\n<p>Sof\u00eda Goicochea 3era <\/p>\n\n\n\n<p>Camila Giraudo 2da  <\/p>\n\n\n\n<p>Delfina Ricci 6ta  <\/p>\n\n\n\n<p>Victoria Latapie 6ta  <\/p>\n\n\n\n<p>Esperanza Coletta 8va  <\/p>\n\n\n\n<p>Alma de Rosas 1era   <\/p>\n\n\n\n<p>Julia Lopez Machi 7ma  <\/p>\n\n\n\n<p>Juanita Bay 7ma  <\/p>\n\n\n\n<p>Amira Lopez 2da <\/p>\n\n\n\n<p>Felicitas Cortez 8va    <\/p>\n\n\n\n<p>Nadina Croccii 5ta  <\/p>\n\n\n\n<p>Martina Medina 7ma <\/p>\n\n\n\n<p>F\u00e1tima Vi\u00f1ez 9na <\/p>\n\n\n\n<p>Josefina Arg\u00fcelles 2da  <\/p>\n\n\n\n<p>Lola Ramirez 2da  <\/p>\n\n\n\n<p>Amanda Cabrera menci\u00f3n  <\/p>\n\n\n\n<p>Evelyn Giraudo menci\u00f3n   <\/p>\n\n\n\n<p>Valentina Lara 6ta  <\/p>\n\n\n\n<p>Mia Lacoste 9na  <\/p>\n\n\n\n<p>Sofia Vignatti 5ta  <\/p>\n\n\n\n<p>Catalina Vignati 9na  <\/p>\n\n\n\n<p>Anabella Pastine 2da  <\/p>\n\n\n\n<p>Renata Simionato 1era  <\/p>\n\n\n\n<p>Milagros Cobucho 5ta  <\/p>\n\n\n\n<p>Martina Parodi 3era <\/p>\n\n\n\n<p>Abril Pascucciello 4ta <\/p>\n\n\n\n<p>Priscila Ramirez 6ta <\/p>\n\n\n\n<p>Ema Coronel 7ma <\/p>\n\n\n\n<p>Zoe Ferraro 3era <\/p>\n\n\n\n<p>Ailen Morales 6ta <\/p>\n\n\n\n<p>Sofia Barragan 2da <\/p>\n\n\n\n<p>Justina Bruschi 2da <\/p>\n\n\n\n<p>Martina Palacios 1era  <\/p>\n\n\n\n<p>Sus t\u00e9cnicas felicitan a las patinadoras por su excelente desempe\u00f1o . <\/p>\n\n\n\n<ul class=\"wp-block-gallery columns-3 is-cropped wp-block-gallery-1 is-layout-flex wp-block-gallery-is-layout-flex\"><li class=\"blocks-gallery-item\"><figure><img loading=\"lazy\" decoding=\"async\" width=\"960\" height=\"960\" data-attachment-id=\"95955\" data-permalink=\"https:\/\/www.hoymercedes.com.ar\/principal\/2019\/07\/01\/destacada-actuacion-de-club-estudiantes-en-la-segunda-fecha-de-cedep\/65296908_401507677241486_5741553435669430272_n\/#main\" data-orig-file=\"https:\/\/www.hoymercedes.com.ar\/principal\/wp-content\/uploads\/2019\/06\/65296908_401507677241486_5741553435669430272_n.jpg\" data-orig-size=\"960,960\" data-comments-opened=\"0\" data-image-meta=\"{&quot;aperture&quot;:&quot;0&quot;,&quot;credit&quot;:&quot;&quot;,&quot;camera&quot;:&quot;&quot;,&quot;caption&quot;:&quot;&quot;,&quot;created_timestamp&quot;:&quot;0&quot;,&quot;copyright&quot;:&quot;&quot;,&quot;focal_length&quot;:&quot;0&quot;,&quot;iso&quot;:&quot;0&quot;,&quot;shutter_speed&quot;:&quot;0&quot;,&quot;title&quot;:&quot;&quot;,&quot;orientation&quot;:&quot;0&quot;}\" data-image-title=\"65296908_401507677241486_5741553435669430272_n\" data-image-description=\"\" data-image-caption=\"\" data-large-file=\"https:\/\/www.hoymercedes.com.ar\/principal\/wp-content\/uploads\/2019\/06\/65296908_401507677241486_5741553435669430272_n.jpg\" src=\"https:\/\/www.hoymercedes.com.ar\/principal\/wp-content\/uploads\/2019\/06\/65296908_401507677241486_5741553435669430272_n.jpg\" alt=\"\" data-id=\"95955\" data-link=\"https:\/\/www.hoymercedes.com.ar\/principal\/?attachment_id=95955\" class=\"wp-image-95955\" srcset=\"https:\/\/www.hoymercedes.com.ar\/principal\/wp-content\/uploads\/2019\/06\/65296908_401507677241486_5741553435669430272_n.jpg 960w, https:\/\/www.hoymercedes.com.ar\/principal\/wp-content\/uploads\/2019\/06\/65296908_401507677241486_5741553435669430272_n-150x150.jpg 150w, https:\/\/www.hoymercedes.com.ar\/principal\/wp-content\/uploads\/2019\/06\/65296908_401507677241486_5741553435669430272_n-620x620.jpg 620w, https:\/\/www.hoymercedes.com.ar\/principal\/wp-content\/uploads\/2019\/06\/65296908_401507677241486_5741553435669430272_n-100x100.jpg 100w\" sizes=\"auto, (max-width: 960px) 100vw, 960px\" \/><\/figure><\/li><li class=\"blocks-gallery-item\"><figure><img loading=\"lazy\" decoding=\"async\" width=\"1024\" height=\"768\" data-attachment-id=\"95956\" data-permalink=\"https:\/\/www.hoymercedes.com.ar\/principal\/2019\/07\/01\/destacada-actuacion-de-club-estudiantes-en-la-segunda-fecha-de-cedep\/65518473_434581570729790_3919367544061820928_n\/#main\" data-orig-file=\"https:\/\/www.hoymercedes.com.ar\/principal\/wp-content\/uploads\/2019\/06\/65518473_434581570729790_3919367544061820928_n.jpg\" data-orig-size=\"1280,960\" data-comments-opened=\"0\" data-image-meta=\"{&quot;aperture&quot;:&quot;0&quot;,&quot;credit&quot;:&quot;&quot;,&quot;camera&quot;:&quot;&quot;,&quot;caption&quot;:&quot;&quot;,&quot;created_timestamp&quot;:&quot;0&quot;,&quot;copyright&quot;:&quot;&quot;,&quot;focal_length&quot;:&quot;0&quot;,&quot;iso&quot;:&quot;0&quot;,&quot;shutter_speed&quot;:&quot;0&quot;,&quot;title&quot;:&quot;&quot;,&quot;orientation&quot;:&quot;0&quot;}\" data-image-title=\"65518473_434581570729790_3919367544061820928_n\" data-image-description=\"\" data-image-caption=\"\" data-large-file=\"https:\/\/www.hoymercedes.com.ar\/principal\/wp-content\/uploads\/2019\/06\/65518473_434581570729790_3919367544061820928_n-1024x768.jpg\" src=\"https:\/\/www.hoymercedes.com.ar\/principal\/wp-content\/uploads\/2019\/06\/65518473_434581570729790_3919367544061820928_n-1024x768.jpg\" alt=\"\" data-id=\"95956\" data-link=\"https:\/\/www.hoymercedes.com.ar\/principal\/?attachment_id=95956\" class=\"wp-image-95956\" srcset=\"https:\/\/www.hoymercedes.com.ar\/principal\/wp-content\/uploads\/2019\/06\/65518473_434581570729790_3919367544061820928_n-1024x768.jpg 1024w, https:\/\/www.hoymercedes.com.ar\/principal\/wp-content\/uploads\/2019\/06\/65518473_434581570729790_3919367544061820928_n-150x113.jpg 150w, https:\/\/www.hoymercedes.com.ar\/principal\/wp-content\/uploads\/2019\/06\/65518473_434581570729790_3919367544061820928_n-630x473.jpg 630w, https:\/\/www.hoymercedes.com.ar\/principal\/wp-content\/uploads\/2019\/06\/65518473_434581570729790_3919367544061820928_n-320x240.jpg 320w, https:\/\/www.hoymercedes.com.ar\/principal\/wp-content\/uploads\/2019\/06\/65518473_434581570729790_3919367544061820928_n-100x75.jpg 100w, https:\/\/www.hoymercedes.com.ar\/principal\/wp-content\/uploads\/2019\/06\/65518473_434581570729790_3919367544061820928_n.jpg 1280w\" sizes=\"auto, (max-width: 1024px) 100vw, 1024px\" \/><\/figure><\/li><li class=\"blocks-gallery-item\"><figure><img loading=\"lazy\" decoding=\"async\" width=\"1024\" height=\"768\" data-attachment-id=\"95957\" data-permalink=\"https:\/\/www.hoymercedes.com.ar\/principal\/2019\/07\/01\/destacada-actuacion-de-club-estudiantes-en-la-segunda-fecha-de-cedep\/65558208_2383978715182795_5941878286677180416_n\/#main\" data-orig-file=\"https:\/\/www.hoymercedes.com.ar\/principal\/wp-content\/uploads\/2019\/06\/65558208_2383978715182795_5941878286677180416_n.jpg\" data-orig-size=\"1280,960\" data-comments-opened=\"0\" data-image-meta=\"{&quot;aperture&quot;:&quot;0&quot;,&quot;credit&quot;:&quot;&quot;,&quot;camera&quot;:&quot;&quot;,&quot;caption&quot;:&quot;&quot;,&quot;created_timestamp&quot;:&quot;0&quot;,&quot;copyright&quot;:&quot;&quot;,&quot;focal_length&quot;:&quot;0&quot;,&quot;iso&quot;:&quot;0&quot;,&quot;shutter_speed&quot;:&quot;0&quot;,&quot;title&quot;:&quot;&quot;,&quot;orientation&quot;:&quot;0&quot;}\" data-image-title=\"65558208_2383978715182795_5941878286677180416_n\" data-image-description=\"\" data-image-caption=\"\" data-large-file=\"https:\/\/www.hoymercedes.com.ar\/principal\/wp-content\/uploads\/2019\/06\/65558208_2383978715182795_5941878286677180416_n-1024x768.jpg\" src=\"https:\/\/www.hoymercedes.com.ar\/principal\/wp-content\/uploads\/2019\/06\/65558208_2383978715182795_5941878286677180416_n-1024x768.jpg\" alt=\"\" data-id=\"95957\" data-link=\"https:\/\/www.hoymercedes.com.ar\/principal\/?attachment_id=95957\" class=\"wp-image-95957\" srcset=\"https:\/\/www.hoymercedes.com.ar\/principal\/wp-content\/uploads\/2019\/06\/65558208_2383978715182795_5941878286677180416_n-1024x768.jpg 1024w, https:\/\/www.hoymercedes.com.ar\/principal\/wp-content\/uploads\/2019\/06\/65558208_2383978715182795_5941878286677180416_n-150x113.jpg 150w, https:\/\/www.hoymercedes.com.ar\/principal\/wp-content\/uploads\/2019\/06\/65558208_2383978715182795_5941878286677180416_n-630x473.jpg 630w, https:\/\/www.hoymercedes.com.ar\/principal\/wp-content\/uploads\/2019\/06\/65558208_2383978715182795_5941878286677180416_n-320x240.jpg 320w, https:\/\/www.hoymercedes.com.ar\/principal\/wp-content\/uploads\/2019\/06\/65558208_2383978715182795_5941878286677180416_n-100x75.jpg 100w, https:\/\/www.hoymercedes.com.ar\/principal\/wp-content\/uploads\/2019\/06\/65558208_2383978715182795_5941878286677180416_n.jpg 1280w\" sizes=\"auto, (max-width: 1024px) 100vw, 1024px\" \/><\/figure><\/li><li class=\"blocks-gallery-item\"><figure><img loading=\"lazy\" decoding=\"async\" width=\"760\" height=\"598\" data-attachment-id=\"95958\" data-permalink=\"https:\/\/www.hoymercedes.com.ar\/principal\/2019\/07\/01\/destacada-actuacion-de-club-estudiantes-en-la-segunda-fecha-de-cedep\/65269365_2370973816291310_4318126485509505024_n\/#main\" data-orig-file=\"https:\/\/www.hoymercedes.com.ar\/principal\/wp-content\/uploads\/2019\/06\/65269365_2370973816291310_4318126485509505024_n.png\" data-orig-size=\"760,598\" data-comments-opened=\"0\" data-image-meta=\"{&quot;aperture&quot;:&quot;0&quot;,&quot;credit&quot;:&quot;&quot;,&quot;camera&quot;:&quot;&quot;,&quot;caption&quot;:&quot;&quot;,&quot;created_timestamp&quot;:&quot;0&quot;,&quot;copyright&quot;:&quot;&quot;,&quot;focal_length&quot;:&quot;0&quot;,&quot;iso&quot;:&quot;0&quot;,&quot;shutter_speed&quot;:&quot;0&quot;,&quot;title&quot;:&quot;&quot;,&quot;orientation&quot;:&quot;0&quot;}\" data-image-title=\"65269365_2370973816291310_4318126485509505024_n\" data-image-description=\"\" data-image-caption=\"\" data-large-file=\"https:\/\/www.hoymercedes.com.ar\/principal\/wp-content\/uploads\/2019\/06\/65269365_2370973816291310_4318126485509505024_n.png\" src=\"https:\/\/www.hoymercedes.com.ar\/principal\/wp-content\/uploads\/2019\/06\/65269365_2370973816291310_4318126485509505024_n.png\" alt=\"\" data-id=\"95958\" data-link=\"https:\/\/www.hoymercedes.com.ar\/principal\/?attachment_id=95958\" class=\"wp-image-95958\" srcset=\"https:\/\/www.hoymercedes.com.ar\/principal\/wp-content\/uploads\/2019\/06\/65269365_2370973816291310_4318126485509505024_n.png 760w, https:\/\/www.hoymercedes.com.ar\/principal\/wp-content\/uploads\/2019\/06\/65269365_2370973816291310_4318126485509505024_n-150x118.png 150w, https:\/\/www.hoymercedes.com.ar\/principal\/wp-content\/uploads\/2019\/06\/65269365_2370973816291310_4318126485509505024_n-630x496.png 630w\" sizes=\"auto, (max-width: 760px) 100vw, 760px\" \/><\/figure><\/li><li class=\"blocks-gallery-item\"><figure><img loading=\"lazy\" decoding=\"async\" width=\"754\" height=\"754\" data-attachment-id=\"95959\" data-permalink=\"https:\/\/www.hoymercedes.com.ar\/principal\/2019\/07\/01\/destacada-actuacion-de-club-estudiantes-en-la-segunda-fecha-de-cedep\/65316952_438848236937412_2462022794783752192_n\/#main\" data-orig-file=\"https:\/\/www.hoymercedes.com.ar\/principal\/wp-content\/uploads\/2019\/06\/65316952_438848236937412_2462022794783752192_n.jpg\" data-orig-size=\"754,754\" data-comments-opened=\"0\" data-image-meta=\"{&quot;aperture&quot;:&quot;0&quot;,&quot;credit&quot;:&quot;&quot;,&quot;camera&quot;:&quot;&quot;,&quot;caption&quot;:&quot;&quot;,&quot;created_timestamp&quot;:&quot;0&quot;,&quot;copyright&quot;:&quot;&quot;,&quot;focal_length&quot;:&quot;0&quot;,&quot;iso&quot;:&quot;0&quot;,&quot;shutter_speed&quot;:&quot;0&quot;,&quot;title&quot;:&quot;&quot;,&quot;orientation&quot;:&quot;0&quot;}\" data-image-title=\"65316952_438848236937412_2462022794783752192_n\" data-image-description=\"\" data-image-caption=\"\" data-large-file=\"https:\/\/www.hoymercedes.com.ar\/principal\/wp-content\/uploads\/2019\/06\/65316952_438848236937412_2462022794783752192_n.jpg\" src=\"https:\/\/www.hoymercedes.com.ar\/principal\/wp-content\/uploads\/2019\/06\/65316952_438848236937412_2462022794783752192_n.jpg\" alt=\"\" data-id=\"95959\" data-link=\"https:\/\/www.hoymercedes.com.ar\/principal\/?attachment_id=95959\" class=\"wp-image-95959\" srcset=\"https:\/\/www.hoymercedes.com.ar\/principal\/wp-content\/uploads\/2019\/06\/65316952_438848236937412_2462022794783752192_n.jpg 754w, https:\/\/www.hoymercedes.com.ar\/principal\/wp-content\/uploads\/2019\/06\/65316952_438848236937412_2462022794783752192_n-150x150.jpg 150w, https:\/\/www.hoymercedes.com.ar\/principal\/wp-content\/uploads\/2019\/06\/65316952_438848236937412_2462022794783752192_n-620x620.jpg 620w, https:\/\/www.hoymercedes.com.ar\/principal\/wp-content\/uploads\/2019\/06\/65316952_438848236937412_2462022794783752192_n-100x100.jpg 100w\" sizes=\"auto, (max-width: 754px) 100vw, 754px\" \/><\/figure><\/li><\/ul>\n","protected":false},"excerpt":{"rendered":"<p>El 22 y 23 de junio se realiz\u00f3 la segunda fecha de la Liga CEDEP, en las instalaciones del Club &#8230; <a title=\"Destacada actuaci\u00f3n de Club Estudiantes en la Segunda fecha de CEDEP\" class=\"read-more\" href=\"https:\/\/www.hoymercedes.com.ar\/principal\/2019\/07\/01\/destacada-actuacion-de-club-estudiantes-en-la-segunda-fecha-de-cedep\/\" aria-label=\"Leer m\u00e1s sobre Destacada actuaci\u00f3n de Club Estudiantes en la Segunda fecha de CEDEP\">Leer m\u00e1s<\/a><\/p>\n","protected":false},"author":1,"featured_media":95954,"comment_status":"closed","ping_status":"open","sticky":false,"template":"","format":"standard","meta":{"_monsterinsights_skip_tracking":false,"_monsterinsights_sitenote_active":false,"_monsterinsights_sitenote_note":"","_monsterinsights_sitenote_category":0,"jetpack_post_was_ever_published":false,"_jetpack_newsletter_access":"","_jetpack_dont_email_post_to_subs":false,"_jetpack_newsletter_tier_id":0,"_jetpack_memberships_contains_paywalled_content":false,"_jetpack_memberships_contains_paid_content":false,"footnotes":"","jetpack_publicize_message":"","jetpack_publicize_feature_enabled":true,"jetpack_social_post_already_shared":true,"jetpack_social_options":{"image_generator_settings":{"template":"highway","default_image_id":0,"font":"","enabled":false},"version":2},"_wpas_customize_per_network":false},"categories":[21],"tags":[3388,9183],"class_list":["post-95953","post","type-post","status-publish","format-standard","has-post-thumbnail","hentry","category-deportes","tag-club-estudiantes","tag-patin-artistico","generate-columns","tablet-grid-50","mobile-grid-100","grid-parent","grid-50"],"jetpack_publicize_connections":[],"jetpack_featured_media_url":"https:\/\/www.hoymercedes.com.ar\/principal\/wp-content\/uploads\/2019\/06\/65509839_2598535636845961_1246118906200850432_n.png","wps_subtitle":"Pat\u00edn Art\u00edstico","jetpack_sharing_enabled":true,"_links":{"self":[{"href":"https:\/\/www.hoymercedes.com.ar\/principal\/wp-json\/wp\/v2\/posts\/95953","targetHints":{"allow":["GET"]}}],"collection":[{"href":"https:\/\/www.hoymercedes.com.ar\/principal\/wp-json\/wp\/v2\/posts"}],"about":[{"href":"https:\/\/www.hoymercedes.com.ar\/principal\/wp-json\/wp\/v2\/types\/post"}],"author":[{"embeddable":true,"href":"https:\/\/www.hoymercedes.com.ar\/principal\/wp-json\/wp\/v2\/users\/1"}],"replies":[{"embeddable":true,"href":"https:\/\/www.hoymercedes.com.ar\/principal\/wp-json\/wp\/v2\/comments?post=95953"}],"version-history":[{"count":0,"href":"https:\/\/www.hoymercedes.com.ar\/principal\/wp-json\/wp\/v2\/posts\/95953\/revisions"}],"wp:featuredmedia":[{"embeddable":true,"href":"https:\/\/www.hoymercedes.com.ar\/principal\/wp-json\/wp\/v2\/media\/95954"}],"wp:attachment":[{"href":"https:\/\/www.hoymercedes.com.ar\/principal\/wp-json\/wp\/v2\/media?parent=95953"}],"wp:term":[{"taxonomy":"category","embeddable":true,"href":"https:\/\/www.hoymercedes.com.ar\/principal\/wp-json\/wp\/v2\/categories?post=95953"},{"taxonomy":"post_tag","embeddable":true,"href":"https:\/\/www.hoymercedes.com.ar\/principal\/wp-json\/wp\/v2\/tags?post=95953"}],"curies":[{"name":"wp","href":"https:\/\/api.w.org\/{rel}","templated":true}]}}