{"id":95983,"date":"2019-07-01T20:41:18","date_gmt":"2019-07-01T23:41:18","guid":{"rendered":"http:\/\/www.hoymercedes.com.ar\/principal\/?p=95983"},"modified":"2019-07-01T09:15:18","modified_gmt":"2019-07-01T12:15:18","slug":"la-srrm-abre-la-inscripcion-para-los-talleres-de-invierno","status":"publish","type":"post","link":"https:\/\/www.hoymercedes.com.ar\/principal\/2019\/07\/01\/la-srrm-abre-la-inscripcion-para-los-talleres-de-invierno\/","title":{"rendered":"La SRRM abre la inscripci\u00f3n para los talleres de invierno"},"content":{"rendered":"\n<p>Esta abierta la inscripci\u00f3n para los talleres de Vacaciones de Invierno de Equitacion para ni\u00f1os. Organizados por la Secci\u00f3n H\u00edpica de la Sociedad Rural Mercedes en sus instalaciones de Ruta Nacional 5 km 100. <\/p>\n\n\n\n<div class=\"wp-block-image\"><figure class=\"aligncenter\"><img loading=\"lazy\" decoding=\"async\" width=\"521\" height=\"805\" data-attachment-id=\"95984\" data-permalink=\"https:\/\/www.hoymercedes.com.ar\/principal\/2019\/07\/01\/la-srrm-abre-la-inscripcion-para-los-talleres-de-invierno\/65723377_10216847580074921_1240312230675742720_n\/#main\" data-orig-file=\"https:\/\/www.hoymercedes.com.ar\/principal\/wp-content\/uploads\/2019\/06\/65723377_10216847580074921_1240312230675742720_n.jpg\" data-orig-size=\"521,805\" data-comments-opened=\"0\" data-image-meta=\"{&quot;aperture&quot;:&quot;0&quot;,&quot;credit&quot;:&quot;&quot;,&quot;camera&quot;:&quot;&quot;,&quot;caption&quot;:&quot;&quot;,&quot;created_timestamp&quot;:&quot;0&quot;,&quot;copyright&quot;:&quot;&quot;,&quot;focal_length&quot;:&quot;0&quot;,&quot;iso&quot;:&quot;0&quot;,&quot;shutter_speed&quot;:&quot;0&quot;,&quot;title&quot;:&quot;&quot;,&quot;orientation&quot;:&quot;0&quot;}\" data-image-title=\"65723377_10216847580074921_1240312230675742720_n\" data-image-description=\"\" data-image-caption=\"\" data-large-file=\"https:\/\/www.hoymercedes.com.ar\/principal\/wp-content\/uploads\/2019\/06\/65723377_10216847580074921_1240312230675742720_n.jpg\" src=\"https:\/\/www.hoymercedes.com.ar\/principal\/wp-content\/uploads\/2019\/06\/65723377_10216847580074921_1240312230675742720_n.jpg\" alt=\"\" class=\"wp-image-95984\" srcset=\"https:\/\/www.hoymercedes.com.ar\/principal\/wp-content\/uploads\/2019\/06\/65723377_10216847580074921_1240312230675742720_n.jpg 521w, https:\/\/www.hoymercedes.com.ar\/principal\/wp-content\/uploads\/2019\/06\/65723377_10216847580074921_1240312230675742720_n-97x150.jpg 97w, https:\/\/www.hoymercedes.com.ar\/principal\/wp-content\/uploads\/2019\/06\/65723377_10216847580074921_1240312230675742720_n-401x620.jpg 401w\" sizes=\"auto, (max-width: 521px) 100vw, 521px\" \/><\/figure><\/div>\n\n\n\n<p>Los cupos son limitados. Se realizar\u00e1n dependiendo del pron\u00f3stico, por la ma\u00f1ana y por la tarde, de lunes a sabados. Una actividad diferente para pasar una tarde en familia y con nuevos amigos. Estos talleres tienen el objetivo de fomentar el amor por los caballos, el respeto y cuidado de los animales en un entorno natural. <\/p>\n\n\n\n<p>Para aquellos ni\u00f1os y ni\u00f1as de entre 4 y 14 a\u00f1os. La equitaci\u00f3n ayuda formar el car\u00e1cter, la responsabilidad y compa\u00f1erismo. Para m\u00e1s informaci\u00f3n o inscripci\u00f3n al siguiente taller comunicarse al 02324 15684631. <\/p>\n\n\n\n<p>En la Sociedad Rural Mercedes desde hace 20 a\u00f1os la Profesora Soledad Carranza ense\u00f1a equitaci\u00f3n, salto y equinoterapia a ni\u00f1os, jovenes y adultos. Instalaciones adecuadas y seguras para la practica del deporte y el bienestar del caballo y del jinete. <\/p>\n\n\n\n<p>Agradecimiento: Se realiz\u00f3 una pollada a beneficio el sabado 29 en la Sociedad Rural Mercedes para mejoras en el material de equitacion y equinoterapia de la Seccion Hipica. Se agradece por este medio la colaboracion brindada por la Direccion de Deportes de la Municipalidad de Mercedes. <\/p>\n","protected":false},"excerpt":{"rendered":"<p>Esta abierta la inscripci\u00f3n para los talleres de Vacaciones de Invierno de Equitacion para ni\u00f1os. Organizados por la Secci\u00f3n H\u00edpica &#8230; <a title=\"La SRRM abre la inscripci\u00f3n para los talleres de invierno\" class=\"read-more\" href=\"https:\/\/www.hoymercedes.com.ar\/principal\/2019\/07\/01\/la-srrm-abre-la-inscripcion-para-los-talleres-de-invierno\/\" aria-label=\"Leer m\u00e1s sobre La SRRM abre la inscripci\u00f3n para los talleres de invierno\">Leer m\u00e1s<\/a><\/p>\n","protected":false},"author":1,"featured_media":95984,"comment_status":"closed","ping_status":"open","sticky":false,"template":"","format":"standard","meta":{"_monsterinsights_skip_tracking":false,"_monsterinsights_sitenote_active":false,"_monsterinsights_sitenote_note":"","_monsterinsights_sitenote_category":0,"jetpack_post_was_ever_published":false,"_jetpack_newsletter_access":"","_jetpack_dont_email_post_to_subs":false,"_jetpack_newsletter_tier_id":0,"_jetpack_memberships_contains_paywalled_content":false,"_jetpack_memberships_contains_paid_content":false,"footnotes":"","jetpack_publicize_message":"","jetpack_publicize_feature_enabled":true,"jetpack_social_post_already_shared":true,"jetpack_social_options":{"image_generator_settings":{"template":"highway","default_image_id":0,"font":"","enabled":false},"version":2},"_wpas_customize_per_network":false},"categories":[21],"tags":[204,15430],"class_list":["post-95983","post","type-post","status-publish","format-standard","has-post-thumbnail","hentry","category-deportes","tag-deportes-2","tag-equitacion-srrm","generate-columns","tablet-grid-50","mobile-grid-100","grid-parent","grid-50"],"jetpack_publicize_connections":[],"jetpack_featured_media_url":"https:\/\/www.hoymercedes.com.ar\/principal\/wp-content\/uploads\/2019\/06\/65723377_10216847580074921_1240312230675742720_n.jpg","wps_subtitle":"Equitaci\u00f3n","jetpack_sharing_enabled":true,"_links":{"self":[{"href":"https:\/\/www.hoymercedes.com.ar\/principal\/wp-json\/wp\/v2\/posts\/95983","targetHints":{"allow":["GET"]}}],"collection":[{"href":"https:\/\/www.hoymercedes.com.ar\/principal\/wp-json\/wp\/v2\/posts"}],"about":[{"href":"https:\/\/www.hoymercedes.com.ar\/principal\/wp-json\/wp\/v2\/types\/post"}],"author":[{"embeddable":true,"href":"https:\/\/www.hoymercedes.com.ar\/principal\/wp-json\/wp\/v2\/users\/1"}],"replies":[{"embeddable":true,"href":"https:\/\/www.hoymercedes.com.ar\/principal\/wp-json\/wp\/v2\/comments?post=95983"}],"version-history":[{"count":0,"href":"https:\/\/www.hoymercedes.com.ar\/principal\/wp-json\/wp\/v2\/posts\/95983\/revisions"}],"wp:featuredmedia":[{"embeddable":true,"href":"https:\/\/www.hoymercedes.com.ar\/principal\/wp-json\/wp\/v2\/media\/95984"}],"wp:attachment":[{"href":"https:\/\/www.hoymercedes.com.ar\/principal\/wp-json\/wp\/v2\/media?parent=95983"}],"wp:term":[{"taxonomy":"category","embeddable":true,"href":"https:\/\/www.hoymercedes.com.ar\/principal\/wp-json\/wp\/v2\/categories?post=95983"},{"taxonomy":"post_tag","embeddable":true,"href":"https:\/\/www.hoymercedes.com.ar\/principal\/wp-json\/wp\/v2\/tags?post=95983"}],"curies":[{"name":"wp","href":"https:\/\/api.w.org\/{rel}","templated":true}]}}