{"id":96006,"date":"2019-07-01T12:03:23","date_gmt":"2019-07-01T15:03:23","guid":{"rendered":"http:\/\/www.hoymercedes.com.ar\/principal\/?p=96006"},"modified":"2019-07-02T15:45:49","modified_gmt":"2019-07-02T18:45:49","slug":"de-interes-legislativo-declaran-las-jornadas-para-prevenir-la-diabetes","status":"publish","type":"post","link":"https:\/\/www.hoymercedes.com.ar\/principal\/2019\/07\/01\/de-interes-legislativo-declaran-las-jornadas-para-prevenir-la-diabetes\/","title":{"rendered":"De Inter\u00e9s Legislativo declaran las jornadas para prevenir la diabetes"},"content":{"rendered":"\n<p>El Concejo Deliberante de Mercedes aprob\u00f3 sobre tablas y por unanimidad la declaraci\u00f3n de inter\u00e9s legislativo las jornadas que se desarrollar\u00e1n hasta noviembre con la tem\u00e1tica central de concientizar y prevenir la diabetes. <\/p>\n\n\n\n<p>Una de las charlas que se llevar\u00e1 adelante esta semana ser\u00e1 el 4 de julio, desde las 14:30 horas, en la sede de la C\u00e1mara Econ\u00f3mica Mercedina. El t\u00edtulo de la disertaci\u00f3n a cargo de la nutricionista Micaela Blanco y de la Ingeniera en Alimentos, Mar\u00eda Florencia Gonz\u00e1lez es \u00abMuchos Alimentos pueden afectar tu glucemia\u00bb. <\/p>\n\n\n\n<p>A modo de adelanto, explicaron que hablar\u00e1n de los alimentos light, diet\u00e9ticos y sin az\u00facar, diferentes tipos de edulcorantes y sus usos y tips para minimizar el consumo de az\u00facar. <\/p>\n\n\n\n<p>Consultar cupos y m\u00e1s informaci\u00f3n a  <a href=\"https:\/\/www.facebook.com\/micaelablanconutricionista\/\" target=\"_blank\" rel=\"noopener\">https:\/\/www.facebook.com\/micaelablanconutricionista\/<\/a> <\/p>\n\n\n\n<figure class=\"wp-block-image\"><img loading=\"lazy\" decoding=\"async\" width=\"600\" height=\"750\" data-attachment-id=\"96007\" data-permalink=\"https:\/\/www.hoymercedes.com.ar\/principal\/2019\/07\/01\/de-interes-legislativo-declaran-las-jornadas-para-prevenir-la-diabetes\/01-declaracion-hcd\/#main\" data-orig-file=\"https:\/\/www.hoymercedes.com.ar\/principal\/wp-content\/uploads\/2019\/07\/01-declaracion-hcd.jpg\" data-orig-size=\"600,750\" data-comments-opened=\"0\" data-image-meta=\"{&quot;aperture&quot;:&quot;0&quot;,&quot;credit&quot;:&quot;&quot;,&quot;camera&quot;:&quot;&quot;,&quot;caption&quot;:&quot;&quot;,&quot;created_timestamp&quot;:&quot;0&quot;,&quot;copyright&quot;:&quot;&quot;,&quot;focal_length&quot;:&quot;0&quot;,&quot;iso&quot;:&quot;0&quot;,&quot;shutter_speed&quot;:&quot;0&quot;,&quot;title&quot;:&quot;&quot;,&quot;orientation&quot;:&quot;0&quot;}\" data-image-title=\"01 declaracion hcd\" data-image-description=\"\" data-image-caption=\"\" data-large-file=\"https:\/\/www.hoymercedes.com.ar\/principal\/wp-content\/uploads\/2019\/07\/01-declaracion-hcd.jpg\" src=\"https:\/\/www.hoymercedes.com.ar\/principal\/wp-content\/uploads\/2019\/07\/01-declaracion-hcd.jpg\" alt=\"\" class=\"wp-image-96007\" srcset=\"https:\/\/www.hoymercedes.com.ar\/principal\/wp-content\/uploads\/2019\/07\/01-declaracion-hcd.jpg 600w, https:\/\/www.hoymercedes.com.ar\/principal\/wp-content\/uploads\/2019\/07\/01-declaracion-hcd-120x150.jpg 120w, https:\/\/www.hoymercedes.com.ar\/principal\/wp-content\/uploads\/2019\/07\/01-declaracion-hcd-496x620.jpg 496w\" sizes=\"auto, (max-width: 600px) 100vw, 600px\" \/><\/figure>\n","protected":false},"excerpt":{"rendered":"<p>El Concejo Deliberante de Mercedes aprob\u00f3 sobre tablas y por unanimidad la declaraci\u00f3n de inter\u00e9s legislativo las jornadas que se &#8230; <a title=\"De Inter\u00e9s Legislativo declaran las jornadas para prevenir la diabetes\" class=\"read-more\" href=\"https:\/\/www.hoymercedes.com.ar\/principal\/2019\/07\/01\/de-interes-legislativo-declaran-las-jornadas-para-prevenir-la-diabetes\/\" aria-label=\"Leer m\u00e1s sobre De Inter\u00e9s Legislativo declaran las jornadas para prevenir la diabetes\">Leer m\u00e1s<\/a><\/p>\n","protected":false},"author":1,"featured_media":96007,"comment_status":"closed","ping_status":"open","sticky":false,"template":"","format":"standard","meta":{"_monsterinsights_skip_tracking":false,"_monsterinsights_sitenote_active":false,"_monsterinsights_sitenote_note":"","_monsterinsights_sitenote_category":0,"jetpack_post_was_ever_published":false,"_jetpack_newsletter_access":"","_jetpack_dont_email_post_to_subs":false,"_jetpack_newsletter_tier_id":0,"_jetpack_memberships_contains_paywalled_content":false,"_jetpack_memberships_contains_paid_content":false,"footnotes":"","jetpack_publicize_message":"","jetpack_publicize_feature_enabled":true,"jetpack_social_post_already_shared":true,"jetpack_social_options":{"image_generator_settings":{"template":"highway","default_image_id":0,"font":"","enabled":false},"version":2},"_wpas_customize_per_network":false},"categories":[9791],"tags":[15433,15,15434,134],"class_list":["post-96006","post","type-post","status-publish","format-standard","has-post-thumbnail","hentry","category-salud","tag-declaracion-legislativa","tag-hcd","tag-jornada-de-diabetes","tag-salud","generate-columns","tablet-grid-50","mobile-grid-100","grid-parent","grid-50"],"jetpack_publicize_connections":[],"jetpack_featured_media_url":"https:\/\/www.hoymercedes.com.ar\/principal\/wp-content\/uploads\/2019\/07\/01-declaracion-hcd.jpg","wps_subtitle":"","jetpack_sharing_enabled":true,"_links":{"self":[{"href":"https:\/\/www.hoymercedes.com.ar\/principal\/wp-json\/wp\/v2\/posts\/96006","targetHints":{"allow":["GET"]}}],"collection":[{"href":"https:\/\/www.hoymercedes.com.ar\/principal\/wp-json\/wp\/v2\/posts"}],"about":[{"href":"https:\/\/www.hoymercedes.com.ar\/principal\/wp-json\/wp\/v2\/types\/post"}],"author":[{"embeddable":true,"href":"https:\/\/www.hoymercedes.com.ar\/principal\/wp-json\/wp\/v2\/users\/1"}],"replies":[{"embeddable":true,"href":"https:\/\/www.hoymercedes.com.ar\/principal\/wp-json\/wp\/v2\/comments?post=96006"}],"version-history":[{"count":0,"href":"https:\/\/www.hoymercedes.com.ar\/principal\/wp-json\/wp\/v2\/posts\/96006\/revisions"}],"wp:featuredmedia":[{"embeddable":true,"href":"https:\/\/www.hoymercedes.com.ar\/principal\/wp-json\/wp\/v2\/media\/96007"}],"wp:attachment":[{"href":"https:\/\/www.hoymercedes.com.ar\/principal\/wp-json\/wp\/v2\/media?parent=96006"}],"wp:term":[{"taxonomy":"category","embeddable":true,"href":"https:\/\/www.hoymercedes.com.ar\/principal\/wp-json\/wp\/v2\/categories?post=96006"},{"taxonomy":"post_tag","embeddable":true,"href":"https:\/\/www.hoymercedes.com.ar\/principal\/wp-json\/wp\/v2\/tags?post=96006"}],"curies":[{"name":"wp","href":"https:\/\/api.w.org\/{rel}","templated":true}]}}