{"id":96024,"date":"2019-07-02T06:12:01","date_gmt":"2019-07-02T09:12:01","guid":{"rendered":"http:\/\/www.hoymercedes.com.ar\/principal\/?p=96024"},"modified":"2019-07-01T15:57:08","modified_gmt":"2019-07-01T18:57:08","slug":"recordatorio-stella-maris-bojorge-2","status":"publish","type":"post","link":"https:\/\/www.hoymercedes.com.ar\/principal\/2019\/07\/02\/recordatorio-stella-maris-bojorge-2\/","title":{"rendered":"Recordatorio: Stella Maris Bojorge"},"content":{"rendered":"\n<div class=\"wp-block-image\"><figure class=\"aligncenter\"><img loading=\"lazy\" decoding=\"async\" width=\"480\" height=\"526\" data-attachment-id=\"51893\" data-permalink=\"https:\/\/www.hoymercedes.com.ar\/principal\/2016\/07\/02\/stella-maris-bojorge-a-39-anos-de-su-secuestro-desaparicion-y-asesinato\/stella-maris-bojorge\/#main\" data-orig-file=\"https:\/\/www.hoymercedes.com.ar\/principal\/wp-content\/uploads\/2016\/06\/Stella-Maris-Bojorge.jpg\" data-orig-size=\"480,526\" data-comments-opened=\"1\" data-image-meta=\"{&quot;aperture&quot;:&quot;0&quot;,&quot;credit&quot;:&quot;&quot;,&quot;camera&quot;:&quot;&quot;,&quot;caption&quot;:&quot;&quot;,&quot;created_timestamp&quot;:&quot;0&quot;,&quot;copyright&quot;:&quot;&quot;,&quot;focal_length&quot;:&quot;0&quot;,&quot;iso&quot;:&quot;0&quot;,&quot;shutter_speed&quot;:&quot;0&quot;,&quot;title&quot;:&quot;&quot;,&quot;orientation&quot;:&quot;0&quot;}\" data-image-title=\"Stella Maris Bojorge\" data-image-description=\"\" data-image-caption=\"\" data-large-file=\"https:\/\/www.hoymercedes.com.ar\/principal\/wp-content\/uploads\/2016\/06\/Stella-Maris-Bojorge.jpg\" src=\"https:\/\/www.hoymercedes.com.ar\/principal\/wp-content\/uploads\/2016\/06\/Stella-Maris-Bojorge.jpg\" alt=\"\" class=\"wp-image-51893\" srcset=\"https:\/\/www.hoymercedes.com.ar\/principal\/wp-content\/uploads\/2016\/06\/Stella-Maris-Bojorge.jpg 480w, https:\/\/www.hoymercedes.com.ar\/principal\/wp-content\/uploads\/2016\/06\/Stella-Maris-Bojorge-137x150.jpg 137w\" sizes=\"auto, (max-width: 480px) 100vw, 480px\" \/><\/figure><\/div>\n\n\n\n<p style=\"text-align:center\"><strong>A 42 a\u00f1os de su secuestro, desaparici\u00f3n y asesinato<\/strong> <br><strong>02-07-1977 a los 23 a\u00f1os de edad<\/strong><\/p>\n\n\n\n<p>Stella Maris Bojorge, naci\u00f3 en la ciudad de Mercedes\n(Bs. As.) el 4 de febrero de 1954. Hija de Arturo Carlos Bojorge y Mar\u00eda Elena\nPuricelli de Bojorge.Hermana de Mar\u00eda Elena, Mar\u00eda Adriana, Arturo Carlos,\nMar\u00eda Silvana, Elisabet Patricia, Fernando Marcelo, Mar\u00eda Alejandra y Claudia\nDaniela.<\/p>\n\n\n\n<p>Realiz\u00f3 sus estudios inicial, primario y secundario en la Escuela Normal\nSuperior Nacional de Mercedes gradu\u00e1ndose de Bachiller. Continu\u00f3 estudios superiores en la Facultad de Medicina de La Plata cursando hasta tercer a\u00f1o de dicha\ncarrera. All\u00ed milit\u00f3 en\nla Juventud Universitaria Peronista (JUP), donde conoci\u00f3 a su compa\u00f1ero Carlos\nAlberto Weber, estudiante de la Facultad de Agronom\u00eda.<\/p>\n\n\n\n<p>Fue secuestrada de la casa de sus padres, en la\nlocalidad de Mercedes, en la madrugada del 2 de julio de 1977. <\/p>\n\n\n\n<p>Permaneci\u00f3 detenida en el Centro Clandestino \u201cLa\nCacha\u201d, ubicado en Olmos, La Plata, donde fue sometida a tormentos f\u00edsicos y\npsicol\u00f3gicos. En ese lugar tambi\u00e9n se encontraba detenido su novio, quien fuera\nsecuestrado 72 horas antes que ella, del Batall\u00f3n de Comunicaciones Comando 601\nde la ciudad de City Bell, en donde cumpl\u00eda el servicio militar obligatorio.<\/p>\n\n\n\n<p>Luego de una larga b\u00fasqueda e investigaci\u00f3n se logr\u00f3\nreconstruir la verdad de su tr\u00e1gico final. Fue brutalmente asesinada junto a\notros siete compa\u00f1eros, en la madrugada del 22 de septiembre de 1977 en el\nParque Pereyra Iraola.<\/p>\n\n\n\n<p>Sus restos fueron hallados en una tumba NN en el\nCementerio de La Plata, exhumados e identificados por el EAAF, Equipo Argentino\nde Antropolog\u00eda Forense y restitu\u00eddos a su familia el 8 de marzo de 2008.<\/p>\n\n\n\n<p>En el a\u00f1o 2014, se llev\u00f3 a cabo en La Plata el juicio a\nlos responsables por cr\u00edmenes de lesa humanidad cometidos en el Centro\nClandestino de Detenci\u00f3n \u201cLa Cacha\u201d durante la Dictadura C\u00edvico- Militar, donde\n20 represores fueron condenados, 15 de ellos a \u201cCadena Perpetua\u201d y los\nrestantes con sentencias de 12 a 15 a\u00f1os.<\/p>\n\n\n\n<p>Queremos rescatar y distinguir para la memoria\ncolectiva, su historia, una de las tantas historias de vida enaltecidas por la\ncoherencia, el valor y el compromiso militante. <\/p>\n\n\n\n<p>A un nuevo aniversario de su desaparici\u00f3n, por ella y\npor los 30.000 compa\u00f1eros detenidos-desaparecidos y asesinados decimos\n\u00a1PRESENTES! No olvidamos, sostenemos la memoria, reclamamos la verdad, luchamos\ncontra la impunidad y exigimos juicio y castigo a todos los culpables.<\/p>\n\n\n\n<p style=\"text-align:center\"><strong>Memoria, Verdad y Justicia<\/strong><br><strong>Comisi\u00f3n Municipal por la Memoria de Mercedes<\/strong><\/p>\n","protected":false},"excerpt":{"rendered":"<p>A 42 a\u00f1os de su secuestro, desaparici\u00f3n y asesinato 02-07-1977 a los 23 a\u00f1os de edad Stella Maris Bojorge, naci\u00f3 &#8230; <a title=\"Recordatorio: Stella Maris Bojorge\" class=\"read-more\" href=\"https:\/\/www.hoymercedes.com.ar\/principal\/2019\/07\/02\/recordatorio-stella-maris-bojorge-2\/\" aria-label=\"Leer m\u00e1s sobre Recordatorio: Stella Maris Bojorge\">Leer m\u00e1s<\/a><\/p>\n","protected":false},"author":1,"featured_media":51893,"comment_status":"closed","ping_status":"open","sticky":false,"template":"","format":"standard","meta":{"_monsterinsights_skip_tracking":false,"_monsterinsights_sitenote_active":false,"_monsterinsights_sitenote_note":"","_monsterinsights_sitenote_category":0,"jetpack_post_was_ever_published":false,"_jetpack_newsletter_access":"","_jetpack_dont_email_post_to_subs":false,"_jetpack_newsletter_tier_id":0,"_jetpack_memberships_contains_paywalled_content":false,"_jetpack_memberships_contains_paid_content":false,"footnotes":"","jetpack_publicize_message":"","jetpack_publicize_feature_enabled":true,"jetpack_social_post_already_shared":true,"jetpack_social_options":{"image_generator_settings":{"template":"highway","default_image_id":0,"font":"","enabled":false},"version":2},"_wpas_customize_per_network":false},"categories":[11],"tags":[10337,9744],"class_list":["post-96024","post","type-post","status-publish","format-standard","has-post-thumbnail","hentry","category-ciudad","tag-memoria-verdad-y-justicia","tag-recordatorio","generate-columns","tablet-grid-50","mobile-grid-100","grid-parent","grid-50"],"jetpack_publicize_connections":[],"jetpack_featured_media_url":"https:\/\/www.hoymercedes.com.ar\/principal\/wp-content\/uploads\/2016\/06\/Stella-Maris-Bojorge.jpg","wps_subtitle":"","jetpack_sharing_enabled":true,"_links":{"self":[{"href":"https:\/\/www.hoymercedes.com.ar\/principal\/wp-json\/wp\/v2\/posts\/96024","targetHints":{"allow":["GET"]}}],"collection":[{"href":"https:\/\/www.hoymercedes.com.ar\/principal\/wp-json\/wp\/v2\/posts"}],"about":[{"href":"https:\/\/www.hoymercedes.com.ar\/principal\/wp-json\/wp\/v2\/types\/post"}],"author":[{"embeddable":true,"href":"https:\/\/www.hoymercedes.com.ar\/principal\/wp-json\/wp\/v2\/users\/1"}],"replies":[{"embeddable":true,"href":"https:\/\/www.hoymercedes.com.ar\/principal\/wp-json\/wp\/v2\/comments?post=96024"}],"version-history":[{"count":0,"href":"https:\/\/www.hoymercedes.com.ar\/principal\/wp-json\/wp\/v2\/posts\/96024\/revisions"}],"wp:featuredmedia":[{"embeddable":true,"href":"https:\/\/www.hoymercedes.com.ar\/principal\/wp-json\/wp\/v2\/media\/51893"}],"wp:attachment":[{"href":"https:\/\/www.hoymercedes.com.ar\/principal\/wp-json\/wp\/v2\/media?parent=96024"}],"wp:term":[{"taxonomy":"category","embeddable":true,"href":"https:\/\/www.hoymercedes.com.ar\/principal\/wp-json\/wp\/v2\/categories?post=96024"},{"taxonomy":"post_tag","embeddable":true,"href":"https:\/\/www.hoymercedes.com.ar\/principal\/wp-json\/wp\/v2\/tags?post=96024"}],"curies":[{"name":"wp","href":"https:\/\/api.w.org\/{rel}","templated":true}]}}