{"id":96032,"date":"2019-07-01T18:43:28","date_gmt":"2019-07-01T21:43:28","guid":{"rendered":"http:\/\/www.hoymercedes.com.ar\/principal\/?p=96032"},"modified":"2019-07-01T15:56:39","modified_gmt":"2019-07-01T18:56:39","slug":"capacitacion-regional-para-los-referentes-de-los-cpa","status":"publish","type":"post","link":"https:\/\/www.hoymercedes.com.ar\/principal\/2019\/07\/01\/capacitacion-regional-para-los-referentes-de-los-cpa\/","title":{"rendered":"Capacitaci\u00f3n regional para los referentes de los CPA"},"content":{"rendered":"\n<p>D\u00edas atr\u00e1s se llev\u00f3 adelante una Jornada sobre Adicciones y Prevenci\u00f3n de Salud Mental, en el Centro Regional Pampeano del SENASA Chivilcoy. Profesionales de distintas \u00e1reas de salud de localidades del centro y norte bonaerense estuvieron presentes. Entre ellos, los referentes del CPA Mercedes. La capacitaci\u00f3n fue sobre Adicciones y Prevenci\u00f3n de Salud Mental, dictada por referentes de la Subsecretar\u00eda de Determinantes Sociales, del Ministerio de Salud de la provincia de Buenos Aires.<\/p>\n\n\n\n<figure class=\"wp-block-image\"><img loading=\"lazy\" decoding=\"async\" width=\"750\" height=\"500\" data-attachment-id=\"96034\" data-permalink=\"https:\/\/www.hoymercedes.com.ar\/principal\/2019\/07\/01\/capacitacion-regional-para-los-referentes-de-los-cpa\/01-capaci-regional-1\/#main\" data-orig-file=\"https:\/\/www.hoymercedes.com.ar\/principal\/wp-content\/uploads\/2019\/07\/01-capaci-regional-1.jpg\" data-orig-size=\"750,500\" data-comments-opened=\"0\" data-image-meta=\"{&quot;aperture&quot;:&quot;0&quot;,&quot;credit&quot;:&quot;&quot;,&quot;camera&quot;:&quot;&quot;,&quot;caption&quot;:&quot;&quot;,&quot;created_timestamp&quot;:&quot;0&quot;,&quot;copyright&quot;:&quot;&quot;,&quot;focal_length&quot;:&quot;0&quot;,&quot;iso&quot;:&quot;0&quot;,&quot;shutter_speed&quot;:&quot;0&quot;,&quot;title&quot;:&quot;&quot;,&quot;orientation&quot;:&quot;0&quot;}\" data-image-title=\"01 capaci regional 1\" data-image-description=\"\" data-image-caption=\"\" data-large-file=\"https:\/\/www.hoymercedes.com.ar\/principal\/wp-content\/uploads\/2019\/07\/01-capaci-regional-1.jpg\" src=\"https:\/\/www.hoymercedes.com.ar\/principal\/wp-content\/uploads\/2019\/07\/01-capaci-regional-1.jpg\" alt=\"\" class=\"wp-image-96034\" srcset=\"https:\/\/www.hoymercedes.com.ar\/principal\/wp-content\/uploads\/2019\/07\/01-capaci-regional-1.jpg 750w, https:\/\/www.hoymercedes.com.ar\/principal\/wp-content\/uploads\/2019\/07\/01-capaci-regional-1-150x100.jpg 150w, https:\/\/www.hoymercedes.com.ar\/principal\/wp-content\/uploads\/2019\/07\/01-capaci-regional-1-630x420.jpg 630w, https:\/\/www.hoymercedes.com.ar\/principal\/wp-content\/uploads\/2019\/07\/01-capaci-regional-1-720x480.jpg 720w, https:\/\/www.hoymercedes.com.ar\/principal\/wp-content\/uploads\/2019\/07\/01-capaci-regional-1-360x240.jpg 360w\" sizes=\"auto, (max-width: 750px) 100vw, 750px\" \/><\/figure>\n\n\n\n<p>En esta oportunidad, Karina Castro, fue quien se refiri\u00f3 al sistema\ninform\u00e1tico desarrollado por dicho Ministerio a la hora de llevar a cabo el seguimiento\nde los pacientes atendidos en los Centros Provinciales de Adicciones (CPA), en\nel marco del denominado Sistema de Continuidad de Cuidados (SICCBA).<\/p>\n\n\n\n<p>Tambi\u00e9n se trataron diferentes ejes conceptuales, en lo que respecta a\nestablecer nuevos y m\u00e1s frecuentes encuentros de capacitaci\u00f3n en zona, adem\u00e1s\nde focalizar en las acciones de prevenci\u00f3n y control, propias del Plan de\nAdicciones, desarrollado desde esta Subsecretar\u00eda; resaltando la atenci\u00f3n en\nsalud mental para trabajadores de las guardias de hospitales, SAME y otros agentes\nresponsables, como miembros de Servicio Local, Educaci\u00f3n, entre otros.<\/p>\n\n\n\n<p>Estuvieron presentes m\u00e1s de 20 agentes -entre m\u00e9dicos, psic\u00f3logos, terapista ocupacional y trabajadores sociales- representando a los distintos CPA de 25 de mayo, Navarro Lobos, Mercedes Suipacha, Chivilcoy, Alberti y Bragado. <\/p>\n\n\n\n<p>Fuente: Prensa SENASA <\/p>\n\n\n\n<figure class=\"wp-block-image\"><img loading=\"lazy\" decoding=\"async\" width=\"750\" height=\"500\" data-attachment-id=\"96033\" data-permalink=\"https:\/\/www.hoymercedes.com.ar\/principal\/2019\/07\/01\/capacitacion-regional-para-los-referentes-de-los-cpa\/01-capac-regional-2\/#main\" data-orig-file=\"https:\/\/www.hoymercedes.com.ar\/principal\/wp-content\/uploads\/2019\/07\/01-capac-regional-2.jpg\" data-orig-size=\"750,500\" data-comments-opened=\"0\" data-image-meta=\"{&quot;aperture&quot;:&quot;0&quot;,&quot;credit&quot;:&quot;&quot;,&quot;camera&quot;:&quot;&quot;,&quot;caption&quot;:&quot;&quot;,&quot;created_timestamp&quot;:&quot;0&quot;,&quot;copyright&quot;:&quot;&quot;,&quot;focal_length&quot;:&quot;0&quot;,&quot;iso&quot;:&quot;0&quot;,&quot;shutter_speed&quot;:&quot;0&quot;,&quot;title&quot;:&quot;&quot;,&quot;orientation&quot;:&quot;0&quot;}\" data-image-title=\"01 capac regional 2\" data-image-description=\"\" data-image-caption=\"\" data-large-file=\"https:\/\/www.hoymercedes.com.ar\/principal\/wp-content\/uploads\/2019\/07\/01-capac-regional-2.jpg\" src=\"https:\/\/www.hoymercedes.com.ar\/principal\/wp-content\/uploads\/2019\/07\/01-capac-regional-2.jpg\" alt=\"\" class=\"wp-image-96033\" srcset=\"https:\/\/www.hoymercedes.com.ar\/principal\/wp-content\/uploads\/2019\/07\/01-capac-regional-2.jpg 750w, https:\/\/www.hoymercedes.com.ar\/principal\/wp-content\/uploads\/2019\/07\/01-capac-regional-2-150x100.jpg 150w, https:\/\/www.hoymercedes.com.ar\/principal\/wp-content\/uploads\/2019\/07\/01-capac-regional-2-630x420.jpg 630w, https:\/\/www.hoymercedes.com.ar\/principal\/wp-content\/uploads\/2019\/07\/01-capac-regional-2-720x480.jpg 720w, https:\/\/www.hoymercedes.com.ar\/principal\/wp-content\/uploads\/2019\/07\/01-capac-regional-2-360x240.jpg 360w\" sizes=\"auto, (max-width: 750px) 100vw, 750px\" \/><\/figure>\n","protected":false},"excerpt":{"rendered":"<p>D\u00edas atr\u00e1s se llev\u00f3 adelante una Jornada sobre Adicciones y Prevenci\u00f3n de Salud Mental, en el Centro Regional Pampeano del &#8230; <a title=\"Capacitaci\u00f3n regional para los referentes de los CPA\" class=\"read-more\" href=\"https:\/\/www.hoymercedes.com.ar\/principal\/2019\/07\/01\/capacitacion-regional-para-los-referentes-de-los-cpa\/\" aria-label=\"Leer m\u00e1s sobre Capacitaci\u00f3n regional para los referentes de los CPA\">Leer m\u00e1s<\/a><\/p>\n","protected":false},"author":1,"featured_media":96033,"comment_status":"closed","ping_status":"open","sticky":false,"template":"","format":"standard","meta":{"_monsterinsights_skip_tracking":false,"_monsterinsights_sitenote_active":false,"_monsterinsights_sitenote_note":"","_monsterinsights_sitenote_category":0,"jetpack_post_was_ever_published":false,"_jetpack_newsletter_access":"","_jetpack_dont_email_post_to_subs":false,"_jetpack_newsletter_tier_id":0,"_jetpack_memberships_contains_paywalled_content":false,"_jetpack_memberships_contains_paid_content":false,"footnotes":"","jetpack_publicize_message":"","jetpack_publicize_feature_enabled":true,"jetpack_social_post_already_shared":true,"jetpack_social_options":{"image_generator_settings":{"template":"highway","default_image_id":0,"font":"","enabled":false},"version":2},"_wpas_customize_per_network":false},"categories":[5501],"tags":[11478,27,134,5896,10041,8450],"class_list":["post-96032","post","type-post","status-publish","format-standard","has-post-thumbnail","hentry","category-region","tag-cpa","tag-drogas","tag-salud","tag-salud-mental","tag-sanidad","tag-senasa","generate-columns","tablet-grid-50","mobile-grid-100","grid-parent","grid-50"],"jetpack_publicize_connections":[],"jetpack_featured_media_url":"https:\/\/www.hoymercedes.com.ar\/principal\/wp-content\/uploads\/2019\/07\/01-capac-regional-2.jpg","wps_subtitle":"Salud","jetpack_sharing_enabled":true,"_links":{"self":[{"href":"https:\/\/www.hoymercedes.com.ar\/principal\/wp-json\/wp\/v2\/posts\/96032","targetHints":{"allow":["GET"]}}],"collection":[{"href":"https:\/\/www.hoymercedes.com.ar\/principal\/wp-json\/wp\/v2\/posts"}],"about":[{"href":"https:\/\/www.hoymercedes.com.ar\/principal\/wp-json\/wp\/v2\/types\/post"}],"author":[{"embeddable":true,"href":"https:\/\/www.hoymercedes.com.ar\/principal\/wp-json\/wp\/v2\/users\/1"}],"replies":[{"embeddable":true,"href":"https:\/\/www.hoymercedes.com.ar\/principal\/wp-json\/wp\/v2\/comments?post=96032"}],"version-history":[{"count":0,"href":"https:\/\/www.hoymercedes.com.ar\/principal\/wp-json\/wp\/v2\/posts\/96032\/revisions"}],"wp:featuredmedia":[{"embeddable":true,"href":"https:\/\/www.hoymercedes.com.ar\/principal\/wp-json\/wp\/v2\/media\/96033"}],"wp:attachment":[{"href":"https:\/\/www.hoymercedes.com.ar\/principal\/wp-json\/wp\/v2\/media?parent=96032"}],"wp:term":[{"taxonomy":"category","embeddable":true,"href":"https:\/\/www.hoymercedes.com.ar\/principal\/wp-json\/wp\/v2\/categories?post=96032"},{"taxonomy":"post_tag","embeddable":true,"href":"https:\/\/www.hoymercedes.com.ar\/principal\/wp-json\/wp\/v2\/tags?post=96032"}],"curies":[{"name":"wp","href":"https:\/\/api.w.org\/{rel}","templated":true}]}}