{"id":96038,"date":"2019-07-01T19:31:35","date_gmt":"2019-07-01T22:31:35","guid":{"rendered":"http:\/\/www.hoymercedes.com.ar\/principal\/?p=96038"},"modified":"2019-07-01T19:31:39","modified_gmt":"2019-07-01T22:31:39","slug":"invitan-a-almuerzo-solidario-y-fiesta-por-el-hogar-villa-abrille","status":"publish","type":"post","link":"https:\/\/www.hoymercedes.com.ar\/principal\/2019\/07\/01\/invitan-a-almuerzo-solidario-y-fiesta-por-el-hogar-villa-abrille\/","title":{"rendered":"Invitan a almuerzo solidario y fiesta por el Hogar Villa Abrille"},"content":{"rendered":"\n<figure class=\"wp-block-image\"><img loading=\"lazy\" decoding=\"async\" width=\"1024\" height=\"1024\" data-attachment-id=\"96039\" data-permalink=\"https:\/\/www.hoymercedes.com.ar\/principal\/2019\/07\/01\/invitan-a-almuerzo-solidario-y-fiesta-por-el-hogar-villa-abrille\/fernandaottolini-labanda\/#main\" data-orig-file=\"https:\/\/www.hoymercedes.com.ar\/principal\/wp-content\/uploads\/2019\/07\/FernandaOttolini-LaBanda.jpeg\" data-orig-size=\"1280,1280\" data-comments-opened=\"0\" data-image-meta=\"{&quot;aperture&quot;:&quot;0&quot;,&quot;credit&quot;:&quot;&quot;,&quot;camera&quot;:&quot;&quot;,&quot;caption&quot;:&quot;&quot;,&quot;created_timestamp&quot;:&quot;0&quot;,&quot;copyright&quot;:&quot;&quot;,&quot;focal_length&quot;:&quot;0&quot;,&quot;iso&quot;:&quot;0&quot;,&quot;shutter_speed&quot;:&quot;0&quot;,&quot;title&quot;:&quot;&quot;,&quot;orientation&quot;:&quot;0&quot;}\" data-image-title=\"FernandaOttolini-LaBanda\" data-image-description=\"\" data-image-caption=\"\" data-large-file=\"https:\/\/www.hoymercedes.com.ar\/principal\/wp-content\/uploads\/2019\/07\/FernandaOttolini-LaBanda-1024x1024.jpeg\" src=\"https:\/\/www.hoymercedes.com.ar\/principal\/wp-content\/uploads\/2019\/07\/FernandaOttolini-LaBanda-1024x1024.jpeg\" alt=\"\" class=\"wp-image-96039\" srcset=\"https:\/\/www.hoymercedes.com.ar\/principal\/wp-content\/uploads\/2019\/07\/FernandaOttolini-LaBanda-1024x1024.jpeg 1024w, https:\/\/www.hoymercedes.com.ar\/principal\/wp-content\/uploads\/2019\/07\/FernandaOttolini-LaBanda-150x150.jpeg 150w, https:\/\/www.hoymercedes.com.ar\/principal\/wp-content\/uploads\/2019\/07\/FernandaOttolini-LaBanda-620x620.jpeg 620w, https:\/\/www.hoymercedes.com.ar\/principal\/wp-content\/uploads\/2019\/07\/FernandaOttolini-LaBanda-100x100.jpeg 100w, https:\/\/www.hoymercedes.com.ar\/principal\/wp-content\/uploads\/2019\/07\/FernandaOttolini-LaBanda.jpeg 1280w\" sizes=\"auto, (max-width: 1024px) 100vw, 1024px\" \/><\/figure>\n\n\n\n<p>Desde el Hogar Villa Abrille invitan a un almuerzo solidario. Ser\u00e1 un gran encuentro familiar con show en vivo, baile y la posibilidad de pasar un domingo juntos, destacaron desde la organizaci\u00f3n. <\/p>\n\n\n\n<p>La fiesta ser\u00e1 el pr\u00f3ximo domingo 7 de julio a las 12.00hs en el predio del ex Mart\u00edn Rodr\u00edguez y tiene una tarjeta cuyo valor es de $200 y es a beneficio de la Asociaci\u00f3n Civil Cooperadora Hogar Villa Abrille cuyo objetivo es seguir colaborando en mejoras y bienestar del querido establecimiento que tanto amor da a nuestros adultos mayores, narr\u00f3 Noelia Gollo, una de las responsables del lugar. <\/p>\n\n\n\n<p>Como es habitual se convoca a los vecinos no s\u00f3lo  a ser parte de estas \u201ccausas nobles y solidarias\u201d sino tambi\u00e9n a encontrarse, pasarla bien y celebrar. <\/p>\n\n\n\n<p>Adem\u00e1s de las sorpresas y la idea de pasar un domingo en familia, se armar\u00e1 el baile con Fernanda Ottolini &amp; La Banda, cont\u00f3 Gollo. <\/p>\n\n\n\n<p>Quienes deseen ser parte, pueden comprar la tarjeta en el Hogar en calle 25 entre 16 y 18, con tel\u00e9fono 435035.<\/p>\n","protected":false},"excerpt":{"rendered":"<p>Desde el Hogar Villa Abrille invitan a un almuerzo solidario. Ser\u00e1 un gran encuentro familiar con show en vivo, baile &#8230; <a title=\"Invitan a almuerzo solidario y fiesta por el Hogar Villa Abrille\" class=\"read-more\" href=\"https:\/\/www.hoymercedes.com.ar\/principal\/2019\/07\/01\/invitan-a-almuerzo-solidario-y-fiesta-por-el-hogar-villa-abrille\/\" aria-label=\"Leer m\u00e1s sobre Invitan a almuerzo solidario y fiesta por el Hogar Villa Abrille\">Leer m\u00e1s<\/a><\/p>\n","protected":false},"author":1,"featured_media":96039,"comment_status":"closed","ping_status":"open","sticky":false,"template":"","format":"standard","meta":{"_monsterinsights_skip_tracking":false,"_monsterinsights_sitenote_active":false,"_monsterinsights_sitenote_note":"","_monsterinsights_sitenote_category":0,"jetpack_post_was_ever_published":false,"_jetpack_newsletter_access":"","_jetpack_dont_email_post_to_subs":false,"_jetpack_newsletter_tier_id":0,"_jetpack_memberships_contains_paywalled_content":false,"_jetpack_memberships_contains_paid_content":false,"footnotes":"","jetpack_publicize_message":"","jetpack_publicize_feature_enabled":true,"jetpack_social_post_already_shared":true,"jetpack_social_options":{"image_generator_settings":{"template":"highway","default_image_id":0,"font":"","enabled":false},"version":2},"_wpas_customize_per_network":false},"categories":[8],"tags":[9805],"class_list":["post-96038","post","type-post","status-publish","format-standard","has-post-thumbnail","hentry","category-sociedad","tag-hogar-villa-abrille","generate-columns","tablet-grid-50","mobile-grid-100","grid-parent","grid-50"],"jetpack_publicize_connections":[],"jetpack_featured_media_url":"https:\/\/www.hoymercedes.com.ar\/principal\/wp-content\/uploads\/2019\/07\/FernandaOttolini-LaBanda.jpeg","wps_subtitle":"Solidaridad","jetpack_sharing_enabled":true,"_links":{"self":[{"href":"https:\/\/www.hoymercedes.com.ar\/principal\/wp-json\/wp\/v2\/posts\/96038","targetHints":{"allow":["GET"]}}],"collection":[{"href":"https:\/\/www.hoymercedes.com.ar\/principal\/wp-json\/wp\/v2\/posts"}],"about":[{"href":"https:\/\/www.hoymercedes.com.ar\/principal\/wp-json\/wp\/v2\/types\/post"}],"author":[{"embeddable":true,"href":"https:\/\/www.hoymercedes.com.ar\/principal\/wp-json\/wp\/v2\/users\/1"}],"replies":[{"embeddable":true,"href":"https:\/\/www.hoymercedes.com.ar\/principal\/wp-json\/wp\/v2\/comments?post=96038"}],"version-history":[{"count":0,"href":"https:\/\/www.hoymercedes.com.ar\/principal\/wp-json\/wp\/v2\/posts\/96038\/revisions"}],"wp:featuredmedia":[{"embeddable":true,"href":"https:\/\/www.hoymercedes.com.ar\/principal\/wp-json\/wp\/v2\/media\/96039"}],"wp:attachment":[{"href":"https:\/\/www.hoymercedes.com.ar\/principal\/wp-json\/wp\/v2\/media?parent=96038"}],"wp:term":[{"taxonomy":"category","embeddable":true,"href":"https:\/\/www.hoymercedes.com.ar\/principal\/wp-json\/wp\/v2\/categories?post=96038"},{"taxonomy":"post_tag","embeddable":true,"href":"https:\/\/www.hoymercedes.com.ar\/principal\/wp-json\/wp\/v2\/tags?post=96038"}],"curies":[{"name":"wp","href":"https:\/\/api.w.org\/{rel}","templated":true}]}}