{"id":96072,"date":"2019-07-02T10:29:14","date_gmt":"2019-07-02T13:29:14","guid":{"rendered":"http:\/\/www.hoymercedes.com.ar\/principal\/?p=96072"},"modified":"2019-07-02T10:08:12","modified_gmt":"2019-07-02T13:08:12","slug":"emocion-a-la-memoria-del-pulpero-cacho","status":"publish","type":"post","link":"https:\/\/www.hoymercedes.com.ar\/principal\/2019\/07\/02\/emocion-a-la-memoria-del-pulpero-cacho\/","title":{"rendered":"Emoci\u00f3n en acto por la memoria del Pulpero Cacho"},"content":{"rendered":"\n<p>Durante la fr\u00eda y lluviosa tarde del s\u00e1bado, la Pulper\u00eda de Cacho Dicatarina se colm\u00f3 de emoci\u00f3n y recuerdos. Diez a\u00f1os se cumplieron de la partida f\u00edsica de \u00abEl \u00daltimo Pulpero\u00bb y su familia y amigos lo record\u00f3 con m\u00fasica y brindis. <\/p>\n\n\n\n<figure class=\"wp-block-embed-facebook wp-block-embed is-type-video is-provider-facebook\"><div class=\"wp-block-embed__wrapper\">\n<div class=\"fb-video\" data-allowfullscreen=\"true\" data-href=\"https:\/\/www.facebook.com\/pulperia.decacho\/videos\/2315217258593899\/\" style=\"background-color: #fff; display: inline-block;\"><\/div>\n<\/div><\/figure>\n\n\n\n<p>Aida Dicatarina, le hermana de Cacho, junto a sus hijas y esposo Oscar Pozzi, son los responsables de continuar con el legado del Pulpero. Ellos protegen su legado, historia y tradici\u00f3n, adem\u00e1s de mantener la Vieja Pulper\u00eda en pie pese a inundaciones por el desborde del r\u00edo Luj\u00e1n. <\/p>\n\n\n\n<p>Patrimonio Hist\u00f3rico de la ciudad y de la provincia de Buenos Aires, La Pulper\u00eda de Cacho reuni\u00f3 el s\u00e1bado m\u00fasica folkl\u00f3rica alrededor de un fog\u00f3n imaginario. Huayra Norte, Soco Sarralde, Yacar, Soco Sarralde y Yacar\u00e9 Manso fueron algunos de los artistas que se hicieron presentes en la importante jornada. <\/p>\n\n\n\n<figure class=\"wp-block-image\"><img loading=\"lazy\" decoding=\"async\" width=\"750\" height=\"307\" data-attachment-id=\"96073\" data-permalink=\"https:\/\/www.hoymercedes.com.ar\/principal\/2019\/07\/02\/emocion-a-la-memoria-del-pulpero-cacho\/02-pulperia-2\/#main\" data-orig-file=\"https:\/\/www.hoymercedes.com.ar\/principal\/wp-content\/uploads\/2019\/07\/02-pulperia.jpg\" data-orig-size=\"750,307\" data-comments-opened=\"0\" data-image-meta=\"{&quot;aperture&quot;:&quot;0&quot;,&quot;credit&quot;:&quot;&quot;,&quot;camera&quot;:&quot;&quot;,&quot;caption&quot;:&quot;&quot;,&quot;created_timestamp&quot;:&quot;0&quot;,&quot;copyright&quot;:&quot;&quot;,&quot;focal_length&quot;:&quot;0&quot;,&quot;iso&quot;:&quot;0&quot;,&quot;shutter_speed&quot;:&quot;0&quot;,&quot;title&quot;:&quot;&quot;,&quot;orientation&quot;:&quot;0&quot;}\" data-image-title=\"02 pulperia\" data-image-description=\"\" data-image-caption=\"\" data-large-file=\"https:\/\/www.hoymercedes.com.ar\/principal\/wp-content\/uploads\/2019\/07\/02-pulperia.jpg\" src=\"https:\/\/www.hoymercedes.com.ar\/principal\/wp-content\/uploads\/2019\/07\/02-pulperia.jpg\" alt=\"\" class=\"wp-image-96073\" srcset=\"https:\/\/www.hoymercedes.com.ar\/principal\/wp-content\/uploads\/2019\/07\/02-pulperia.jpg 750w, https:\/\/www.hoymercedes.com.ar\/principal\/wp-content\/uploads\/2019\/07\/02-pulperia-150x61.jpg 150w, https:\/\/www.hoymercedes.com.ar\/principal\/wp-content\/uploads\/2019\/07\/02-pulperia-630x258.jpg 630w\" sizes=\"auto, (max-width: 750px) 100vw, 750px\" \/><\/figure>\n\n\n\n<p>\u00abGracias a todos!!!&#8230; por acompa\u00f1ar con el recuerdo. Gracias!&#8230;a nuestro equipo de La Pulper\u00eda y a toda la familia&#8230; que d\u00eda a d\u00eda&#8230; se esfuerza en mantener viva y activa a la Querida Pulper\u00eda de Cacho\u00a0&#8230; y al semillero de la quinta generaci\u00f3n de Familia\u00a0que crece y aprende a cuidarla y valorarla!&#8230; el gran deseo de Cacho Di Catarina&#8230; \u201dsu continuidad&#8230;\u201d Gracias a la m\u00fasica\u00a0del\u00a0 \u201cSoco\u201d Larralde e Invitados y a los j\u00f3venes Huayra Norte, Yacar\u00e9 Maso&#8230;y a el aporte espont\u00e1neo de Los Lopez Heredia &#8230; Emocionante momentos\u00bb, destacaron desde La Pulper\u00eda de Cacho, en la continuaci\u00f3n de avenida 29, metros antes de cruzar el R\u00edo Luj\u00e1n. <\/p>\n","protected":false},"excerpt":{"rendered":"<p>Durante la fr\u00eda y lluviosa tarde del s\u00e1bado, la Pulper\u00eda de Cacho Dicatarina se colm\u00f3 de emoci\u00f3n y recuerdos. Diez &#8230; <a title=\"Emoci\u00f3n en acto por la memoria del Pulpero Cacho\" class=\"read-more\" href=\"https:\/\/www.hoymercedes.com.ar\/principal\/2019\/07\/02\/emocion-a-la-memoria-del-pulpero-cacho\/\" aria-label=\"Leer m\u00e1s sobre Emoci\u00f3n en acto por la memoria del Pulpero Cacho\">Leer m\u00e1s<\/a><\/p>\n","protected":false},"author":1,"featured_media":96073,"comment_status":"closed","ping_status":"open","sticky":false,"template":"","format":"standard","meta":{"_monsterinsights_skip_tracking":false,"_monsterinsights_sitenote_active":false,"_monsterinsights_sitenote_note":"","_monsterinsights_sitenote_category":0,"jetpack_post_was_ever_published":false,"_jetpack_newsletter_access":"","_jetpack_dont_email_post_to_subs":false,"_jetpack_newsletter_tier_id":0,"_jetpack_memberships_contains_paywalled_content":false,"_jetpack_memberships_contains_paid_content":false,"footnotes":"","jetpack_publicize_message":"","jetpack_publicize_feature_enabled":true,"jetpack_social_post_already_shared":true,"jetpack_social_options":{"image_generator_settings":{"template":"highway","default_image_id":0,"font":"","enabled":false},"version":2},"_wpas_customize_per_network":false},"categories":[104],"tags":[2418,7805,8834,11386],"class_list":["post-96072","post","type-post","status-publish","format-standard","has-post-thumbnail","hentry","category-cultura","tag-cacho-dicatarina","tag-cultura","tag-homenaje","tag-la-pulperia-de-cacho","generate-columns","tablet-grid-50","mobile-grid-100","grid-parent","grid-50"],"jetpack_publicize_connections":[],"jetpack_featured_media_url":"https:\/\/www.hoymercedes.com.ar\/principal\/wp-content\/uploads\/2019\/07\/02-pulperia.jpg","wps_subtitle":"","jetpack_sharing_enabled":true,"_links":{"self":[{"href":"https:\/\/www.hoymercedes.com.ar\/principal\/wp-json\/wp\/v2\/posts\/96072","targetHints":{"allow":["GET"]}}],"collection":[{"href":"https:\/\/www.hoymercedes.com.ar\/principal\/wp-json\/wp\/v2\/posts"}],"about":[{"href":"https:\/\/www.hoymercedes.com.ar\/principal\/wp-json\/wp\/v2\/types\/post"}],"author":[{"embeddable":true,"href":"https:\/\/www.hoymercedes.com.ar\/principal\/wp-json\/wp\/v2\/users\/1"}],"replies":[{"embeddable":true,"href":"https:\/\/www.hoymercedes.com.ar\/principal\/wp-json\/wp\/v2\/comments?post=96072"}],"version-history":[{"count":0,"href":"https:\/\/www.hoymercedes.com.ar\/principal\/wp-json\/wp\/v2\/posts\/96072\/revisions"}],"wp:featuredmedia":[{"embeddable":true,"href":"https:\/\/www.hoymercedes.com.ar\/principal\/wp-json\/wp\/v2\/media\/96073"}],"wp:attachment":[{"href":"https:\/\/www.hoymercedes.com.ar\/principal\/wp-json\/wp\/v2\/media?parent=96072"}],"wp:term":[{"taxonomy":"category","embeddable":true,"href":"https:\/\/www.hoymercedes.com.ar\/principal\/wp-json\/wp\/v2\/categories?post=96072"},{"taxonomy":"post_tag","embeddable":true,"href":"https:\/\/www.hoymercedes.com.ar\/principal\/wp-json\/wp\/v2\/tags?post=96072"}],"curies":[{"name":"wp","href":"https:\/\/api.w.org\/{rel}","templated":true}]}}