{"id":96076,"date":"2019-07-02T12:22:50","date_gmt":"2019-07-02T15:22:50","guid":{"rendered":"http:\/\/www.hoymercedes.com.ar\/principal\/?p=96076"},"modified":"2019-07-02T15:47:14","modified_gmt":"2019-07-02T18:47:14","slug":"detienen-masculino-acusado-de-ilicitos-y-que-atemorizaba-barriada","status":"publish","type":"post","link":"https:\/\/www.hoymercedes.com.ar\/principal\/2019\/07\/02\/detienen-masculino-acusado-de-ilicitos-y-que-atemorizaba-barriada\/","title":{"rendered":"Detienen masculino acusado de il\u00edcitos y que atemorizaba barriada"},"content":{"rendered":"\n<p>Personal de la Jefatura Comunal Mercedes tras varias tareas de \u201ccampo e inteligencia\u201d lograron detener a un masculino sindicado como autor de un \u201crobo calificado por el uso de arma impropia\u201d. <\/p>\n\n\n\n<figure class=\"wp-block-image\"><img loading=\"lazy\" decoding=\"async\" width=\"800\" height=\"600\" data-attachment-id=\"96077\" data-permalink=\"https:\/\/www.hoymercedes.com.ar\/principal\/2019\/07\/02\/detienen-masculino-acusado-de-ilicitos-y-que-atemorizaba-barriada\/policial-600\/#main\" data-orig-file=\"https:\/\/www.hoymercedes.com.ar\/principal\/wp-content\/uploads\/2019\/07\/policial-600.jpg\" data-orig-size=\"800,600\" data-comments-opened=\"0\" data-image-meta=\"{&quot;aperture&quot;:&quot;0&quot;,&quot;credit&quot;:&quot;&quot;,&quot;camera&quot;:&quot;&quot;,&quot;caption&quot;:&quot;&quot;,&quot;created_timestamp&quot;:&quot;0&quot;,&quot;copyright&quot;:&quot;&quot;,&quot;focal_length&quot;:&quot;0&quot;,&quot;iso&quot;:&quot;0&quot;,&quot;shutter_speed&quot;:&quot;0&quot;,&quot;title&quot;:&quot;&quot;,&quot;orientation&quot;:&quot;0&quot;}\" data-image-title=\"policial 600\" data-image-description=\"\" data-image-caption=\"\" data-large-file=\"https:\/\/www.hoymercedes.com.ar\/principal\/wp-content\/uploads\/2019\/07\/policial-600.jpg\" src=\"https:\/\/www.hoymercedes.com.ar\/principal\/wp-content\/uploads\/2019\/07\/policial-600.jpg\" alt=\"\" class=\"wp-image-96077\" srcset=\"https:\/\/www.hoymercedes.com.ar\/principal\/wp-content\/uploads\/2019\/07\/policial-600.jpg 800w, https:\/\/www.hoymercedes.com.ar\/principal\/wp-content\/uploads\/2019\/07\/policial-600-150x113.jpg 150w, https:\/\/www.hoymercedes.com.ar\/principal\/wp-content\/uploads\/2019\/07\/policial-600-630x473.jpg 630w, https:\/\/www.hoymercedes.com.ar\/principal\/wp-content\/uploads\/2019\/07\/policial-600-320x240.jpg 320w, https:\/\/www.hoymercedes.com.ar\/principal\/wp-content\/uploads\/2019\/07\/policial-600-100x75.jpg 100w\" sizes=\"auto, (max-width: 800px) 100vw, 800px\" \/><\/figure>\n\n\n\n<p>Los dirigidos por el Comisario Inspector Sergio Macedo lograron llevar incluso tranquilidad a los vecinos de Mercedes dado que el sujeto generaba temor por su comportamiento. <\/p>\n\n\n\n<p>Se supo que tras varias denuncias se inici\u00f3 una fina tarea de investigaci\u00f3n y recolecci\u00f3n de datos que finalmente permiti\u00f3 poner tras las rejas al sujeto.<\/p>\n\n\n\n<p>Un tema no mejor fue detectar que el mismo ten\u00eda distintos antecedentes penales por il\u00edcitos cometidos en el pasado y por lo tanto se agravaba su situaci\u00f3n.<\/p>\n\n\n\n<p>En esta ocasi\u00f3n intervino el Juzgado de Garant\u00edas N\u00b03 con el agente fiscal Dr. Illanes permitiendo la justicia obtener la necesaria orden de detenci\u00f3n. <\/p>\n\n\n\n<p>El comisario inspector Macedo aprovech\u00f3 la comunicaci\u00f3n con los medios para \u201cfelicitar al personal de la Estaci\u00f3n Comunal Mercedes segunda\u201d como as\u00ed tambi\u00e9n \u201cagradecer a la justicia\u201d con quienes trabajan constantemente.<\/p>\n\n\n\n<p>Este caso, adem\u00e1s de atender un asunto judicial, permiti\u00f3 llevar tranquilidad a los vecinos. El masculino ten\u00eda domicilio en calle 16 entre 109 y 111.<\/p>\n\n\n\n<p>Fuente: Polic\u00eda Comunal<\/p>\n","protected":false},"excerpt":{"rendered":"<p>Personal de la Jefatura Comunal Mercedes tras varias tareas de \u201ccampo e inteligencia\u201d lograron detener a un masculino sindicado como &#8230; <a title=\"Detienen masculino acusado de il\u00edcitos y que atemorizaba barriada\" class=\"read-more\" href=\"https:\/\/www.hoymercedes.com.ar\/principal\/2019\/07\/02\/detienen-masculino-acusado-de-ilicitos-y-que-atemorizaba-barriada\/\" aria-label=\"Leer m\u00e1s sobre Detienen masculino acusado de il\u00edcitos y que atemorizaba barriada\">Leer m\u00e1s<\/a><\/p>\n","protected":false},"author":1,"featured_media":96077,"comment_status":"closed","ping_status":"open","sticky":false,"template":"","format":"standard","meta":{"_monsterinsights_skip_tracking":false,"_monsterinsights_sitenote_active":false,"_monsterinsights_sitenote_note":"","_monsterinsights_sitenote_category":0,"jetpack_post_was_ever_published":false,"_jetpack_newsletter_access":"","_jetpack_dont_email_post_to_subs":false,"_jetpack_newsletter_tier_id":0,"_jetpack_memberships_contains_paywalled_content":false,"_jetpack_memberships_contains_paid_content":false,"footnotes":"","jetpack_publicize_message":"","jetpack_publicize_feature_enabled":true,"jetpack_social_post_already_shared":true,"jetpack_social_options":{"image_generator_settings":{"template":"highway","default_image_id":0,"font":"","enabled":false},"version":2},"_wpas_customize_per_network":false},"categories":[85],"tags":[215,5766,96],"class_list":["post-96076","post","type-post","status-publish","format-standard","has-post-thumbnail","hentry","category-policial","tag-detenciones","tag-policia-comunal","tag-policial-2","generate-columns","tablet-grid-50","mobile-grid-100","grid-parent","grid-50"],"jetpack_publicize_connections":[],"jetpack_featured_media_url":"https:\/\/www.hoymercedes.com.ar\/principal\/wp-content\/uploads\/2019\/07\/policial-600.jpg","wps_subtitle":"Informaci\u00f3n policial","jetpack_sharing_enabled":true,"_links":{"self":[{"href":"https:\/\/www.hoymercedes.com.ar\/principal\/wp-json\/wp\/v2\/posts\/96076","targetHints":{"allow":["GET"]}}],"collection":[{"href":"https:\/\/www.hoymercedes.com.ar\/principal\/wp-json\/wp\/v2\/posts"}],"about":[{"href":"https:\/\/www.hoymercedes.com.ar\/principal\/wp-json\/wp\/v2\/types\/post"}],"author":[{"embeddable":true,"href":"https:\/\/www.hoymercedes.com.ar\/principal\/wp-json\/wp\/v2\/users\/1"}],"replies":[{"embeddable":true,"href":"https:\/\/www.hoymercedes.com.ar\/principal\/wp-json\/wp\/v2\/comments?post=96076"}],"version-history":[{"count":0,"href":"https:\/\/www.hoymercedes.com.ar\/principal\/wp-json\/wp\/v2\/posts\/96076\/revisions"}],"wp:featuredmedia":[{"embeddable":true,"href":"https:\/\/www.hoymercedes.com.ar\/principal\/wp-json\/wp\/v2\/media\/96077"}],"wp:attachment":[{"href":"https:\/\/www.hoymercedes.com.ar\/principal\/wp-json\/wp\/v2\/media?parent=96076"}],"wp:term":[{"taxonomy":"category","embeddable":true,"href":"https:\/\/www.hoymercedes.com.ar\/principal\/wp-json\/wp\/v2\/categories?post=96076"},{"taxonomy":"post_tag","embeddable":true,"href":"https:\/\/www.hoymercedes.com.ar\/principal\/wp-json\/wp\/v2\/tags?post=96076"}],"curies":[{"name":"wp","href":"https:\/\/api.w.org\/{rel}","templated":true}]}}