{"id":96103,"date":"2019-07-04T13:39:55","date_gmt":"2019-07-04T16:39:55","guid":{"rendered":"http:\/\/www.hoymercedes.com.ar\/principal\/?p=96103"},"modified":"2019-07-02T19:49:14","modified_gmt":"2019-07-02T22:49:14","slug":"javier-funcia-y-un-fin-de-semana-complejo-en-el-mouras-de-la-plata","status":"publish","type":"post","link":"https:\/\/www.hoymercedes.com.ar\/principal\/2019\/07\/04\/javier-funcia-y-un-fin-de-semana-complejo-en-el-mouras-de-la-plata\/","title":{"rendered":"Javier Funcia y un fin de semana complejo en el Mouras de La Plata"},"content":{"rendered":"\n<p>Por Iv\u00e1n Alday (Todo El Deporte Est\u00e1 Aca). Durante el \u00faltimo fin de semana del mes de junio se disput\u00f3 la sexta fecha del certamen fiscalizado por la CDA en el Aut\u00f3dromo Roberto Mouras de La Plata. Desde el s\u00e1bado recibi\u00f3 la actividad oficial con entrenamientos clasificaci\u00f3n y la serie \u00fanica para los 14 inscriptos que hubo en pista, los ensayos marcaron un buen registro en cuanto a posici\u00f3n para Funcia con un segundo puesto,<\/p>\n\n\n\n<figure class=\"wp-block-image\"><img loading=\"lazy\" decoding=\"async\" width=\"650\" height=\"339\" data-attachment-id=\"96104\" data-permalink=\"https:\/\/www.hoymercedes.com.ar\/principal\/2019\/07\/04\/javier-funcia-y-un-fin-de-semana-complejo-en-el-mouras-de-la-plata\/javier-funcia-5\/#main\" data-orig-file=\"https:\/\/www.hoymercedes.com.ar\/principal\/wp-content\/uploads\/2019\/07\/javier-Funcia.png\" data-orig-size=\"650,339\" data-comments-opened=\"0\" data-image-meta=\"{&quot;aperture&quot;:&quot;0&quot;,&quot;credit&quot;:&quot;&quot;,&quot;camera&quot;:&quot;&quot;,&quot;caption&quot;:&quot;&quot;,&quot;created_timestamp&quot;:&quot;0&quot;,&quot;copyright&quot;:&quot;&quot;,&quot;focal_length&quot;:&quot;0&quot;,&quot;iso&quot;:&quot;0&quot;,&quot;shutter_speed&quot;:&quot;0&quot;,&quot;title&quot;:&quot;&quot;,&quot;orientation&quot;:&quot;0&quot;}\" data-image-title=\"javier-Funcia\" data-image-description=\"\" data-image-caption=\"\" data-large-file=\"https:\/\/www.hoymercedes.com.ar\/principal\/wp-content\/uploads\/2019\/07\/javier-Funcia.png\" src=\"https:\/\/www.hoymercedes.com.ar\/principal\/wp-content\/uploads\/2019\/07\/javier-Funcia.png\" alt=\"\" class=\"wp-image-96104\" srcset=\"https:\/\/www.hoymercedes.com.ar\/principal\/wp-content\/uploads\/2019\/07\/javier-Funcia.png 650w, https:\/\/www.hoymercedes.com.ar\/principal\/wp-content\/uploads\/2019\/07\/javier-Funcia-150x78.png 150w, https:\/\/www.hoymercedes.com.ar\/principal\/wp-content\/uploads\/2019\/07\/javier-Funcia-630x329.png 630w\" sizes=\"auto, (max-width: 650px) 100vw, 650px\" \/><\/figure>\n\n\n\n<p>A la hora de la continuidad de pr\u00e1cticas libres se notaron inconvenientes en el burro de arranque que lo marginaron de registrar una vuelta l\u00f3gica para la clasificaci\u00f3n, ubic\u00e1ndolo en posici\u00f3n n\u00famero 12, ya con la \u00faltima luz de la tarde del s\u00e1bado con una condici\u00f3n de pista h\u00fameda se corri\u00f3 la serie clasificatoria en d\u00f3nde se debi\u00f3 optar por el neum\u00e1tico con dibujo especial de lluvia.<\/p>\n\n\n\n<p>Pudo avanzar hasta el sexto puesto tras el desarrollo de 5 vueltas, la posici\u00f3n en la grilla de la final ser\u00eda desde la tercera fila de largada compartiendo con Ricardo Zubia. El Domingo por la ma\u00f1ana comenzaba con novedades en la calle de boxes, el piloto mercedino sufr\u00eda una contractura lumbar que no le permit\u00eda estar en plenitud para afrontar la final. Al momento de la largada el Ford Falc\u00f3n n\u00famero 8 evidenci\u00f3 la rotura de la palanca de cambios, y la prueba final para el Mercedes Sport Group sol\u00f3 se corri\u00f3 durante 7 giros.<\/p>\n\n\n\n<p>Cuando la unidad ingres\u00f3 a la zona de boxes haciendo abandono de la competencia, una vez dentro del parque cerrado Funcia fue asistido por su molestia lumbar en la enfermer\u00eda del Roberto Mouras, el piloto ya se encuentra recuper\u00e1ndose en Mercedes y a la espera de la pr\u00f3xima fecha a desarrollarse el 21 de Julio en el mismo escenario.<\/p>\n\n\n\n<p><strong>Victoria y liderazgo\u00a0<\/strong><br>Emmanuel P\u00e9rez Bravo venci\u00f3 en una espectacular definici\u00f3n en la sexta prueba final del Turismo 4000 Argentino disputada en el Aut\u00f3dromo Roberto Mouras (La Plata), sumando los 39 puntos en disputa durante el fin de semana que le permiten ser nuevamente el l\u00edder del campeonato que ha llegado, al d\u00eda de hoy, a su primera mitad de desarrollo. El piloto de Huanguelen (Buenos Aires), comparti\u00f3 el sexto podio anual con Ayrton Miserda y Germ\u00e1n Pietranera, este \u00faltimo, a 8,50 puntos del nuevo l\u00edder de la tabla anual.<\/p>\n\n\n\n<p><strong>Final Turismo 4000 Argentino<\/strong><\/p>\n\n\n\n<p>POS. N\u00ba PILOTO&nbsp; &nbsp;MARCA&nbsp; &nbsp; &nbsp; VTAS&nbsp; &nbsp; TIEMPO&nbsp; &nbsp; &nbsp; &nbsp; &nbsp; &nbsp; &nbsp; &nbsp; DIF.<br>1 2 P\u00c9REZ BRAVO, EMMANUEL CHEVROLET 12 24;45.039<br>2 111 MISERDA, AYRTON FORD 12 24;45.169 0.130<br>3 1 PIETRANERA, GERM\u00c1N FORD 12 24;45.289 0.250<br>4 10 GUINDANI, JAVIER CHEVROLET 12 24;46.453 1,414<br>5 7 ZUB\u00cdA, RICARDO CHEVROLET 12 24;46.941 1,902<br>6 112 SELVA , MAURICIO CHEVROLET 12 24;47.832 2,793<br>7 11 BARTUCCI, ANTONIO CHEVROLET 12 24;48.783 3,744<br>8 44 NEWING, JOSE LUIS DODGE 12 24;49.377 4,338<br>9 13 GONZ\u00c1LEZ, GONZALO CHEVROLET 12 24;53.196 8,157<br>10 14 GRIJNIEWICZ, GABRIEL DODGE 12 24;54.960 9,921<br>11 105 QUEIJEIRO, NEREO DODGE 8 14;52.750 4 VTAS<br>12 8&nbsp;<strong><em>FUNCIA, JAVIER FORD 7 13;44.797 5 VTAS<\/em><\/strong><br>13 17 NOWAK, FABI\u00c1N TORINO 4 07;10.407 8 VTAS<\/p>\n\n\n\n<p>Promedio del ganador: 127,997 KM\/H<\/p>\n\n\n\n<p><strong>Campeonato 2019 Turismo 4000 Argentino<\/strong><br>1 2 EMMANUEL PEREZ BRAVO CHEVROLET 205.<br>2 1 GERMAN PIETRANERA FORD 196.5.<br>3 112 MAURICIO SELVA CHEVROLET 152.<br>4 105 NEREO QUEIJEIRO DODGE 138.<br>5 5 JUAN CARLOS BAVA FORD 137.5.<br>6 8&nbsp;<strong><em>JAVIER FUNCIA FORD 136.5.<\/em><\/strong><br>7 7 RICARDO ZUBIA CHEVROLET 125.<br>8 10 JAVIER GUINDANI CHEVROLET 124.5.<br>9 11 ANTONIO BARTUCCI CHEVROLET 99.<br>10 12 MAXIMO TONLORENZI CHEVROLET 89.<\/p>\n","protected":false},"excerpt":{"rendered":"<p>Por Iv\u00e1n Alday (Todo El Deporte Est\u00e1 Aca). Durante el \u00faltimo fin de semana del mes de junio se disput\u00f3 &#8230; <a title=\"Javier Funcia y un fin de semana complejo en el Mouras de La Plata\" class=\"read-more\" href=\"https:\/\/www.hoymercedes.com.ar\/principal\/2019\/07\/04\/javier-funcia-y-un-fin-de-semana-complejo-en-el-mouras-de-la-plata\/\" aria-label=\"Leer m\u00e1s sobre Javier Funcia y un fin de semana complejo en el Mouras de La Plata\">Leer m\u00e1s<\/a><\/p>\n","protected":false},"author":1,"featured_media":96104,"comment_status":"closed","ping_status":"open","sticky":false,"template":"","format":"standard","meta":{"_monsterinsights_skip_tracking":false,"_monsterinsights_sitenote_active":false,"_monsterinsights_sitenote_note":"","_monsterinsights_sitenote_category":0,"jetpack_post_was_ever_published":false,"_jetpack_newsletter_access":"","_jetpack_dont_email_post_to_subs":false,"_jetpack_newsletter_tier_id":0,"_jetpack_memberships_contains_paywalled_content":false,"_jetpack_memberships_contains_paid_content":false,"footnotes":"","jetpack_publicize_message":"","jetpack_publicize_feature_enabled":true,"jetpack_social_post_already_shared":true,"jetpack_social_options":{"image_generator_settings":{"template":"highway","default_image_id":0,"font":"","enabled":false},"version":2},"_wpas_customize_per_network":false},"categories":[21],"tags":[15442,6300,7858],"class_list":["post-96103","post","type-post","status-publish","format-standard","has-post-thumbnail","hentry","category-deportes","tag-autodromo-mouras","tag-javier-funcia","tag-turismo-4000-argentino","generate-columns","tablet-grid-50","mobile-grid-100","grid-parent","grid-50"],"jetpack_publicize_connections":[],"jetpack_featured_media_url":"https:\/\/www.hoymercedes.com.ar\/principal\/wp-content\/uploads\/2019\/07\/javier-Funcia.png","wps_subtitle":"Automovilismo","jetpack_sharing_enabled":true,"_links":{"self":[{"href":"https:\/\/www.hoymercedes.com.ar\/principal\/wp-json\/wp\/v2\/posts\/96103","targetHints":{"allow":["GET"]}}],"collection":[{"href":"https:\/\/www.hoymercedes.com.ar\/principal\/wp-json\/wp\/v2\/posts"}],"about":[{"href":"https:\/\/www.hoymercedes.com.ar\/principal\/wp-json\/wp\/v2\/types\/post"}],"author":[{"embeddable":true,"href":"https:\/\/www.hoymercedes.com.ar\/principal\/wp-json\/wp\/v2\/users\/1"}],"replies":[{"embeddable":true,"href":"https:\/\/www.hoymercedes.com.ar\/principal\/wp-json\/wp\/v2\/comments?post=96103"}],"version-history":[{"count":0,"href":"https:\/\/www.hoymercedes.com.ar\/principal\/wp-json\/wp\/v2\/posts\/96103\/revisions"}],"wp:featuredmedia":[{"embeddable":true,"href":"https:\/\/www.hoymercedes.com.ar\/principal\/wp-json\/wp\/v2\/media\/96104"}],"wp:attachment":[{"href":"https:\/\/www.hoymercedes.com.ar\/principal\/wp-json\/wp\/v2\/media?parent=96103"}],"wp:term":[{"taxonomy":"category","embeddable":true,"href":"https:\/\/www.hoymercedes.com.ar\/principal\/wp-json\/wp\/v2\/categories?post=96103"},{"taxonomy":"post_tag","embeddable":true,"href":"https:\/\/www.hoymercedes.com.ar\/principal\/wp-json\/wp\/v2\/tags?post=96103"}],"curies":[{"name":"wp","href":"https:\/\/api.w.org\/{rel}","templated":true}]}}