{"id":9614,"date":"2011-12-06T12:29:09","date_gmt":"2011-12-06T12:29:09","guid":{"rendered":"http:\/\/www.hoymercedes.com.ar\/principal\/?p=9614"},"modified":"2011-12-06T12:29:29","modified_gmt":"2011-12-06T12:29:29","slug":"se-realizo-en-nuestra-ciudad-un-encuentro-de-jovenes-militantes-del-pj-metropolitano","status":"publish","type":"post","link":"https:\/\/www.hoymercedes.com.ar\/principal\/2011\/12\/06\/se-realizo-en-nuestra-ciudad-un-encuentro-de-jovenes-militantes-del-pj-metropolitano\/","title":{"rendered":"Se realiz\u00f3 en nuestra ciudad un Encuentro de J\u00f3venes militantes del PJ metropolitano"},"content":{"rendered":"<p><a href=\"https:\/\/www.hoymercedes.com.ar\/principal\/wp-content\/uploads\/2011\/12\/campamento-pj1.jpg\"><img loading=\"lazy\" decoding=\"async\" data-attachment-id=\"9617\" data-permalink=\"https:\/\/www.hoymercedes.com.ar\/principal\/2011\/12\/06\/se-realizo-en-nuestra-ciudad-un-encuentro-de-jovenes-militantes-del-pj-metropolitano\/campamento-pj-2\/#main\" data-orig-file=\"https:\/\/www.hoymercedes.com.ar\/principal\/wp-content\/uploads\/2011\/12\/campamento-pj1.jpg\" data-orig-size=\"612,459\" data-comments-opened=\"1\" data-image-meta=\"{&quot;aperture&quot;:&quot;5.6&quot;,&quot;credit&quot;:&quot;&quot;,&quot;camera&quot;:&quot;COOLPIX L10&quot;,&quot;caption&quot;:&quot;&quot;,&quot;created_timestamp&quot;:&quot;1322720984&quot;,&quot;copyright&quot;:&quot;Copyright 2006&quot;,&quot;focal_length&quot;:&quot;6.2&quot;,&quot;iso&quot;:&quot;64&quot;,&quot;shutter_speed&quot;:&quot;0.0073367571533382&quot;,&quot;title&quot;:&quot;&quot;}\" data-image-title=\"campamento-pj\" data-image-description=\"\" data-image-caption=\"\" data-large-file=\"https:\/\/www.hoymercedes.com.ar\/principal\/wp-content\/uploads\/2011\/12\/campamento-pj1.jpg\" class=\"aligncenter size-full wp-image-9617\" title=\"campamento-pj\" src=\"https:\/\/www.hoymercedes.com.ar\/principal\/wp-content\/uploads\/2011\/12\/campamento-pj1.jpg\" alt=\"\" width=\"612\" height=\"459\" \/><\/a><\/p>\n<p>Tal como se hab\u00eda anunciado se concret\u00f3 a lo largo del fin de semana el Campamento Metropolitano de integrantes de la Juventud peronistas con m\u00e1s de ciento cincuenta representantes de nuestra ciudad, Luj\u00e1n un significativo n\u00famero de localidades del Gran Buenos Aires.<\/p>\n<p>Dos de los responsables de la organizaci\u00f3n, el coordinador nacional concretamente de la denominada JP Militante y el coordinador provincial de la misma, explicaron \u201ccompa\u00f1eros de la Capital Federal y de varias localidades del Gran buenos Aires hemos decido culminar el a\u00f1o de actividades, que por cierto fue muy intenso, con un campamento en esta ciudad de Mercedes para hacer entre todos un balance, una evaluaci\u00f3n de lo que hemos efectuado y pensar de que manera estaremos trabajando siempre en esta propuesta que lleva a Cristina Fern\u00e1ndez a tener que cumplir cuatro a\u00f1os m\u00e1s de gesti\u00f3n al frente nada menos que de todos los argentinos.<\/p>\n<p>Hemos elegido esta ciudad porque con los j\u00f3venes del PJ de la misma tenemos un muy buen di\u00e1logo, lo mismo con los pertenecientes a Luj\u00e1n y hemos realizado numerosos trabajos conjuntos y al mismo tiempo por tener la necesidad de poder utilizar un espacio amplio, con mucho aires, con mucho verde, es decir estar de alguna manera en un lugar diferente al que nosotros estamos habituados tanto en la Capital Federal como en las ciudades que hoy han enviado a sus representantes.<\/p>\n<p>Como podr\u00e1n ver hemos podido armar con total libertad y tranquilidad nuestras carpas sin estar todos amontonados disponiendo de un amplio sector arbolado con mucho c\u00e9sped y mucha sombra.<\/p>\n<p><a href=\"https:\/\/www.hoymercedes.com.ar\/principal\/wp-content\/uploads\/2011\/12\/campamento-pj-II.jpg\"><img loading=\"lazy\" decoding=\"async\" data-attachment-id=\"9618\" data-permalink=\"https:\/\/www.hoymercedes.com.ar\/principal\/2011\/12\/06\/se-realizo-en-nuestra-ciudad-un-encuentro-de-jovenes-militantes-del-pj-metropolitano\/campamento-pj-ii\/#main\" data-orig-file=\"https:\/\/www.hoymercedes.com.ar\/principal\/wp-content\/uploads\/2011\/12\/campamento-pj-II.jpg\" data-orig-size=\"612,459\" data-comments-opened=\"1\" data-image-meta=\"{&quot;aperture&quot;:&quot;5.6&quot;,&quot;credit&quot;:&quot;&quot;,&quot;camera&quot;:&quot;COOLPIX L10&quot;,&quot;caption&quot;:&quot;&quot;,&quot;created_timestamp&quot;:&quot;1322720984&quot;,&quot;copyright&quot;:&quot;Copyright 2006&quot;,&quot;focal_length&quot;:&quot;6.2&quot;,&quot;iso&quot;:&quot;64&quot;,&quot;shutter_speed&quot;:&quot;0.0073367571533382&quot;,&quot;title&quot;:&quot;&quot;}\" data-image-title=\"campamento-pj-II\" data-image-description=\"\" data-image-caption=\"\" data-large-file=\"https:\/\/www.hoymercedes.com.ar\/principal\/wp-content\/uploads\/2011\/12\/campamento-pj-II.jpg\" class=\"aligncenter size-full wp-image-9618\" title=\"campamento-pj-II\" src=\"https:\/\/www.hoymercedes.com.ar\/principal\/wp-content\/uploads\/2011\/12\/campamento-pj-II.jpg\" alt=\"\" width=\"612\" height=\"459\" srcset=\"https:\/\/www.hoymercedes.com.ar\/principal\/wp-content\/uploads\/2011\/12\/campamento-pj-II.jpg 612w, https:\/\/www.hoymercedes.com.ar\/principal\/wp-content\/uploads\/2011\/12\/campamento-pj-II-300x225.jpg 300w\" sizes=\"auto, (max-width: 612px) 100vw, 612px\" \/><\/a><\/p>\n<p>Vamos s a estar debatiendo nuestras tareas futuras tratando de instalar una tarea similar en cada uno de los distritos que estamos representando, siempre como lo hemos manifestado apoyando este proyecto integrador de la Presidente Cristina Fern\u00e1ndez con la gran alegr\u00eda que muchos j\u00f3venes que hasta hace una d\u00e9cada ni quer\u00edan escuchar hablar de pol\u00edtica por diferentes motivos, hoy se est\u00e1n dando cuenta de muchas cosas nuevas y afortunadamente se van sumando a la tarea de la militancia diaria, es como si aquel miedo que ten\u00edan lo hayan perdido, notan como han encontrando los espacios que por lo general a los mayores les cuesta mucho trabajo dejar, con esto no pretendemos que la gente llegue a pensar que estamos tirando todos los d\u00edas a un \u201cviejo\u201d por la ventana, al contrario, trabajamos junto a ellos para adquirir las experiencia necesaria en nuestra tarea como militantes .<\/p>\n<p>El hecho que la Juventud Peronista del \u00e1rea metropolitana de pronto se mude al interior de la provincia es muy importante porque nos permite a los j\u00f3venes militantes conocernos, aprovechar las experiencias que cada distrito o localidad, hoy por ejemplo tenemos en Mercedes representares no solo de la Capital Federal sino adem\u00e1s de distritos como Tigre, Avellaneda, Escobar, Pilar, Luj\u00e1n, Esteban Etcheverr\u00eda, etc., todos con la experiencia de haber contribuido con su trabajo a la reelecci\u00f3n de Cristina y por supuesto que m\u00e1s all\u00e1 de lo pol\u00edtico, la principal idea es la de incentivar los pazos de amistad entre los compa\u00f1eros de las diferentes localidades lo cual adem\u00e1s nos permite poder mantener siempre un lugar de an\u00e1lisis y reflexi\u00f3n interna acerca de nuestro papel de militante teniendo en cuenta que gracias a nuestra conductora nacional, (Cristina Fern\u00e1ndez de Kirchner) se nos ha abierto las puertas para la participaci\u00f3n de los j\u00f3venes\u201d.<\/p>\n","protected":false},"excerpt":{"rendered":"<p>Tal como se hab\u00eda anunciado se concret\u00f3 a lo largo del fin de semana el Campamento Metropolitano de integrantes de &#8230; <a title=\"Se realiz\u00f3 en nuestra ciudad un Encuentro de J\u00f3venes militantes del PJ metropolitano\" class=\"read-more\" href=\"https:\/\/www.hoymercedes.com.ar\/principal\/2011\/12\/06\/se-realizo-en-nuestra-ciudad-un-encuentro-de-jovenes-militantes-del-pj-metropolitano\/\" aria-label=\"Leer m\u00e1s sobre Se realiz\u00f3 en nuestra ciudad un Encuentro de J\u00f3venes militantes del PJ metropolitano\">Leer m\u00e1s<\/a><\/p>\n","protected":false},"author":1,"featured_media":0,"comment_status":"open","ping_status":"open","sticky":false,"template":"","format":"standard","meta":{"_monsterinsights_skip_tracking":false,"_monsterinsights_sitenote_active":false,"_monsterinsights_sitenote_note":"","_monsterinsights_sitenote_category":0,"jetpack_post_was_ever_published":false,"_jetpack_newsletter_access":"","_jetpack_dont_email_post_to_subs":false,"_jetpack_newsletter_tier_id":0,"_jetpack_memberships_contains_paywalled_content":false,"_jetpack_memberships_contains_paid_content":false,"footnotes":"","jetpack_publicize_message":"","jetpack_publicize_feature_enabled":true,"jetpack_social_post_already_shared":false,"jetpack_social_options":{"image_generator_settings":{"template":"highway","default_image_id":0,"font":"","enabled":false},"version":2},"_wpas_customize_per_network":false},"categories":[5],"tags":[1678],"class_list":["post-9614","post","type-post","status-publish","format-standard","hentry","category-politica","tag-militantes-peronistas-en-mercedes","generate-columns","tablet-grid-50","mobile-grid-100","grid-parent","grid-50"],"jetpack_publicize_connections":[],"jetpack_featured_media_url":"","wps_subtitle":"","jetpack_sharing_enabled":true,"_links":{"self":[{"href":"https:\/\/www.hoymercedes.com.ar\/principal\/wp-json\/wp\/v2\/posts\/9614","targetHints":{"allow":["GET"]}}],"collection":[{"href":"https:\/\/www.hoymercedes.com.ar\/principal\/wp-json\/wp\/v2\/posts"}],"about":[{"href":"https:\/\/www.hoymercedes.com.ar\/principal\/wp-json\/wp\/v2\/types\/post"}],"author":[{"embeddable":true,"href":"https:\/\/www.hoymercedes.com.ar\/principal\/wp-json\/wp\/v2\/users\/1"}],"replies":[{"embeddable":true,"href":"https:\/\/www.hoymercedes.com.ar\/principal\/wp-json\/wp\/v2\/comments?post=9614"}],"version-history":[{"count":0,"href":"https:\/\/www.hoymercedes.com.ar\/principal\/wp-json\/wp\/v2\/posts\/9614\/revisions"}],"wp:attachment":[{"href":"https:\/\/www.hoymercedes.com.ar\/principal\/wp-json\/wp\/v2\/media?parent=9614"}],"wp:term":[{"taxonomy":"category","embeddable":true,"href":"https:\/\/www.hoymercedes.com.ar\/principal\/wp-json\/wp\/v2\/categories?post=9614"},{"taxonomy":"post_tag","embeddable":true,"href":"https:\/\/www.hoymercedes.com.ar\/principal\/wp-json\/wp\/v2\/tags?post=9614"}],"curies":[{"name":"wp","href":"https:\/\/api.w.org\/{rel}","templated":true}]}}