{"id":96140,"date":"2019-07-03T19:50:50","date_gmt":"2019-07-03T22:50:50","guid":{"rendered":"http:\/\/www.hoymercedes.com.ar\/principal\/?p=96140"},"modified":"2019-07-04T09:17:15","modified_gmt":"2019-07-04T12:17:15","slug":"escuelas-reunidas-en-la-feria-distrital-de-ciencias-arte-y-tecnologias","status":"publish","type":"post","link":"https:\/\/www.hoymercedes.com.ar\/principal\/2019\/07\/03\/escuelas-reunidas-en-la-feria-distrital-de-ciencias-arte-y-tecnologias\/","title":{"rendered":"Escuelas reunidas en la Feria Distrital de Ciencias, Arte y Tecnolog\u00edas"},"content":{"rendered":"\n<p><strong><em>De distintos niveles educativos e instituciones presentaron proyectos.\nCatorce ideas fueron seleccionadas para participar de la Feria Regional el 21\nde agosto en San Andr\u00e9s de Giles. (VER GALERIA DE IM\u00c1GENES)<\/em><\/strong><\/p>\n\n\n\n<figure class=\"wp-block-image\"><img loading=\"lazy\" decoding=\"async\" width=\"750\" height=\"500\" data-attachment-id=\"96141\" data-permalink=\"https:\/\/www.hoymercedes.com.ar\/principal\/2019\/07\/03\/escuelas-reunidas-en-la-feria-distrital-de-ciencias-arte-y-tecnologias\/img_20190703_165427669\/#main\" data-orig-file=\"https:\/\/www.hoymercedes.com.ar\/principal\/wp-content\/uploads\/2019\/07\/IMG_20190703_165427669.jpg\" data-orig-size=\"750,500\" data-comments-opened=\"0\" data-image-meta=\"{&quot;aperture&quot;:&quot;2&quot;,&quot;credit&quot;:&quot;&quot;,&quot;camera&quot;:&quot;Moto G (5S) Plus&quot;,&quot;caption&quot;:&quot;&quot;,&quot;created_timestamp&quot;:&quot;1562172867&quot;,&quot;copyright&quot;:&quot;&quot;,&quot;focal_length&quot;:&quot;3.59&quot;,&quot;iso&quot;:&quot;3192&quot;,&quot;shutter_speed&quot;:&quot;0.0052631578947368&quot;,&quot;title&quot;:&quot;&quot;,&quot;orientation&quot;:&quot;1&quot;}\" data-image-title=\"IMG_20190703_165427669\" data-image-description=\"\" data-image-caption=\"\" data-large-file=\"https:\/\/www.hoymercedes.com.ar\/principal\/wp-content\/uploads\/2019\/07\/IMG_20190703_165427669.jpg\" src=\"https:\/\/www.hoymercedes.com.ar\/principal\/wp-content\/uploads\/2019\/07\/IMG_20190703_165427669.jpg\" alt=\"\" class=\"wp-image-96141\" srcset=\"https:\/\/www.hoymercedes.com.ar\/principal\/wp-content\/uploads\/2019\/07\/IMG_20190703_165427669.jpg 750w, https:\/\/www.hoymercedes.com.ar\/principal\/wp-content\/uploads\/2019\/07\/IMG_20190703_165427669-150x100.jpg 150w, https:\/\/www.hoymercedes.com.ar\/principal\/wp-content\/uploads\/2019\/07\/IMG_20190703_165427669-630x420.jpg 630w, https:\/\/www.hoymercedes.com.ar\/principal\/wp-content\/uploads\/2019\/07\/IMG_20190703_165427669-720x480.jpg 720w, https:\/\/www.hoymercedes.com.ar\/principal\/wp-content\/uploads\/2019\/07\/IMG_20190703_165427669-360x240.jpg 360w\" sizes=\"auto, (max-width: 750px) 100vw, 750px\" \/><\/figure>\n\n\n\n<p>Desde las primeras horas de la ma\u00f1ana diferentes escuelas de\nnivel inicial, primaria, secundaria y terciaria se dieron cita en las aulas de\ntalleres de la Escuela de Educaci\u00f3n T\u00e9cnica N\u00ba 1. All\u00ed, hasta las cuatro de la\ntarde, las instituciones educativas expusieron sus proyectos en las \u00e1reas de Ambiente\nnatural, social y tecnol\u00f3gico, Artes Visuales, Ciencias Naturales, Emprendedorismo,\nIngenier\u00eda y Tecnolog\u00eda, Ciencias Sociales, Derecho y Ciudadan\u00eda, Lengua, Matem\u00e1ticas\ny Educaci\u00f3n F\u00edsica. <\/p>\n\n\n\n<p>A lo largo de un pasillo pod\u00eda verse distintas ideas y\nproyectos que los estudiantes de acuerdo al nivel contaban y explicaban a\nquienes se acercaban y consultaban. Desde propuestas ecol\u00f3gicas, hasta\nproyectos para iniciar emprendimientos laborales, pasando por ideas para mejorar\nlas propias escuelas o investigaciones cient\u00edficas. Durante el d\u00eda, pasaron\nautoridades educativas, comunales, escuelas visitantes, familiares de los\nalumnos, docentes de distintos establecimientos y el jurado que se encarg\u00f3 de\nevaluar cada proyecto. <\/p>\n\n\n\n<p>Pasadas las cuatro de la tarde, los docentes y estudiantes\nque segu\u00edan en sus puestos, se mudaron al espacio elegido para hacer el acto de\napertura y de cierre. El Jefe Distrital de Inspectores Cristian Ponce agradeci\u00f3\na cada escuela y grupo en especial a la EET N\u00ba 1 que prest\u00f3 sus instalaciones\npara hacer la Feria. \u201cM\u00e1s all\u00e1 de pasar o no al regional. Lo importante es la\ndevoluci\u00f3n que le hicieron para mejorar los proyectos y continuar el desarrollo\ndel mismo\u201d, expres\u00f3 el Inspector. <\/p>\n\n\n\n<p>A su lado, la Inspectora Teresita Mansilla esperaba la autorizaci\u00f3n para anunciar quienes competir\u00e1n en la instancia regional. El jurado coordinado por Ver\u00f3nica Areco dio su dictamen. Son catorce los proyectos seleccionados&nbsp; para participar el 21 de agosto en San Andr\u00e9s de Giles, lugar donde se har\u00e1 la Feria Regional de Ciencias. <\/p>\n\n\n\n<ul class=\"wp-block-gallery columns-4 is-cropped wp-block-gallery-1 is-layout-flex wp-block-gallery-is-layout-flex\"><li class=\"blocks-gallery-item\"><figure><a href=\"https:\/\/www.hoymercedes.com.ar\/principal\/wp-content\/uploads\/2019\/07\/IMG_20190703_165427669.jpg\"><img loading=\"lazy\" decoding=\"async\" width=\"750\" height=\"500\" data-attachment-id=\"96141\" data-permalink=\"https:\/\/www.hoymercedes.com.ar\/principal\/2019\/07\/03\/escuelas-reunidas-en-la-feria-distrital-de-ciencias-arte-y-tecnologias\/img_20190703_165427669\/#main\" data-orig-file=\"https:\/\/www.hoymercedes.com.ar\/principal\/wp-content\/uploads\/2019\/07\/IMG_20190703_165427669.jpg\" data-orig-size=\"750,500\" data-comments-opened=\"0\" data-image-meta=\"{&quot;aperture&quot;:&quot;2&quot;,&quot;credit&quot;:&quot;&quot;,&quot;camera&quot;:&quot;Moto G (5S) Plus&quot;,&quot;caption&quot;:&quot;&quot;,&quot;created_timestamp&quot;:&quot;1562172867&quot;,&quot;copyright&quot;:&quot;&quot;,&quot;focal_length&quot;:&quot;3.59&quot;,&quot;iso&quot;:&quot;3192&quot;,&quot;shutter_speed&quot;:&quot;0.0052631578947368&quot;,&quot;title&quot;:&quot;&quot;,&quot;orientation&quot;:&quot;1&quot;}\" data-image-title=\"IMG_20190703_165427669\" data-image-description=\"\" data-image-caption=\"\" data-large-file=\"https:\/\/www.hoymercedes.com.ar\/principal\/wp-content\/uploads\/2019\/07\/IMG_20190703_165427669.jpg\" src=\"https:\/\/www.hoymercedes.com.ar\/principal\/wp-content\/uploads\/2019\/07\/IMG_20190703_165427669.jpg\" alt=\"\" data-id=\"96141\" data-link=\"https:\/\/www.hoymercedes.com.ar\/principal\/?attachment_id=96141\" class=\"wp-image-96141\" srcset=\"https:\/\/www.hoymercedes.com.ar\/principal\/wp-content\/uploads\/2019\/07\/IMG_20190703_165427669.jpg 750w, https:\/\/www.hoymercedes.com.ar\/principal\/wp-content\/uploads\/2019\/07\/IMG_20190703_165427669-150x100.jpg 150w, https:\/\/www.hoymercedes.com.ar\/principal\/wp-content\/uploads\/2019\/07\/IMG_20190703_165427669-630x420.jpg 630w, https:\/\/www.hoymercedes.com.ar\/principal\/wp-content\/uploads\/2019\/07\/IMG_20190703_165427669-720x480.jpg 720w, https:\/\/www.hoymercedes.com.ar\/principal\/wp-content\/uploads\/2019\/07\/IMG_20190703_165427669-360x240.jpg 360w\" sizes=\"auto, (max-width: 750px) 100vw, 750px\" \/><\/a><\/figure><\/li><li class=\"blocks-gallery-item\"><figure><a href=\"https:\/\/www.hoymercedes.com.ar\/principal\/wp-content\/uploads\/2019\/07\/IMG_20190703_165026116.jpg\"><img loading=\"lazy\" decoding=\"async\" width=\"750\" height=\"500\" data-attachment-id=\"96175\" data-permalink=\"https:\/\/www.hoymercedes.com.ar\/principal\/2019\/07\/03\/escuelas-reunidas-en-la-feria-distrital-de-ciencias-arte-y-tecnologias\/img_20190703_165026116\/#main\" data-orig-file=\"https:\/\/www.hoymercedes.com.ar\/principal\/wp-content\/uploads\/2019\/07\/IMG_20190703_165026116.jpg\" data-orig-size=\"750,500\" data-comments-opened=\"0\" data-image-meta=\"{&quot;aperture&quot;:&quot;2&quot;,&quot;credit&quot;:&quot;&quot;,&quot;camera&quot;:&quot;Moto G (5S) Plus&quot;,&quot;caption&quot;:&quot;&quot;,&quot;created_timestamp&quot;:&quot;1562172626&quot;,&quot;copyright&quot;:&quot;&quot;,&quot;focal_length&quot;:&quot;3.59&quot;,&quot;iso&quot;:&quot;3192&quot;,&quot;shutter_speed&quot;:&quot;0.004149377593361&quot;,&quot;title&quot;:&quot;&quot;,&quot;orientation&quot;:&quot;1&quot;}\" data-image-title=\"IMG_20190703_165026116\" data-image-description=\"\" data-image-caption=\"\" data-large-file=\"https:\/\/www.hoymercedes.com.ar\/principal\/wp-content\/uploads\/2019\/07\/IMG_20190703_165026116.jpg\" src=\"https:\/\/www.hoymercedes.com.ar\/principal\/wp-content\/uploads\/2019\/07\/IMG_20190703_165026116.jpg\" alt=\"\" data-id=\"96175\" data-link=\"https:\/\/www.hoymercedes.com.ar\/principal\/?attachment_id=96175\" class=\"wp-image-96175\" srcset=\"https:\/\/www.hoymercedes.com.ar\/principal\/wp-content\/uploads\/2019\/07\/IMG_20190703_165026116.jpg 750w, https:\/\/www.hoymercedes.com.ar\/principal\/wp-content\/uploads\/2019\/07\/IMG_20190703_165026116-150x100.jpg 150w, https:\/\/www.hoymercedes.com.ar\/principal\/wp-content\/uploads\/2019\/07\/IMG_20190703_165026116-630x420.jpg 630w, https:\/\/www.hoymercedes.com.ar\/principal\/wp-content\/uploads\/2019\/07\/IMG_20190703_165026116-720x480.jpg 720w, https:\/\/www.hoymercedes.com.ar\/principal\/wp-content\/uploads\/2019\/07\/IMG_20190703_165026116-360x240.jpg 360w\" sizes=\"auto, (max-width: 750px) 100vw, 750px\" \/><\/a><\/figure><\/li><li class=\"blocks-gallery-item\"><figure><a href=\"https:\/\/www.hoymercedes.com.ar\/principal\/wp-content\/uploads\/2019\/07\/IMG_20190703_164948671.jpg\"><img loading=\"lazy\" decoding=\"async\" width=\"750\" height=\"500\" data-attachment-id=\"96174\" data-permalink=\"https:\/\/www.hoymercedes.com.ar\/principal\/2019\/07\/03\/escuelas-reunidas-en-la-feria-distrital-de-ciencias-arte-y-tecnologias\/img_20190703_164948671\/#main\" data-orig-file=\"https:\/\/www.hoymercedes.com.ar\/principal\/wp-content\/uploads\/2019\/07\/IMG_20190703_164948671.jpg\" data-orig-size=\"750,500\" data-comments-opened=\"0\" data-image-meta=\"{&quot;aperture&quot;:&quot;2&quot;,&quot;credit&quot;:&quot;&quot;,&quot;camera&quot;:&quot;Moto G (5S) Plus&quot;,&quot;caption&quot;:&quot;&quot;,&quot;created_timestamp&quot;:&quot;1562172588&quot;,&quot;copyright&quot;:&quot;&quot;,&quot;focal_length&quot;:&quot;3.59&quot;,&quot;iso&quot;:&quot;3192&quot;,&quot;shutter_speed&quot;:&quot;0.0038022813688213&quot;,&quot;title&quot;:&quot;&quot;,&quot;orientation&quot;:&quot;1&quot;}\" data-image-title=\"IMG_20190703_164948671\" data-image-description=\"\" data-image-caption=\"\" data-large-file=\"https:\/\/www.hoymercedes.com.ar\/principal\/wp-content\/uploads\/2019\/07\/IMG_20190703_164948671.jpg\" src=\"https:\/\/www.hoymercedes.com.ar\/principal\/wp-content\/uploads\/2019\/07\/IMG_20190703_164948671.jpg\" alt=\"\" data-id=\"96174\" data-link=\"https:\/\/www.hoymercedes.com.ar\/principal\/?attachment_id=96174\" class=\"wp-image-96174\" srcset=\"https:\/\/www.hoymercedes.com.ar\/principal\/wp-content\/uploads\/2019\/07\/IMG_20190703_164948671.jpg 750w, https:\/\/www.hoymercedes.com.ar\/principal\/wp-content\/uploads\/2019\/07\/IMG_20190703_164948671-150x100.jpg 150w, https:\/\/www.hoymercedes.com.ar\/principal\/wp-content\/uploads\/2019\/07\/IMG_20190703_164948671-630x420.jpg 630w, https:\/\/www.hoymercedes.com.ar\/principal\/wp-content\/uploads\/2019\/07\/IMG_20190703_164948671-720x480.jpg 720w, https:\/\/www.hoymercedes.com.ar\/principal\/wp-content\/uploads\/2019\/07\/IMG_20190703_164948671-360x240.jpg 360w\" sizes=\"auto, (max-width: 750px) 100vw, 750px\" \/><\/a><\/figure><\/li><li class=\"blocks-gallery-item\"><figure><a href=\"https:\/\/www.hoymercedes.com.ar\/principal\/wp-content\/uploads\/2019\/07\/IMG_20190703_164909106.jpg\"><img loading=\"lazy\" decoding=\"async\" width=\"750\" height=\"500\" data-attachment-id=\"96173\" data-permalink=\"https:\/\/www.hoymercedes.com.ar\/principal\/2019\/07\/03\/escuelas-reunidas-en-la-feria-distrital-de-ciencias-arte-y-tecnologias\/img_20190703_164909106\/#main\" data-orig-file=\"https:\/\/www.hoymercedes.com.ar\/principal\/wp-content\/uploads\/2019\/07\/IMG_20190703_164909106.jpg\" data-orig-size=\"750,500\" data-comments-opened=\"0\" data-image-meta=\"{&quot;aperture&quot;:&quot;2&quot;,&quot;credit&quot;:&quot;&quot;,&quot;camera&quot;:&quot;Moto G (5S) Plus&quot;,&quot;caption&quot;:&quot;&quot;,&quot;created_timestamp&quot;:&quot;1562172549&quot;,&quot;copyright&quot;:&quot;&quot;,&quot;focal_length&quot;:&quot;3.59&quot;,&quot;iso&quot;:&quot;3192&quot;,&quot;shutter_speed&quot;:&quot;0.0044052863436123&quot;,&quot;title&quot;:&quot;&quot;,&quot;orientation&quot;:&quot;1&quot;}\" data-image-title=\"IMG_20190703_164909106\" data-image-description=\"\" data-image-caption=\"\" data-large-file=\"https:\/\/www.hoymercedes.com.ar\/principal\/wp-content\/uploads\/2019\/07\/IMG_20190703_164909106.jpg\" src=\"https:\/\/www.hoymercedes.com.ar\/principal\/wp-content\/uploads\/2019\/07\/IMG_20190703_164909106.jpg\" alt=\"\" data-id=\"96173\" data-link=\"https:\/\/www.hoymercedes.com.ar\/principal\/?attachment_id=96173\" class=\"wp-image-96173\" srcset=\"https:\/\/www.hoymercedes.com.ar\/principal\/wp-content\/uploads\/2019\/07\/IMG_20190703_164909106.jpg 750w, https:\/\/www.hoymercedes.com.ar\/principal\/wp-content\/uploads\/2019\/07\/IMG_20190703_164909106-150x100.jpg 150w, https:\/\/www.hoymercedes.com.ar\/principal\/wp-content\/uploads\/2019\/07\/IMG_20190703_164909106-630x420.jpg 630w, https:\/\/www.hoymercedes.com.ar\/principal\/wp-content\/uploads\/2019\/07\/IMG_20190703_164909106-720x480.jpg 720w, https:\/\/www.hoymercedes.com.ar\/principal\/wp-content\/uploads\/2019\/07\/IMG_20190703_164909106-360x240.jpg 360w\" sizes=\"auto, (max-width: 750px) 100vw, 750px\" \/><\/a><\/figure><\/li><li class=\"blocks-gallery-item\"><figure><a href=\"https:\/\/www.hoymercedes.com.ar\/principal\/wp-content\/uploads\/2019\/07\/IMG_20190703_164818522.jpg\"><img loading=\"lazy\" decoding=\"async\" width=\"750\" height=\"500\" data-attachment-id=\"96172\" data-permalink=\"https:\/\/www.hoymercedes.com.ar\/principal\/2019\/07\/03\/escuelas-reunidas-en-la-feria-distrital-de-ciencias-arte-y-tecnologias\/img_20190703_164818522\/#main\" data-orig-file=\"https:\/\/www.hoymercedes.com.ar\/principal\/wp-content\/uploads\/2019\/07\/IMG_20190703_164818522.jpg\" data-orig-size=\"750,500\" data-comments-opened=\"0\" data-image-meta=\"{&quot;aperture&quot;:&quot;2&quot;,&quot;credit&quot;:&quot;&quot;,&quot;camera&quot;:&quot;Moto G (5S) Plus&quot;,&quot;caption&quot;:&quot;&quot;,&quot;created_timestamp&quot;:&quot;1562172498&quot;,&quot;copyright&quot;:&quot;&quot;,&quot;focal_length&quot;:&quot;3.59&quot;,&quot;iso&quot;:&quot;3192&quot;,&quot;shutter_speed&quot;:&quot;0.0040322580645161&quot;,&quot;title&quot;:&quot;&quot;,&quot;orientation&quot;:&quot;1&quot;}\" data-image-title=\"IMG_20190703_164818522\" data-image-description=\"\" data-image-caption=\"\" data-large-file=\"https:\/\/www.hoymercedes.com.ar\/principal\/wp-content\/uploads\/2019\/07\/IMG_20190703_164818522.jpg\" src=\"https:\/\/www.hoymercedes.com.ar\/principal\/wp-content\/uploads\/2019\/07\/IMG_20190703_164818522.jpg\" alt=\"\" data-id=\"96172\" data-link=\"https:\/\/www.hoymercedes.com.ar\/principal\/?attachment_id=96172\" class=\"wp-image-96172\" srcset=\"https:\/\/www.hoymercedes.com.ar\/principal\/wp-content\/uploads\/2019\/07\/IMG_20190703_164818522.jpg 750w, https:\/\/www.hoymercedes.com.ar\/principal\/wp-content\/uploads\/2019\/07\/IMG_20190703_164818522-150x100.jpg 150w, https:\/\/www.hoymercedes.com.ar\/principal\/wp-content\/uploads\/2019\/07\/IMG_20190703_164818522-630x420.jpg 630w, https:\/\/www.hoymercedes.com.ar\/principal\/wp-content\/uploads\/2019\/07\/IMG_20190703_164818522-720x480.jpg 720w, https:\/\/www.hoymercedes.com.ar\/principal\/wp-content\/uploads\/2019\/07\/IMG_20190703_164818522-360x240.jpg 360w\" sizes=\"auto, (max-width: 750px) 100vw, 750px\" \/><\/a><\/figure><\/li><li class=\"blocks-gallery-item\"><figure><a href=\"https:\/\/www.hoymercedes.com.ar\/principal\/wp-content\/uploads\/2019\/07\/IMG_20190703_164720267.jpg\"><img loading=\"lazy\" decoding=\"async\" width=\"750\" height=\"500\" data-attachment-id=\"96171\" data-permalink=\"https:\/\/www.hoymercedes.com.ar\/principal\/2019\/07\/03\/escuelas-reunidas-en-la-feria-distrital-de-ciencias-arte-y-tecnologias\/img_20190703_164720267\/#main\" data-orig-file=\"https:\/\/www.hoymercedes.com.ar\/principal\/wp-content\/uploads\/2019\/07\/IMG_20190703_164720267.jpg\" data-orig-size=\"750,500\" data-comments-opened=\"0\" data-image-meta=\"{&quot;aperture&quot;:&quot;2&quot;,&quot;credit&quot;:&quot;&quot;,&quot;camera&quot;:&quot;Moto G (5S) Plus&quot;,&quot;caption&quot;:&quot;&quot;,&quot;created_timestamp&quot;:&quot;1562172440&quot;,&quot;copyright&quot;:&quot;&quot;,&quot;focal_length&quot;:&quot;3.59&quot;,&quot;iso&quot;:&quot;3192&quot;,&quot;shutter_speed&quot;:&quot;0.0038022813688213&quot;,&quot;title&quot;:&quot;&quot;,&quot;orientation&quot;:&quot;1&quot;}\" data-image-title=\"IMG_20190703_164720267\" data-image-description=\"\" data-image-caption=\"\" data-large-file=\"https:\/\/www.hoymercedes.com.ar\/principal\/wp-content\/uploads\/2019\/07\/IMG_20190703_164720267.jpg\" src=\"https:\/\/www.hoymercedes.com.ar\/principal\/wp-content\/uploads\/2019\/07\/IMG_20190703_164720267.jpg\" alt=\"\" data-id=\"96171\" data-link=\"https:\/\/www.hoymercedes.com.ar\/principal\/?attachment_id=96171\" class=\"wp-image-96171\" srcset=\"https:\/\/www.hoymercedes.com.ar\/principal\/wp-content\/uploads\/2019\/07\/IMG_20190703_164720267.jpg 750w, https:\/\/www.hoymercedes.com.ar\/principal\/wp-content\/uploads\/2019\/07\/IMG_20190703_164720267-150x100.jpg 150w, https:\/\/www.hoymercedes.com.ar\/principal\/wp-content\/uploads\/2019\/07\/IMG_20190703_164720267-630x420.jpg 630w, https:\/\/www.hoymercedes.com.ar\/principal\/wp-content\/uploads\/2019\/07\/IMG_20190703_164720267-720x480.jpg 720w, https:\/\/www.hoymercedes.com.ar\/principal\/wp-content\/uploads\/2019\/07\/IMG_20190703_164720267-360x240.jpg 360w\" sizes=\"auto, (max-width: 750px) 100vw, 750px\" \/><\/a><\/figure><\/li><li class=\"blocks-gallery-item\"><figure><a href=\"https:\/\/www.hoymercedes.com.ar\/principal\/wp-content\/uploads\/2019\/07\/IMG_20190703_164648571.jpg\"><img loading=\"lazy\" decoding=\"async\" width=\"750\" height=\"500\" data-attachment-id=\"96170\" data-permalink=\"https:\/\/www.hoymercedes.com.ar\/principal\/2019\/07\/03\/escuelas-reunidas-en-la-feria-distrital-de-ciencias-arte-y-tecnologias\/img_20190703_164648571\/#main\" data-orig-file=\"https:\/\/www.hoymercedes.com.ar\/principal\/wp-content\/uploads\/2019\/07\/IMG_20190703_164648571.jpg\" data-orig-size=\"750,500\" data-comments-opened=\"0\" data-image-meta=\"{&quot;aperture&quot;:&quot;2&quot;,&quot;credit&quot;:&quot;&quot;,&quot;camera&quot;:&quot;Moto G (5S) Plus&quot;,&quot;caption&quot;:&quot;&quot;,&quot;created_timestamp&quot;:&quot;1562172408&quot;,&quot;copyright&quot;:&quot;&quot;,&quot;focal_length&quot;:&quot;3.59&quot;,&quot;iso&quot;:&quot;3192&quot;,&quot;shutter_speed&quot;:&quot;0.00390625&quot;,&quot;title&quot;:&quot;&quot;,&quot;orientation&quot;:&quot;1&quot;}\" data-image-title=\"IMG_20190703_164648571\" data-image-description=\"\" data-image-caption=\"\" data-large-file=\"https:\/\/www.hoymercedes.com.ar\/principal\/wp-content\/uploads\/2019\/07\/IMG_20190703_164648571.jpg\" src=\"https:\/\/www.hoymercedes.com.ar\/principal\/wp-content\/uploads\/2019\/07\/IMG_20190703_164648571.jpg\" alt=\"\" data-id=\"96170\" data-link=\"https:\/\/www.hoymercedes.com.ar\/principal\/?attachment_id=96170\" class=\"wp-image-96170\" srcset=\"https:\/\/www.hoymercedes.com.ar\/principal\/wp-content\/uploads\/2019\/07\/IMG_20190703_164648571.jpg 750w, https:\/\/www.hoymercedes.com.ar\/principal\/wp-content\/uploads\/2019\/07\/IMG_20190703_164648571-150x100.jpg 150w, https:\/\/www.hoymercedes.com.ar\/principal\/wp-content\/uploads\/2019\/07\/IMG_20190703_164648571-630x420.jpg 630w, https:\/\/www.hoymercedes.com.ar\/principal\/wp-content\/uploads\/2019\/07\/IMG_20190703_164648571-720x480.jpg 720w, https:\/\/www.hoymercedes.com.ar\/principal\/wp-content\/uploads\/2019\/07\/IMG_20190703_164648571-360x240.jpg 360w\" sizes=\"auto, (max-width: 750px) 100vw, 750px\" \/><\/a><\/figure><\/li><li class=\"blocks-gallery-item\"><figure><a href=\"https:\/\/www.hoymercedes.com.ar\/principal\/wp-content\/uploads\/2019\/07\/IMG_20190703_164604903.jpg\"><img loading=\"lazy\" decoding=\"async\" width=\"750\" height=\"500\" data-attachment-id=\"96169\" data-permalink=\"https:\/\/www.hoymercedes.com.ar\/principal\/2019\/07\/03\/escuelas-reunidas-en-la-feria-distrital-de-ciencias-arte-y-tecnologias\/img_20190703_164604903\/#main\" data-orig-file=\"https:\/\/www.hoymercedes.com.ar\/principal\/wp-content\/uploads\/2019\/07\/IMG_20190703_164604903.jpg\" data-orig-size=\"750,500\" data-comments-opened=\"0\" data-image-meta=\"{&quot;aperture&quot;:&quot;2&quot;,&quot;credit&quot;:&quot;&quot;,&quot;camera&quot;:&quot;Moto G (5S) Plus&quot;,&quot;caption&quot;:&quot;&quot;,&quot;created_timestamp&quot;:&quot;1562172365&quot;,&quot;copyright&quot;:&quot;&quot;,&quot;focal_length&quot;:&quot;3.59&quot;,&quot;iso&quot;:&quot;3192&quot;,&quot;shutter_speed&quot;:&quot;0.00390625&quot;,&quot;title&quot;:&quot;&quot;,&quot;orientation&quot;:&quot;1&quot;}\" data-image-title=\"IMG_20190703_164604903\" data-image-description=\"\" data-image-caption=\"\" data-large-file=\"https:\/\/www.hoymercedes.com.ar\/principal\/wp-content\/uploads\/2019\/07\/IMG_20190703_164604903.jpg\" src=\"https:\/\/www.hoymercedes.com.ar\/principal\/wp-content\/uploads\/2019\/07\/IMG_20190703_164604903.jpg\" alt=\"\" data-id=\"96169\" data-link=\"https:\/\/www.hoymercedes.com.ar\/principal\/?attachment_id=96169\" class=\"wp-image-96169\" srcset=\"https:\/\/www.hoymercedes.com.ar\/principal\/wp-content\/uploads\/2019\/07\/IMG_20190703_164604903.jpg 750w, https:\/\/www.hoymercedes.com.ar\/principal\/wp-content\/uploads\/2019\/07\/IMG_20190703_164604903-150x100.jpg 150w, https:\/\/www.hoymercedes.com.ar\/principal\/wp-content\/uploads\/2019\/07\/IMG_20190703_164604903-630x420.jpg 630w, https:\/\/www.hoymercedes.com.ar\/principal\/wp-content\/uploads\/2019\/07\/IMG_20190703_164604903-720x480.jpg 720w, https:\/\/www.hoymercedes.com.ar\/principal\/wp-content\/uploads\/2019\/07\/IMG_20190703_164604903-360x240.jpg 360w\" sizes=\"auto, (max-width: 750px) 100vw, 750px\" \/><\/a><\/figure><\/li><li class=\"blocks-gallery-item\"><figure><a href=\"https:\/\/www.hoymercedes.com.ar\/principal\/wp-content\/uploads\/2019\/07\/IMG_20190703_164535432.jpg\"><img loading=\"lazy\" decoding=\"async\" width=\"750\" height=\"500\" data-attachment-id=\"96168\" data-permalink=\"https:\/\/www.hoymercedes.com.ar\/principal\/2019\/07\/03\/escuelas-reunidas-en-la-feria-distrital-de-ciencias-arte-y-tecnologias\/img_20190703_164535432\/#main\" data-orig-file=\"https:\/\/www.hoymercedes.com.ar\/principal\/wp-content\/uploads\/2019\/07\/IMG_20190703_164535432.jpg\" data-orig-size=\"750,500\" data-comments-opened=\"0\" data-image-meta=\"{&quot;aperture&quot;:&quot;2&quot;,&quot;credit&quot;:&quot;&quot;,&quot;camera&quot;:&quot;Moto G (5S) Plus&quot;,&quot;caption&quot;:&quot;&quot;,&quot;created_timestamp&quot;:&quot;1562172335&quot;,&quot;copyright&quot;:&quot;&quot;,&quot;focal_length&quot;:&quot;3.59&quot;,&quot;iso&quot;:&quot;3192&quot;,&quot;shutter_speed&quot;:&quot;0.003690036900369&quot;,&quot;title&quot;:&quot;&quot;,&quot;orientation&quot;:&quot;1&quot;}\" data-image-title=\"IMG_20190703_164535432\" data-image-description=\"\" data-image-caption=\"\" data-large-file=\"https:\/\/www.hoymercedes.com.ar\/principal\/wp-content\/uploads\/2019\/07\/IMG_20190703_164535432.jpg\" src=\"https:\/\/www.hoymercedes.com.ar\/principal\/wp-content\/uploads\/2019\/07\/IMG_20190703_164535432.jpg\" alt=\"\" data-id=\"96168\" data-link=\"https:\/\/www.hoymercedes.com.ar\/principal\/?attachment_id=96168\" class=\"wp-image-96168\" srcset=\"https:\/\/www.hoymercedes.com.ar\/principal\/wp-content\/uploads\/2019\/07\/IMG_20190703_164535432.jpg 750w, https:\/\/www.hoymercedes.com.ar\/principal\/wp-content\/uploads\/2019\/07\/IMG_20190703_164535432-150x100.jpg 150w, https:\/\/www.hoymercedes.com.ar\/principal\/wp-content\/uploads\/2019\/07\/IMG_20190703_164535432-630x420.jpg 630w, https:\/\/www.hoymercedes.com.ar\/principal\/wp-content\/uploads\/2019\/07\/IMG_20190703_164535432-720x480.jpg 720w, https:\/\/www.hoymercedes.com.ar\/principal\/wp-content\/uploads\/2019\/07\/IMG_20190703_164535432-360x240.jpg 360w\" sizes=\"auto, (max-width: 750px) 100vw, 750px\" \/><\/a><\/figure><\/li><li class=\"blocks-gallery-item\"><figure><a href=\"https:\/\/www.hoymercedes.com.ar\/principal\/wp-content\/uploads\/2019\/07\/IMG_20190703_164504653.jpg\"><img loading=\"lazy\" decoding=\"async\" width=\"750\" height=\"500\" data-attachment-id=\"96167\" data-permalink=\"https:\/\/www.hoymercedes.com.ar\/principal\/2019\/07\/03\/escuelas-reunidas-en-la-feria-distrital-de-ciencias-arte-y-tecnologias\/img_20190703_164504653\/#main\" data-orig-file=\"https:\/\/www.hoymercedes.com.ar\/principal\/wp-content\/uploads\/2019\/07\/IMG_20190703_164504653.jpg\" data-orig-size=\"750,500\" data-comments-opened=\"0\" data-image-meta=\"{&quot;aperture&quot;:&quot;2&quot;,&quot;credit&quot;:&quot;&quot;,&quot;camera&quot;:&quot;Moto G (5S) Plus&quot;,&quot;caption&quot;:&quot;&quot;,&quot;created_timestamp&quot;:&quot;1562172304&quot;,&quot;copyright&quot;:&quot;&quot;,&quot;focal_length&quot;:&quot;3.59&quot;,&quot;iso&quot;:&quot;3192&quot;,&quot;shutter_speed&quot;:&quot;0.00390625&quot;,&quot;title&quot;:&quot;&quot;,&quot;orientation&quot;:&quot;1&quot;}\" data-image-title=\"IMG_20190703_164504653\" data-image-description=\"\" data-image-caption=\"\" data-large-file=\"https:\/\/www.hoymercedes.com.ar\/principal\/wp-content\/uploads\/2019\/07\/IMG_20190703_164504653.jpg\" src=\"https:\/\/www.hoymercedes.com.ar\/principal\/wp-content\/uploads\/2019\/07\/IMG_20190703_164504653.jpg\" alt=\"\" data-id=\"96167\" data-link=\"https:\/\/www.hoymercedes.com.ar\/principal\/?attachment_id=96167\" class=\"wp-image-96167\" srcset=\"https:\/\/www.hoymercedes.com.ar\/principal\/wp-content\/uploads\/2019\/07\/IMG_20190703_164504653.jpg 750w, https:\/\/www.hoymercedes.com.ar\/principal\/wp-content\/uploads\/2019\/07\/IMG_20190703_164504653-150x100.jpg 150w, https:\/\/www.hoymercedes.com.ar\/principal\/wp-content\/uploads\/2019\/07\/IMG_20190703_164504653-630x420.jpg 630w, https:\/\/www.hoymercedes.com.ar\/principal\/wp-content\/uploads\/2019\/07\/IMG_20190703_164504653-720x480.jpg 720w, https:\/\/www.hoymercedes.com.ar\/principal\/wp-content\/uploads\/2019\/07\/IMG_20190703_164504653-360x240.jpg 360w\" sizes=\"auto, (max-width: 750px) 100vw, 750px\" \/><\/a><\/figure><\/li><li class=\"blocks-gallery-item\"><figure><a href=\"https:\/\/www.hoymercedes.com.ar\/principal\/wp-content\/uploads\/2019\/07\/IMG_20190703_164430141.jpg\"><img loading=\"lazy\" decoding=\"async\" width=\"750\" height=\"500\" data-attachment-id=\"96166\" data-permalink=\"https:\/\/www.hoymercedes.com.ar\/principal\/2019\/07\/03\/escuelas-reunidas-en-la-feria-distrital-de-ciencias-arte-y-tecnologias\/img_20190703_164430141\/#main\" data-orig-file=\"https:\/\/www.hoymercedes.com.ar\/principal\/wp-content\/uploads\/2019\/07\/IMG_20190703_164430141.jpg\" data-orig-size=\"750,500\" data-comments-opened=\"0\" data-image-meta=\"{&quot;aperture&quot;:&quot;2&quot;,&quot;credit&quot;:&quot;&quot;,&quot;camera&quot;:&quot;Moto G (5S) Plus&quot;,&quot;caption&quot;:&quot;&quot;,&quot;created_timestamp&quot;:&quot;1562172270&quot;,&quot;copyright&quot;:&quot;&quot;,&quot;focal_length&quot;:&quot;3.59&quot;,&quot;iso&quot;:&quot;3192&quot;,&quot;shutter_speed&quot;:&quot;0.00390625&quot;,&quot;title&quot;:&quot;&quot;,&quot;orientation&quot;:&quot;1&quot;}\" data-image-title=\"IMG_20190703_164430141\" data-image-description=\"\" data-image-caption=\"\" data-large-file=\"https:\/\/www.hoymercedes.com.ar\/principal\/wp-content\/uploads\/2019\/07\/IMG_20190703_164430141.jpg\" src=\"https:\/\/www.hoymercedes.com.ar\/principal\/wp-content\/uploads\/2019\/07\/IMG_20190703_164430141.jpg\" alt=\"\" data-id=\"96166\" data-link=\"https:\/\/www.hoymercedes.com.ar\/principal\/?attachment_id=96166\" class=\"wp-image-96166\" srcset=\"https:\/\/www.hoymercedes.com.ar\/principal\/wp-content\/uploads\/2019\/07\/IMG_20190703_164430141.jpg 750w, https:\/\/www.hoymercedes.com.ar\/principal\/wp-content\/uploads\/2019\/07\/IMG_20190703_164430141-150x100.jpg 150w, https:\/\/www.hoymercedes.com.ar\/principal\/wp-content\/uploads\/2019\/07\/IMG_20190703_164430141-630x420.jpg 630w, https:\/\/www.hoymercedes.com.ar\/principal\/wp-content\/uploads\/2019\/07\/IMG_20190703_164430141-720x480.jpg 720w, https:\/\/www.hoymercedes.com.ar\/principal\/wp-content\/uploads\/2019\/07\/IMG_20190703_164430141-360x240.jpg 360w\" sizes=\"auto, (max-width: 750px) 100vw, 750px\" \/><\/a><\/figure><\/li><li class=\"blocks-gallery-item\"><figure><a href=\"https:\/\/www.hoymercedes.com.ar\/principal\/wp-content\/uploads\/2019\/07\/IMG_20190703_164354028.jpg\"><img loading=\"lazy\" decoding=\"async\" width=\"750\" height=\"500\" data-attachment-id=\"96165\" data-permalink=\"https:\/\/www.hoymercedes.com.ar\/principal\/2019\/07\/03\/escuelas-reunidas-en-la-feria-distrital-de-ciencias-arte-y-tecnologias\/img_20190703_164354028\/#main\" data-orig-file=\"https:\/\/www.hoymercedes.com.ar\/principal\/wp-content\/uploads\/2019\/07\/IMG_20190703_164354028.jpg\" data-orig-size=\"750,500\" data-comments-opened=\"0\" data-image-meta=\"{&quot;aperture&quot;:&quot;2&quot;,&quot;credit&quot;:&quot;&quot;,&quot;camera&quot;:&quot;Moto G (5S) Plus&quot;,&quot;caption&quot;:&quot;&quot;,&quot;created_timestamp&quot;:&quot;1562172234&quot;,&quot;copyright&quot;:&quot;&quot;,&quot;focal_length&quot;:&quot;3.59&quot;,&quot;iso&quot;:&quot;3192&quot;,&quot;shutter_speed&quot;:&quot;0.00390625&quot;,&quot;title&quot;:&quot;&quot;,&quot;orientation&quot;:&quot;1&quot;}\" data-image-title=\"IMG_20190703_164354028\" data-image-description=\"\" data-image-caption=\"\" data-large-file=\"https:\/\/www.hoymercedes.com.ar\/principal\/wp-content\/uploads\/2019\/07\/IMG_20190703_164354028.jpg\" src=\"https:\/\/www.hoymercedes.com.ar\/principal\/wp-content\/uploads\/2019\/07\/IMG_20190703_164354028.jpg\" alt=\"\" data-id=\"96165\" data-link=\"https:\/\/www.hoymercedes.com.ar\/principal\/?attachment_id=96165\" class=\"wp-image-96165\" srcset=\"https:\/\/www.hoymercedes.com.ar\/principal\/wp-content\/uploads\/2019\/07\/IMG_20190703_164354028.jpg 750w, https:\/\/www.hoymercedes.com.ar\/principal\/wp-content\/uploads\/2019\/07\/IMG_20190703_164354028-150x100.jpg 150w, https:\/\/www.hoymercedes.com.ar\/principal\/wp-content\/uploads\/2019\/07\/IMG_20190703_164354028-630x420.jpg 630w, https:\/\/www.hoymercedes.com.ar\/principal\/wp-content\/uploads\/2019\/07\/IMG_20190703_164354028-720x480.jpg 720w, https:\/\/www.hoymercedes.com.ar\/principal\/wp-content\/uploads\/2019\/07\/IMG_20190703_164354028-360x240.jpg 360w\" sizes=\"auto, (max-width: 750px) 100vw, 750px\" \/><\/a><\/figure><\/li><li class=\"blocks-gallery-item\"><figure><a href=\"https:\/\/www.hoymercedes.com.ar\/principal\/wp-content\/uploads\/2019\/07\/IMG_20190703_164315678.jpg\"><img loading=\"lazy\" decoding=\"async\" width=\"750\" height=\"500\" data-attachment-id=\"96164\" data-permalink=\"https:\/\/www.hoymercedes.com.ar\/principal\/2019\/07\/03\/escuelas-reunidas-en-la-feria-distrital-de-ciencias-arte-y-tecnologias\/img_20190703_164315678\/#main\" data-orig-file=\"https:\/\/www.hoymercedes.com.ar\/principal\/wp-content\/uploads\/2019\/07\/IMG_20190703_164315678.jpg\" data-orig-size=\"750,500\" data-comments-opened=\"0\" data-image-meta=\"{&quot;aperture&quot;:&quot;2&quot;,&quot;credit&quot;:&quot;&quot;,&quot;camera&quot;:&quot;Moto G (5S) Plus&quot;,&quot;caption&quot;:&quot;&quot;,&quot;created_timestamp&quot;:&quot;1562172195&quot;,&quot;copyright&quot;:&quot;&quot;,&quot;focal_length&quot;:&quot;3.59&quot;,&quot;iso&quot;:&quot;3192&quot;,&quot;shutter_speed&quot;:&quot;0.003690036900369&quot;,&quot;title&quot;:&quot;&quot;,&quot;orientation&quot;:&quot;1&quot;}\" data-image-title=\"IMG_20190703_164315678\" data-image-description=\"\" data-image-caption=\"\" data-large-file=\"https:\/\/www.hoymercedes.com.ar\/principal\/wp-content\/uploads\/2019\/07\/IMG_20190703_164315678.jpg\" src=\"https:\/\/www.hoymercedes.com.ar\/principal\/wp-content\/uploads\/2019\/07\/IMG_20190703_164315678.jpg\" alt=\"\" data-id=\"96164\" data-link=\"https:\/\/www.hoymercedes.com.ar\/principal\/?attachment_id=96164\" class=\"wp-image-96164\" srcset=\"https:\/\/www.hoymercedes.com.ar\/principal\/wp-content\/uploads\/2019\/07\/IMG_20190703_164315678.jpg 750w, https:\/\/www.hoymercedes.com.ar\/principal\/wp-content\/uploads\/2019\/07\/IMG_20190703_164315678-150x100.jpg 150w, https:\/\/www.hoymercedes.com.ar\/principal\/wp-content\/uploads\/2019\/07\/IMG_20190703_164315678-630x420.jpg 630w, https:\/\/www.hoymercedes.com.ar\/principal\/wp-content\/uploads\/2019\/07\/IMG_20190703_164315678-720x480.jpg 720w, https:\/\/www.hoymercedes.com.ar\/principal\/wp-content\/uploads\/2019\/07\/IMG_20190703_164315678-360x240.jpg 360w\" sizes=\"auto, (max-width: 750px) 100vw, 750px\" \/><\/a><\/figure><\/li><li class=\"blocks-gallery-item\"><figure><a href=\"https:\/\/www.hoymercedes.com.ar\/principal\/wp-content\/uploads\/2019\/07\/IMG_20190703_164231468.jpg\"><img loading=\"lazy\" decoding=\"async\" width=\"750\" height=\"500\" data-attachment-id=\"96163\" data-permalink=\"https:\/\/www.hoymercedes.com.ar\/principal\/2019\/07\/03\/escuelas-reunidas-en-la-feria-distrital-de-ciencias-arte-y-tecnologias\/img_20190703_164231468\/#main\" data-orig-file=\"https:\/\/www.hoymercedes.com.ar\/principal\/wp-content\/uploads\/2019\/07\/IMG_20190703_164231468.jpg\" data-orig-size=\"750,500\" data-comments-opened=\"0\" data-image-meta=\"{&quot;aperture&quot;:&quot;2&quot;,&quot;credit&quot;:&quot;&quot;,&quot;camera&quot;:&quot;Moto G (5S) Plus&quot;,&quot;caption&quot;:&quot;&quot;,&quot;created_timestamp&quot;:&quot;1562172151&quot;,&quot;copyright&quot;:&quot;&quot;,&quot;focal_length&quot;:&quot;3.59&quot;,&quot;iso&quot;:&quot;3192&quot;,&quot;shutter_speed&quot;:&quot;0.003584229390681&quot;,&quot;title&quot;:&quot;&quot;,&quot;orientation&quot;:&quot;1&quot;}\" data-image-title=\"IMG_20190703_164231468\" data-image-description=\"\" data-image-caption=\"\" data-large-file=\"https:\/\/www.hoymercedes.com.ar\/principal\/wp-content\/uploads\/2019\/07\/IMG_20190703_164231468.jpg\" src=\"https:\/\/www.hoymercedes.com.ar\/principal\/wp-content\/uploads\/2019\/07\/IMG_20190703_164231468.jpg\" alt=\"\" data-id=\"96163\" data-link=\"https:\/\/www.hoymercedes.com.ar\/principal\/?attachment_id=96163\" class=\"wp-image-96163\" srcset=\"https:\/\/www.hoymercedes.com.ar\/principal\/wp-content\/uploads\/2019\/07\/IMG_20190703_164231468.jpg 750w, https:\/\/www.hoymercedes.com.ar\/principal\/wp-content\/uploads\/2019\/07\/IMG_20190703_164231468-150x100.jpg 150w, https:\/\/www.hoymercedes.com.ar\/principal\/wp-content\/uploads\/2019\/07\/IMG_20190703_164231468-630x420.jpg 630w, https:\/\/www.hoymercedes.com.ar\/principal\/wp-content\/uploads\/2019\/07\/IMG_20190703_164231468-720x480.jpg 720w, https:\/\/www.hoymercedes.com.ar\/principal\/wp-content\/uploads\/2019\/07\/IMG_20190703_164231468-360x240.jpg 360w\" sizes=\"auto, (max-width: 750px) 100vw, 750px\" \/><\/a><\/figure><\/li><li class=\"blocks-gallery-item\"><figure><a href=\"https:\/\/www.hoymercedes.com.ar\/principal\/wp-content\/uploads\/2019\/07\/IMG_20190703_164152247.jpg\"><img loading=\"lazy\" decoding=\"async\" width=\"750\" height=\"500\" data-attachment-id=\"96162\" data-permalink=\"https:\/\/www.hoymercedes.com.ar\/principal\/2019\/07\/03\/escuelas-reunidas-en-la-feria-distrital-de-ciencias-arte-y-tecnologias\/img_20190703_164152247\/#main\" data-orig-file=\"https:\/\/www.hoymercedes.com.ar\/principal\/wp-content\/uploads\/2019\/07\/IMG_20190703_164152247.jpg\" data-orig-size=\"750,500\" data-comments-opened=\"0\" data-image-meta=\"{&quot;aperture&quot;:&quot;2&quot;,&quot;credit&quot;:&quot;&quot;,&quot;camera&quot;:&quot;Moto G (5S) Plus&quot;,&quot;caption&quot;:&quot;&quot;,&quot;created_timestamp&quot;:&quot;1562172112&quot;,&quot;copyright&quot;:&quot;&quot;,&quot;focal_length&quot;:&quot;3.59&quot;,&quot;iso&quot;:&quot;3192&quot;,&quot;shutter_speed&quot;:&quot;0.0034722222222222&quot;,&quot;title&quot;:&quot;&quot;,&quot;orientation&quot;:&quot;1&quot;}\" data-image-title=\"IMG_20190703_164152247\" data-image-description=\"\" data-image-caption=\"\" data-large-file=\"https:\/\/www.hoymercedes.com.ar\/principal\/wp-content\/uploads\/2019\/07\/IMG_20190703_164152247.jpg\" src=\"https:\/\/www.hoymercedes.com.ar\/principal\/wp-content\/uploads\/2019\/07\/IMG_20190703_164152247.jpg\" alt=\"\" data-id=\"96162\" data-link=\"https:\/\/www.hoymercedes.com.ar\/principal\/?attachment_id=96162\" class=\"wp-image-96162\" srcset=\"https:\/\/www.hoymercedes.com.ar\/principal\/wp-content\/uploads\/2019\/07\/IMG_20190703_164152247.jpg 750w, https:\/\/www.hoymercedes.com.ar\/principal\/wp-content\/uploads\/2019\/07\/IMG_20190703_164152247-150x100.jpg 150w, https:\/\/www.hoymercedes.com.ar\/principal\/wp-content\/uploads\/2019\/07\/IMG_20190703_164152247-630x420.jpg 630w, https:\/\/www.hoymercedes.com.ar\/principal\/wp-content\/uploads\/2019\/07\/IMG_20190703_164152247-720x480.jpg 720w, https:\/\/www.hoymercedes.com.ar\/principal\/wp-content\/uploads\/2019\/07\/IMG_20190703_164152247-360x240.jpg 360w\" sizes=\"auto, (max-width: 750px) 100vw, 750px\" \/><\/a><\/figure><\/li><li class=\"blocks-gallery-item\"><figure><a href=\"https:\/\/www.hoymercedes.com.ar\/principal\/wp-content\/uploads\/2019\/07\/IMG_20190703_163625399.jpg\"><img loading=\"lazy\" decoding=\"async\" width=\"750\" height=\"500\" data-attachment-id=\"96161\" data-permalink=\"https:\/\/www.hoymercedes.com.ar\/principal\/2019\/07\/03\/escuelas-reunidas-en-la-feria-distrital-de-ciencias-arte-y-tecnologias\/img_20190703_163625399\/#main\" data-orig-file=\"https:\/\/www.hoymercedes.com.ar\/principal\/wp-content\/uploads\/2019\/07\/IMG_20190703_163625399.jpg\" data-orig-size=\"750,500\" data-comments-opened=\"0\" data-image-meta=\"{&quot;aperture&quot;:&quot;2&quot;,&quot;credit&quot;:&quot;&quot;,&quot;camera&quot;:&quot;Moto G (5S) Plus&quot;,&quot;caption&quot;:&quot;&quot;,&quot;created_timestamp&quot;:&quot;1562171785&quot;,&quot;copyright&quot;:&quot;&quot;,&quot;focal_length&quot;:&quot;3.59&quot;,&quot;iso&quot;:&quot;3192&quot;,&quot;shutter_speed&quot;:&quot;0.0034722222222222&quot;,&quot;title&quot;:&quot;&quot;,&quot;orientation&quot;:&quot;1&quot;}\" data-image-title=\"IMG_20190703_163625399\" data-image-description=\"\" data-image-caption=\"\" data-large-file=\"https:\/\/www.hoymercedes.com.ar\/principal\/wp-content\/uploads\/2019\/07\/IMG_20190703_163625399.jpg\" src=\"https:\/\/www.hoymercedes.com.ar\/principal\/wp-content\/uploads\/2019\/07\/IMG_20190703_163625399.jpg\" alt=\"\" data-id=\"96161\" data-link=\"https:\/\/www.hoymercedes.com.ar\/principal\/?attachment_id=96161\" class=\"wp-image-96161\" srcset=\"https:\/\/www.hoymercedes.com.ar\/principal\/wp-content\/uploads\/2019\/07\/IMG_20190703_163625399.jpg 750w, https:\/\/www.hoymercedes.com.ar\/principal\/wp-content\/uploads\/2019\/07\/IMG_20190703_163625399-150x100.jpg 150w, https:\/\/www.hoymercedes.com.ar\/principal\/wp-content\/uploads\/2019\/07\/IMG_20190703_163625399-630x420.jpg 630w, https:\/\/www.hoymercedes.com.ar\/principal\/wp-content\/uploads\/2019\/07\/IMG_20190703_163625399-720x480.jpg 720w, https:\/\/www.hoymercedes.com.ar\/principal\/wp-content\/uploads\/2019\/07\/IMG_20190703_163625399-360x240.jpg 360w\" sizes=\"auto, (max-width: 750px) 100vw, 750px\" \/><\/a><\/figure><\/li><li class=\"blocks-gallery-item\"><figure><a href=\"https:\/\/www.hoymercedes.com.ar\/principal\/wp-content\/uploads\/2019\/07\/IMG_20190703_163516906.jpg\"><img loading=\"lazy\" decoding=\"async\" width=\"750\" height=\"500\" data-attachment-id=\"96160\" data-permalink=\"https:\/\/www.hoymercedes.com.ar\/principal\/2019\/07\/03\/escuelas-reunidas-en-la-feria-distrital-de-ciencias-arte-y-tecnologias\/img_20190703_163516906\/#main\" data-orig-file=\"https:\/\/www.hoymercedes.com.ar\/principal\/wp-content\/uploads\/2019\/07\/IMG_20190703_163516906.jpg\" data-orig-size=\"750,500\" data-comments-opened=\"0\" data-image-meta=\"{&quot;aperture&quot;:&quot;2&quot;,&quot;credit&quot;:&quot;&quot;,&quot;camera&quot;:&quot;Moto G (5S) Plus&quot;,&quot;caption&quot;:&quot;&quot;,&quot;created_timestamp&quot;:&quot;1562171717&quot;,&quot;copyright&quot;:&quot;&quot;,&quot;focal_length&quot;:&quot;3.59&quot;,&quot;iso&quot;:&quot;3192&quot;,&quot;shutter_speed&quot;:&quot;0.0038022813688213&quot;,&quot;title&quot;:&quot;&quot;,&quot;orientation&quot;:&quot;1&quot;}\" data-image-title=\"IMG_20190703_163516906\" data-image-description=\"\" data-image-caption=\"\" data-large-file=\"https:\/\/www.hoymercedes.com.ar\/principal\/wp-content\/uploads\/2019\/07\/IMG_20190703_163516906.jpg\" src=\"https:\/\/www.hoymercedes.com.ar\/principal\/wp-content\/uploads\/2019\/07\/IMG_20190703_163516906.jpg\" alt=\"\" data-id=\"96160\" data-link=\"https:\/\/www.hoymercedes.com.ar\/principal\/?attachment_id=96160\" class=\"wp-image-96160\" srcset=\"https:\/\/www.hoymercedes.com.ar\/principal\/wp-content\/uploads\/2019\/07\/IMG_20190703_163516906.jpg 750w, https:\/\/www.hoymercedes.com.ar\/principal\/wp-content\/uploads\/2019\/07\/IMG_20190703_163516906-150x100.jpg 150w, https:\/\/www.hoymercedes.com.ar\/principal\/wp-content\/uploads\/2019\/07\/IMG_20190703_163516906-630x420.jpg 630w, https:\/\/www.hoymercedes.com.ar\/principal\/wp-content\/uploads\/2019\/07\/IMG_20190703_163516906-720x480.jpg 720w, https:\/\/www.hoymercedes.com.ar\/principal\/wp-content\/uploads\/2019\/07\/IMG_20190703_163516906-360x240.jpg 360w\" sizes=\"auto, (max-width: 750px) 100vw, 750px\" \/><\/a><\/figure><\/li><li class=\"blocks-gallery-item\"><figure><a href=\"https:\/\/www.hoymercedes.com.ar\/principal\/wp-content\/uploads\/2019\/07\/IMG_20190703_160730277.jpg\"><img loading=\"lazy\" decoding=\"async\" width=\"750\" height=\"501\" data-attachment-id=\"96159\" data-permalink=\"https:\/\/www.hoymercedes.com.ar\/principal\/2019\/07\/03\/escuelas-reunidas-en-la-feria-distrital-de-ciencias-arte-y-tecnologias\/img_20190703_160730277\/#main\" data-orig-file=\"https:\/\/www.hoymercedes.com.ar\/principal\/wp-content\/uploads\/2019\/07\/IMG_20190703_160730277.jpg\" data-orig-size=\"750,501\" data-comments-opened=\"0\" data-image-meta=\"{&quot;aperture&quot;:&quot;2&quot;,&quot;credit&quot;:&quot;&quot;,&quot;camera&quot;:&quot;Moto G (5S) Plus&quot;,&quot;caption&quot;:&quot;&quot;,&quot;created_timestamp&quot;:&quot;1562170050&quot;,&quot;copyright&quot;:&quot;&quot;,&quot;focal_length&quot;:&quot;3.59&quot;,&quot;iso&quot;:&quot;3192&quot;,&quot;shutter_speed&quot;:&quot;0.0025839793281654&quot;,&quot;title&quot;:&quot;&quot;,&quot;orientation&quot;:&quot;1&quot;}\" data-image-title=\"IMG_20190703_160730277\" data-image-description=\"\" data-image-caption=\"\" data-large-file=\"https:\/\/www.hoymercedes.com.ar\/principal\/wp-content\/uploads\/2019\/07\/IMG_20190703_160730277.jpg\" src=\"https:\/\/www.hoymercedes.com.ar\/principal\/wp-content\/uploads\/2019\/07\/IMG_20190703_160730277.jpg\" alt=\"\" data-id=\"96159\" data-link=\"https:\/\/www.hoymercedes.com.ar\/principal\/?attachment_id=96159\" class=\"wp-image-96159\" srcset=\"https:\/\/www.hoymercedes.com.ar\/principal\/wp-content\/uploads\/2019\/07\/IMG_20190703_160730277.jpg 750w, https:\/\/www.hoymercedes.com.ar\/principal\/wp-content\/uploads\/2019\/07\/IMG_20190703_160730277-150x100.jpg 150w, https:\/\/www.hoymercedes.com.ar\/principal\/wp-content\/uploads\/2019\/07\/IMG_20190703_160730277-630x421.jpg 630w, https:\/\/www.hoymercedes.com.ar\/principal\/wp-content\/uploads\/2019\/07\/IMG_20190703_160730277-720x480.jpg 720w, https:\/\/www.hoymercedes.com.ar\/principal\/wp-content\/uploads\/2019\/07\/IMG_20190703_160730277-360x240.jpg 360w\" sizes=\"auto, (max-width: 750px) 100vw, 750px\" \/><\/a><\/figure><\/li><li class=\"blocks-gallery-item\"><figure><a href=\"https:\/\/www.hoymercedes.com.ar\/principal\/wp-content\/uploads\/2019\/07\/IMG_20190703_115755045.jpg\"><img loading=\"lazy\" decoding=\"async\" width=\"748\" height=\"499\" data-attachment-id=\"96158\" data-permalink=\"https:\/\/www.hoymercedes.com.ar\/principal\/2019\/07\/03\/escuelas-reunidas-en-la-feria-distrital-de-ciencias-arte-y-tecnologias\/img_20190703_115755045\/#main\" data-orig-file=\"https:\/\/www.hoymercedes.com.ar\/principal\/wp-content\/uploads\/2019\/07\/IMG_20190703_115755045.jpg\" data-orig-size=\"748,499\" data-comments-opened=\"0\" data-image-meta=\"{&quot;aperture&quot;:&quot;2&quot;,&quot;credit&quot;:&quot;&quot;,&quot;camera&quot;:&quot;Moto G (5S) Plus&quot;,&quot;caption&quot;:&quot;&quot;,&quot;created_timestamp&quot;:&quot;1562155075&quot;,&quot;copyright&quot;:&quot;&quot;,&quot;focal_length&quot;:&quot;3.59&quot;,&quot;iso&quot;:&quot;3192&quot;,&quot;shutter_speed&quot;:&quot;0.0022271714922049&quot;,&quot;title&quot;:&quot;&quot;,&quot;orientation&quot;:&quot;1&quot;}\" data-image-title=\"IMG_20190703_115755045\" data-image-description=\"\" data-image-caption=\"\" data-large-file=\"https:\/\/www.hoymercedes.com.ar\/principal\/wp-content\/uploads\/2019\/07\/IMG_20190703_115755045.jpg\" src=\"https:\/\/www.hoymercedes.com.ar\/principal\/wp-content\/uploads\/2019\/07\/IMG_20190703_115755045.jpg\" alt=\"\" data-id=\"96158\" data-link=\"https:\/\/www.hoymercedes.com.ar\/principal\/?attachment_id=96158\" class=\"wp-image-96158\" srcset=\"https:\/\/www.hoymercedes.com.ar\/principal\/wp-content\/uploads\/2019\/07\/IMG_20190703_115755045.jpg 748w, https:\/\/www.hoymercedes.com.ar\/principal\/wp-content\/uploads\/2019\/07\/IMG_20190703_115755045-150x100.jpg 150w, https:\/\/www.hoymercedes.com.ar\/principal\/wp-content\/uploads\/2019\/07\/IMG_20190703_115755045-630x420.jpg 630w, https:\/\/www.hoymercedes.com.ar\/principal\/wp-content\/uploads\/2019\/07\/IMG_20190703_115755045-720x480.jpg 720w, https:\/\/www.hoymercedes.com.ar\/principal\/wp-content\/uploads\/2019\/07\/IMG_20190703_115755045-360x240.jpg 360w\" sizes=\"auto, (max-width: 748px) 100vw, 748px\" \/><\/a><\/figure><\/li><li class=\"blocks-gallery-item\"><figure><a href=\"https:\/\/www.hoymercedes.com.ar\/principal\/wp-content\/uploads\/2019\/07\/IMG_20190703_115533843.jpg\"><img loading=\"lazy\" decoding=\"async\" width=\"748\" height=\"499\" data-attachment-id=\"96157\" data-permalink=\"https:\/\/www.hoymercedes.com.ar\/principal\/2019\/07\/03\/escuelas-reunidas-en-la-feria-distrital-de-ciencias-arte-y-tecnologias\/img_20190703_115533843\/#main\" data-orig-file=\"https:\/\/www.hoymercedes.com.ar\/principal\/wp-content\/uploads\/2019\/07\/IMG_20190703_115533843.jpg\" data-orig-size=\"748,499\" data-comments-opened=\"0\" data-image-meta=\"{&quot;aperture&quot;:&quot;2&quot;,&quot;credit&quot;:&quot;&quot;,&quot;camera&quot;:&quot;Moto G (5S) Plus&quot;,&quot;caption&quot;:&quot;&quot;,&quot;created_timestamp&quot;:&quot;1562154933&quot;,&quot;copyright&quot;:&quot;&quot;,&quot;focal_length&quot;:&quot;3.59&quot;,&quot;iso&quot;:&quot;3239&quot;,&quot;shutter_speed&quot;:&quot;0.058823529411765&quot;,&quot;title&quot;:&quot;&quot;,&quot;orientation&quot;:&quot;1&quot;}\" data-image-title=\"IMG_20190703_115533843\" data-image-description=\"\" data-image-caption=\"\" data-large-file=\"https:\/\/www.hoymercedes.com.ar\/principal\/wp-content\/uploads\/2019\/07\/IMG_20190703_115533843.jpg\" src=\"https:\/\/www.hoymercedes.com.ar\/principal\/wp-content\/uploads\/2019\/07\/IMG_20190703_115533843.jpg\" alt=\"\" data-id=\"96157\" data-link=\"https:\/\/www.hoymercedes.com.ar\/principal\/?attachment_id=96157\" class=\"wp-image-96157\" srcset=\"https:\/\/www.hoymercedes.com.ar\/principal\/wp-content\/uploads\/2019\/07\/IMG_20190703_115533843.jpg 748w, https:\/\/www.hoymercedes.com.ar\/principal\/wp-content\/uploads\/2019\/07\/IMG_20190703_115533843-150x100.jpg 150w, https:\/\/www.hoymercedes.com.ar\/principal\/wp-content\/uploads\/2019\/07\/IMG_20190703_115533843-630x420.jpg 630w, https:\/\/www.hoymercedes.com.ar\/principal\/wp-content\/uploads\/2019\/07\/IMG_20190703_115533843-720x480.jpg 720w, https:\/\/www.hoymercedes.com.ar\/principal\/wp-content\/uploads\/2019\/07\/IMG_20190703_115533843-360x240.jpg 360w\" sizes=\"auto, (max-width: 748px) 100vw, 748px\" \/><\/a><\/figure><\/li><li class=\"blocks-gallery-item\"><figure><a href=\"https:\/\/www.hoymercedes.com.ar\/principal\/wp-content\/uploads\/2019\/07\/IMG_20190703_115343841.jpg\"><img loading=\"lazy\" decoding=\"async\" width=\"748\" height=\"499\" data-attachment-id=\"96156\" data-permalink=\"https:\/\/www.hoymercedes.com.ar\/principal\/2019\/07\/03\/escuelas-reunidas-en-la-feria-distrital-de-ciencias-arte-y-tecnologias\/img_20190703_115343841\/#main\" data-orig-file=\"https:\/\/www.hoymercedes.com.ar\/principal\/wp-content\/uploads\/2019\/07\/IMG_20190703_115343841.jpg\" data-orig-size=\"748,499\" data-comments-opened=\"0\" data-image-meta=\"{&quot;aperture&quot;:&quot;2&quot;,&quot;credit&quot;:&quot;&quot;,&quot;camera&quot;:&quot;Moto G (5S) Plus&quot;,&quot;caption&quot;:&quot;&quot;,&quot;created_timestamp&quot;:&quot;1562154824&quot;,&quot;copyright&quot;:&quot;&quot;,&quot;focal_length&quot;:&quot;3.59&quot;,&quot;iso&quot;:&quot;3192&quot;,&quot;shutter_speed&quot;:&quot;0.001865671641791&quot;,&quot;title&quot;:&quot;&quot;,&quot;orientation&quot;:&quot;1&quot;}\" data-image-title=\"IMG_20190703_115343841\" data-image-description=\"\" data-image-caption=\"\" data-large-file=\"https:\/\/www.hoymercedes.com.ar\/principal\/wp-content\/uploads\/2019\/07\/IMG_20190703_115343841.jpg\" src=\"https:\/\/www.hoymercedes.com.ar\/principal\/wp-content\/uploads\/2019\/07\/IMG_20190703_115343841.jpg\" alt=\"\" data-id=\"96156\" data-link=\"https:\/\/www.hoymercedes.com.ar\/principal\/?attachment_id=96156\" class=\"wp-image-96156\" srcset=\"https:\/\/www.hoymercedes.com.ar\/principal\/wp-content\/uploads\/2019\/07\/IMG_20190703_115343841.jpg 748w, https:\/\/www.hoymercedes.com.ar\/principal\/wp-content\/uploads\/2019\/07\/IMG_20190703_115343841-150x100.jpg 150w, https:\/\/www.hoymercedes.com.ar\/principal\/wp-content\/uploads\/2019\/07\/IMG_20190703_115343841-630x420.jpg 630w, https:\/\/www.hoymercedes.com.ar\/principal\/wp-content\/uploads\/2019\/07\/IMG_20190703_115343841-720x480.jpg 720w, https:\/\/www.hoymercedes.com.ar\/principal\/wp-content\/uploads\/2019\/07\/IMG_20190703_115343841-360x240.jpg 360w\" sizes=\"auto, (max-width: 748px) 100vw, 748px\" \/><\/a><\/figure><\/li><li class=\"blocks-gallery-item\"><figure><a href=\"https:\/\/www.hoymercedes.com.ar\/principal\/wp-content\/uploads\/2019\/07\/IMG_20190703_115042356.jpg\"><img loading=\"lazy\" decoding=\"async\" width=\"748\" height=\"499\" data-attachment-id=\"96155\" data-permalink=\"https:\/\/www.hoymercedes.com.ar\/principal\/2019\/07\/03\/escuelas-reunidas-en-la-feria-distrital-de-ciencias-arte-y-tecnologias\/img_20190703_115042356\/#main\" data-orig-file=\"https:\/\/www.hoymercedes.com.ar\/principal\/wp-content\/uploads\/2019\/07\/IMG_20190703_115042356.jpg\" data-orig-size=\"748,499\" data-comments-opened=\"0\" data-image-meta=\"{&quot;aperture&quot;:&quot;2&quot;,&quot;credit&quot;:&quot;&quot;,&quot;camera&quot;:&quot;Moto G (5S) Plus&quot;,&quot;caption&quot;:&quot;&quot;,&quot;created_timestamp&quot;:&quot;1562154642&quot;,&quot;copyright&quot;:&quot;&quot;,&quot;focal_length&quot;:&quot;3.59&quot;,&quot;iso&quot;:&quot;3192&quot;,&quot;shutter_speed&quot;:&quot;0.0029154518950437&quot;,&quot;title&quot;:&quot;&quot;,&quot;orientation&quot;:&quot;1&quot;}\" data-image-title=\"IMG_20190703_115042356\" data-image-description=\"\" data-image-caption=\"\" data-large-file=\"https:\/\/www.hoymercedes.com.ar\/principal\/wp-content\/uploads\/2019\/07\/IMG_20190703_115042356.jpg\" src=\"https:\/\/www.hoymercedes.com.ar\/principal\/wp-content\/uploads\/2019\/07\/IMG_20190703_115042356.jpg\" alt=\"\" data-id=\"96155\" data-link=\"https:\/\/www.hoymercedes.com.ar\/principal\/?attachment_id=96155\" class=\"wp-image-96155\" srcset=\"https:\/\/www.hoymercedes.com.ar\/principal\/wp-content\/uploads\/2019\/07\/IMG_20190703_115042356.jpg 748w, https:\/\/www.hoymercedes.com.ar\/principal\/wp-content\/uploads\/2019\/07\/IMG_20190703_115042356-150x100.jpg 150w, https:\/\/www.hoymercedes.com.ar\/principal\/wp-content\/uploads\/2019\/07\/IMG_20190703_115042356-630x420.jpg 630w, https:\/\/www.hoymercedes.com.ar\/principal\/wp-content\/uploads\/2019\/07\/IMG_20190703_115042356-720x480.jpg 720w, https:\/\/www.hoymercedes.com.ar\/principal\/wp-content\/uploads\/2019\/07\/IMG_20190703_115042356-360x240.jpg 360w\" sizes=\"auto, (max-width: 748px) 100vw, 748px\" \/><\/a><\/figure><\/li><li class=\"blocks-gallery-item\"><figure><a href=\"https:\/\/www.hoymercedes.com.ar\/principal\/wp-content\/uploads\/2019\/07\/IMG_20190703_114519045.jpg\"><img loading=\"lazy\" decoding=\"async\" width=\"748\" height=\"499\" data-attachment-id=\"96154\" data-permalink=\"https:\/\/www.hoymercedes.com.ar\/principal\/2019\/07\/03\/escuelas-reunidas-en-la-feria-distrital-de-ciencias-arte-y-tecnologias\/img_20190703_114519045\/#main\" data-orig-file=\"https:\/\/www.hoymercedes.com.ar\/principal\/wp-content\/uploads\/2019\/07\/IMG_20190703_114519045.jpg\" data-orig-size=\"748,499\" data-comments-opened=\"0\" data-image-meta=\"{&quot;aperture&quot;:&quot;2&quot;,&quot;credit&quot;:&quot;&quot;,&quot;camera&quot;:&quot;Moto G (5S) Plus&quot;,&quot;caption&quot;:&quot;&quot;,&quot;created_timestamp&quot;:&quot;1562154319&quot;,&quot;copyright&quot;:&quot;&quot;,&quot;focal_length&quot;:&quot;3.59&quot;,&quot;iso&quot;:&quot;3192&quot;,&quot;shutter_speed&quot;:&quot;0.0029154518950437&quot;,&quot;title&quot;:&quot;&quot;,&quot;orientation&quot;:&quot;1&quot;}\" data-image-title=\"IMG_20190703_114519045\" data-image-description=\"\" data-image-caption=\"\" data-large-file=\"https:\/\/www.hoymercedes.com.ar\/principal\/wp-content\/uploads\/2019\/07\/IMG_20190703_114519045.jpg\" src=\"https:\/\/www.hoymercedes.com.ar\/principal\/wp-content\/uploads\/2019\/07\/IMG_20190703_114519045.jpg\" alt=\"\" data-id=\"96154\" data-link=\"https:\/\/www.hoymercedes.com.ar\/principal\/?attachment_id=96154\" class=\"wp-image-96154\" srcset=\"https:\/\/www.hoymercedes.com.ar\/principal\/wp-content\/uploads\/2019\/07\/IMG_20190703_114519045.jpg 748w, https:\/\/www.hoymercedes.com.ar\/principal\/wp-content\/uploads\/2019\/07\/IMG_20190703_114519045-150x100.jpg 150w, https:\/\/www.hoymercedes.com.ar\/principal\/wp-content\/uploads\/2019\/07\/IMG_20190703_114519045-630x420.jpg 630w, https:\/\/www.hoymercedes.com.ar\/principal\/wp-content\/uploads\/2019\/07\/IMG_20190703_114519045-720x480.jpg 720w, https:\/\/www.hoymercedes.com.ar\/principal\/wp-content\/uploads\/2019\/07\/IMG_20190703_114519045-360x240.jpg 360w\" sizes=\"auto, (max-width: 748px) 100vw, 748px\" \/><\/a><\/figure><\/li><li class=\"blocks-gallery-item\"><figure><a href=\"https:\/\/www.hoymercedes.com.ar\/principal\/wp-content\/uploads\/2019\/07\/IMG_20190703_114208456.jpg\"><img loading=\"lazy\" decoding=\"async\" width=\"748\" height=\"499\" data-attachment-id=\"96153\" data-permalink=\"https:\/\/www.hoymercedes.com.ar\/principal\/2019\/07\/03\/escuelas-reunidas-en-la-feria-distrital-de-ciencias-arte-y-tecnologias\/img_20190703_114208456\/#main\" data-orig-file=\"https:\/\/www.hoymercedes.com.ar\/principal\/wp-content\/uploads\/2019\/07\/IMG_20190703_114208456.jpg\" data-orig-size=\"748,499\" data-comments-opened=\"0\" data-image-meta=\"{&quot;aperture&quot;:&quot;2&quot;,&quot;credit&quot;:&quot;&quot;,&quot;camera&quot;:&quot;Moto G (5S) Plus&quot;,&quot;caption&quot;:&quot;&quot;,&quot;created_timestamp&quot;:&quot;1562154128&quot;,&quot;copyright&quot;:&quot;&quot;,&quot;focal_length&quot;:&quot;3.59&quot;,&quot;iso&quot;:&quot;3192&quot;,&quot;shutter_speed&quot;:&quot;0.0027397260273973&quot;,&quot;title&quot;:&quot;&quot;,&quot;orientation&quot;:&quot;1&quot;}\" data-image-title=\"IMG_20190703_114208456\" data-image-description=\"\" data-image-caption=\"\" data-large-file=\"https:\/\/www.hoymercedes.com.ar\/principal\/wp-content\/uploads\/2019\/07\/IMG_20190703_114208456.jpg\" src=\"https:\/\/www.hoymercedes.com.ar\/principal\/wp-content\/uploads\/2019\/07\/IMG_20190703_114208456.jpg\" alt=\"\" data-id=\"96153\" data-link=\"https:\/\/www.hoymercedes.com.ar\/principal\/?attachment_id=96153\" class=\"wp-image-96153\" srcset=\"https:\/\/www.hoymercedes.com.ar\/principal\/wp-content\/uploads\/2019\/07\/IMG_20190703_114208456.jpg 748w, https:\/\/www.hoymercedes.com.ar\/principal\/wp-content\/uploads\/2019\/07\/IMG_20190703_114208456-150x100.jpg 150w, https:\/\/www.hoymercedes.com.ar\/principal\/wp-content\/uploads\/2019\/07\/IMG_20190703_114208456-630x420.jpg 630w, https:\/\/www.hoymercedes.com.ar\/principal\/wp-content\/uploads\/2019\/07\/IMG_20190703_114208456-720x480.jpg 720w, https:\/\/www.hoymercedes.com.ar\/principal\/wp-content\/uploads\/2019\/07\/IMG_20190703_114208456-360x240.jpg 360w\" sizes=\"auto, (max-width: 748px) 100vw, 748px\" \/><\/a><\/figure><\/li><li class=\"blocks-gallery-item\"><figure><a href=\"https:\/\/www.hoymercedes.com.ar\/principal\/wp-content\/uploads\/2019\/07\/IMG_20190703_113823315.jpg\"><img loading=\"lazy\" decoding=\"async\" width=\"748\" height=\"499\" data-attachment-id=\"96152\" data-permalink=\"https:\/\/www.hoymercedes.com.ar\/principal\/2019\/07\/03\/escuelas-reunidas-en-la-feria-distrital-de-ciencias-arte-y-tecnologias\/img_20190703_113823315\/#main\" data-orig-file=\"https:\/\/www.hoymercedes.com.ar\/principal\/wp-content\/uploads\/2019\/07\/IMG_20190703_113823315.jpg\" data-orig-size=\"748,499\" data-comments-opened=\"0\" data-image-meta=\"{&quot;aperture&quot;:&quot;2&quot;,&quot;credit&quot;:&quot;&quot;,&quot;camera&quot;:&quot;Moto G (5S) Plus&quot;,&quot;caption&quot;:&quot;&quot;,&quot;created_timestamp&quot;:&quot;1562153903&quot;,&quot;copyright&quot;:&quot;&quot;,&quot;focal_length&quot;:&quot;3.59&quot;,&quot;iso&quot;:&quot;3192&quot;,&quot;shutter_speed&quot;:&quot;0.0025839793281654&quot;,&quot;title&quot;:&quot;&quot;,&quot;orientation&quot;:&quot;1&quot;}\" data-image-title=\"IMG_20190703_113823315\" data-image-description=\"\" data-image-caption=\"\" data-large-file=\"https:\/\/www.hoymercedes.com.ar\/principal\/wp-content\/uploads\/2019\/07\/IMG_20190703_113823315.jpg\" src=\"https:\/\/www.hoymercedes.com.ar\/principal\/wp-content\/uploads\/2019\/07\/IMG_20190703_113823315.jpg\" alt=\"\" data-id=\"96152\" data-link=\"https:\/\/www.hoymercedes.com.ar\/principal\/?attachment_id=96152\" class=\"wp-image-96152\" srcset=\"https:\/\/www.hoymercedes.com.ar\/principal\/wp-content\/uploads\/2019\/07\/IMG_20190703_113823315.jpg 748w, https:\/\/www.hoymercedes.com.ar\/principal\/wp-content\/uploads\/2019\/07\/IMG_20190703_113823315-150x100.jpg 150w, https:\/\/www.hoymercedes.com.ar\/principal\/wp-content\/uploads\/2019\/07\/IMG_20190703_113823315-630x420.jpg 630w, https:\/\/www.hoymercedes.com.ar\/principal\/wp-content\/uploads\/2019\/07\/IMG_20190703_113823315-720x480.jpg 720w, https:\/\/www.hoymercedes.com.ar\/principal\/wp-content\/uploads\/2019\/07\/IMG_20190703_113823315-360x240.jpg 360w\" sizes=\"auto, (max-width: 748px) 100vw, 748px\" \/><\/a><\/figure><\/li><li class=\"blocks-gallery-item\"><figure><a href=\"https:\/\/www.hoymercedes.com.ar\/principal\/wp-content\/uploads\/2019\/07\/IMG_20190703_113247419.jpg\"><img loading=\"lazy\" decoding=\"async\" width=\"748\" height=\"499\" data-attachment-id=\"96151\" data-permalink=\"https:\/\/www.hoymercedes.com.ar\/principal\/2019\/07\/03\/escuelas-reunidas-en-la-feria-distrital-de-ciencias-arte-y-tecnologias\/img_20190703_113247419\/#main\" data-orig-file=\"https:\/\/www.hoymercedes.com.ar\/principal\/wp-content\/uploads\/2019\/07\/IMG_20190703_113247419.jpg\" data-orig-size=\"748,499\" data-comments-opened=\"0\" data-image-meta=\"{&quot;aperture&quot;:&quot;2&quot;,&quot;credit&quot;:&quot;&quot;,&quot;camera&quot;:&quot;Moto G (5S) Plus&quot;,&quot;caption&quot;:&quot;&quot;,&quot;created_timestamp&quot;:&quot;1562153567&quot;,&quot;copyright&quot;:&quot;&quot;,&quot;focal_length&quot;:&quot;3.59&quot;,&quot;iso&quot;:&quot;3192&quot;,&quot;shutter_speed&quot;:&quot;0.0025839793281654&quot;,&quot;title&quot;:&quot;&quot;,&quot;orientation&quot;:&quot;1&quot;}\" data-image-title=\"IMG_20190703_113247419\" data-image-description=\"\" data-image-caption=\"\" data-large-file=\"https:\/\/www.hoymercedes.com.ar\/principal\/wp-content\/uploads\/2019\/07\/IMG_20190703_113247419.jpg\" src=\"https:\/\/www.hoymercedes.com.ar\/principal\/wp-content\/uploads\/2019\/07\/IMG_20190703_113247419.jpg\" alt=\"\" data-id=\"96151\" data-link=\"https:\/\/www.hoymercedes.com.ar\/principal\/?attachment_id=96151\" class=\"wp-image-96151\" srcset=\"https:\/\/www.hoymercedes.com.ar\/principal\/wp-content\/uploads\/2019\/07\/IMG_20190703_113247419.jpg 748w, https:\/\/www.hoymercedes.com.ar\/principal\/wp-content\/uploads\/2019\/07\/IMG_20190703_113247419-150x100.jpg 150w, https:\/\/www.hoymercedes.com.ar\/principal\/wp-content\/uploads\/2019\/07\/IMG_20190703_113247419-630x420.jpg 630w, https:\/\/www.hoymercedes.com.ar\/principal\/wp-content\/uploads\/2019\/07\/IMG_20190703_113247419-720x480.jpg 720w, https:\/\/www.hoymercedes.com.ar\/principal\/wp-content\/uploads\/2019\/07\/IMG_20190703_113247419-360x240.jpg 360w\" sizes=\"auto, (max-width: 748px) 100vw, 748px\" \/><\/a><\/figure><\/li><li class=\"blocks-gallery-item\"><figure><a href=\"https:\/\/www.hoymercedes.com.ar\/principal\/wp-content\/uploads\/2019\/07\/IMG_20190703_112543136.jpg\"><img loading=\"lazy\" decoding=\"async\" width=\"748\" height=\"499\" data-attachment-id=\"96150\" data-permalink=\"https:\/\/www.hoymercedes.com.ar\/principal\/2019\/07\/03\/escuelas-reunidas-en-la-feria-distrital-de-ciencias-arte-y-tecnologias\/img_20190703_112543136\/#main\" data-orig-file=\"https:\/\/www.hoymercedes.com.ar\/principal\/wp-content\/uploads\/2019\/07\/IMG_20190703_112543136.jpg\" data-orig-size=\"748,499\" data-comments-opened=\"0\" data-image-meta=\"{&quot;aperture&quot;:&quot;2&quot;,&quot;credit&quot;:&quot;&quot;,&quot;camera&quot;:&quot;Moto G (5S) Plus&quot;,&quot;caption&quot;:&quot;&quot;,&quot;created_timestamp&quot;:&quot;1562153143&quot;,&quot;copyright&quot;:&quot;&quot;,&quot;focal_length&quot;:&quot;3.59&quot;,&quot;iso&quot;:&quot;3192&quot;,&quot;shutter_speed&quot;:&quot;0.0027397260273973&quot;,&quot;title&quot;:&quot;&quot;,&quot;orientation&quot;:&quot;1&quot;}\" data-image-title=\"IMG_20190703_112543136\" data-image-description=\"\" data-image-caption=\"\" data-large-file=\"https:\/\/www.hoymercedes.com.ar\/principal\/wp-content\/uploads\/2019\/07\/IMG_20190703_112543136.jpg\" src=\"https:\/\/www.hoymercedes.com.ar\/principal\/wp-content\/uploads\/2019\/07\/IMG_20190703_112543136.jpg\" alt=\"\" data-id=\"96150\" data-link=\"https:\/\/www.hoymercedes.com.ar\/principal\/?attachment_id=96150\" class=\"wp-image-96150\" srcset=\"https:\/\/www.hoymercedes.com.ar\/principal\/wp-content\/uploads\/2019\/07\/IMG_20190703_112543136.jpg 748w, https:\/\/www.hoymercedes.com.ar\/principal\/wp-content\/uploads\/2019\/07\/IMG_20190703_112543136-150x100.jpg 150w, https:\/\/www.hoymercedes.com.ar\/principal\/wp-content\/uploads\/2019\/07\/IMG_20190703_112543136-630x420.jpg 630w, https:\/\/www.hoymercedes.com.ar\/principal\/wp-content\/uploads\/2019\/07\/IMG_20190703_112543136-720x480.jpg 720w, https:\/\/www.hoymercedes.com.ar\/principal\/wp-content\/uploads\/2019\/07\/IMG_20190703_112543136-360x240.jpg 360w\" sizes=\"auto, (max-width: 748px) 100vw, 748px\" \/><\/a><\/figure><\/li><li class=\"blocks-gallery-item\"><figure><a href=\"https:\/\/www.hoymercedes.com.ar\/principal\/wp-content\/uploads\/2019\/07\/IMG_20190703_112417851.jpg\"><img loading=\"lazy\" decoding=\"async\" width=\"750\" height=\"500\" data-attachment-id=\"96149\" data-permalink=\"https:\/\/www.hoymercedes.com.ar\/principal\/2019\/07\/03\/escuelas-reunidas-en-la-feria-distrital-de-ciencias-arte-y-tecnologias\/img_20190703_112417851\/#main\" data-orig-file=\"https:\/\/www.hoymercedes.com.ar\/principal\/wp-content\/uploads\/2019\/07\/IMG_20190703_112417851.jpg\" data-orig-size=\"750,500\" data-comments-opened=\"0\" data-image-meta=\"{&quot;aperture&quot;:&quot;2&quot;,&quot;credit&quot;:&quot;&quot;,&quot;camera&quot;:&quot;Moto G (5S) Plus&quot;,&quot;caption&quot;:&quot;&quot;,&quot;created_timestamp&quot;:&quot;1562153058&quot;,&quot;copyright&quot;:&quot;&quot;,&quot;focal_length&quot;:&quot;3.59&quot;,&quot;iso&quot;:&quot;3192&quot;,&quot;shutter_speed&quot;:&quot;0.0026666666666667&quot;,&quot;title&quot;:&quot;&quot;,&quot;orientation&quot;:&quot;1&quot;}\" data-image-title=\"IMG_20190703_112417851\" data-image-description=\"\" data-image-caption=\"\" data-large-file=\"https:\/\/www.hoymercedes.com.ar\/principal\/wp-content\/uploads\/2019\/07\/IMG_20190703_112417851.jpg\" src=\"https:\/\/www.hoymercedes.com.ar\/principal\/wp-content\/uploads\/2019\/07\/IMG_20190703_112417851.jpg\" alt=\"\" data-id=\"96149\" data-link=\"https:\/\/www.hoymercedes.com.ar\/principal\/?attachment_id=96149\" class=\"wp-image-96149\" srcset=\"https:\/\/www.hoymercedes.com.ar\/principal\/wp-content\/uploads\/2019\/07\/IMG_20190703_112417851.jpg 750w, https:\/\/www.hoymercedes.com.ar\/principal\/wp-content\/uploads\/2019\/07\/IMG_20190703_112417851-150x100.jpg 150w, https:\/\/www.hoymercedes.com.ar\/principal\/wp-content\/uploads\/2019\/07\/IMG_20190703_112417851-630x420.jpg 630w, https:\/\/www.hoymercedes.com.ar\/principal\/wp-content\/uploads\/2019\/07\/IMG_20190703_112417851-720x480.jpg 720w, https:\/\/www.hoymercedes.com.ar\/principal\/wp-content\/uploads\/2019\/07\/IMG_20190703_112417851-360x240.jpg 360w\" sizes=\"auto, (max-width: 750px) 100vw, 750px\" \/><\/a><\/figure><\/li><li class=\"blocks-gallery-item\"><figure><a href=\"https:\/\/www.hoymercedes.com.ar\/principal\/wp-content\/uploads\/2019\/07\/IMG_20190703_112157826.jpg\"><img loading=\"lazy\" decoding=\"async\" width=\"748\" height=\"499\" data-attachment-id=\"96148\" data-permalink=\"https:\/\/www.hoymercedes.com.ar\/principal\/2019\/07\/03\/escuelas-reunidas-en-la-feria-distrital-de-ciencias-arte-y-tecnologias\/img_20190703_112157826\/#main\" data-orig-file=\"https:\/\/www.hoymercedes.com.ar\/principal\/wp-content\/uploads\/2019\/07\/IMG_20190703_112157826.jpg\" data-orig-size=\"748,499\" data-comments-opened=\"0\" data-image-meta=\"{&quot;aperture&quot;:&quot;2&quot;,&quot;credit&quot;:&quot;&quot;,&quot;camera&quot;:&quot;Moto G (5S) Plus&quot;,&quot;caption&quot;:&quot;&quot;,&quot;created_timestamp&quot;:&quot;1562152917&quot;,&quot;copyright&quot;:&quot;&quot;,&quot;focal_length&quot;:&quot;3.59&quot;,&quot;iso&quot;:&quot;3192&quot;,&quot;shutter_speed&quot;:&quot;0.0022271714922049&quot;,&quot;title&quot;:&quot;&quot;,&quot;orientation&quot;:&quot;1&quot;}\" data-image-title=\"IMG_20190703_112157826\" data-image-description=\"\" data-image-caption=\"\" data-large-file=\"https:\/\/www.hoymercedes.com.ar\/principal\/wp-content\/uploads\/2019\/07\/IMG_20190703_112157826.jpg\" src=\"https:\/\/www.hoymercedes.com.ar\/principal\/wp-content\/uploads\/2019\/07\/IMG_20190703_112157826.jpg\" alt=\"\" data-id=\"96148\" data-link=\"https:\/\/www.hoymercedes.com.ar\/principal\/?attachment_id=96148\" class=\"wp-image-96148\" srcset=\"https:\/\/www.hoymercedes.com.ar\/principal\/wp-content\/uploads\/2019\/07\/IMG_20190703_112157826.jpg 748w, https:\/\/www.hoymercedes.com.ar\/principal\/wp-content\/uploads\/2019\/07\/IMG_20190703_112157826-150x100.jpg 150w, https:\/\/www.hoymercedes.com.ar\/principal\/wp-content\/uploads\/2019\/07\/IMG_20190703_112157826-630x420.jpg 630w, https:\/\/www.hoymercedes.com.ar\/principal\/wp-content\/uploads\/2019\/07\/IMG_20190703_112157826-720x480.jpg 720w, https:\/\/www.hoymercedes.com.ar\/principal\/wp-content\/uploads\/2019\/07\/IMG_20190703_112157826-360x240.jpg 360w\" sizes=\"auto, (max-width: 748px) 100vw, 748px\" \/><\/a><\/figure><\/li><li class=\"blocks-gallery-item\"><figure><a href=\"https:\/\/www.hoymercedes.com.ar\/principal\/wp-content\/uploads\/2019\/07\/IMG_20190703_112047598.jpg\"><img loading=\"lazy\" decoding=\"async\" width=\"748\" height=\"499\" data-attachment-id=\"96147\" data-permalink=\"https:\/\/www.hoymercedes.com.ar\/principal\/2019\/07\/03\/escuelas-reunidas-en-la-feria-distrital-de-ciencias-arte-y-tecnologias\/img_20190703_112047598\/#main\" data-orig-file=\"https:\/\/www.hoymercedes.com.ar\/principal\/wp-content\/uploads\/2019\/07\/IMG_20190703_112047598.jpg\" data-orig-size=\"748,499\" data-comments-opened=\"0\" data-image-meta=\"{&quot;aperture&quot;:&quot;2&quot;,&quot;credit&quot;:&quot;&quot;,&quot;camera&quot;:&quot;Moto G (5S) Plus&quot;,&quot;caption&quot;:&quot;&quot;,&quot;created_timestamp&quot;:&quot;1562152847&quot;,&quot;copyright&quot;:&quot;&quot;,&quot;focal_length&quot;:&quot;3.59&quot;,&quot;iso&quot;:&quot;3192&quot;,&quot;shutter_speed&quot;:&quot;0.0022271714922049&quot;,&quot;title&quot;:&quot;&quot;,&quot;orientation&quot;:&quot;1&quot;}\" data-image-title=\"IMG_20190703_112047598\" data-image-description=\"\" data-image-caption=\"\" data-large-file=\"https:\/\/www.hoymercedes.com.ar\/principal\/wp-content\/uploads\/2019\/07\/IMG_20190703_112047598.jpg\" src=\"https:\/\/www.hoymercedes.com.ar\/principal\/wp-content\/uploads\/2019\/07\/IMG_20190703_112047598.jpg\" alt=\"\" data-id=\"96147\" data-link=\"https:\/\/www.hoymercedes.com.ar\/principal\/?attachment_id=96147\" class=\"wp-image-96147\" srcset=\"https:\/\/www.hoymercedes.com.ar\/principal\/wp-content\/uploads\/2019\/07\/IMG_20190703_112047598.jpg 748w, https:\/\/www.hoymercedes.com.ar\/principal\/wp-content\/uploads\/2019\/07\/IMG_20190703_112047598-150x100.jpg 150w, https:\/\/www.hoymercedes.com.ar\/principal\/wp-content\/uploads\/2019\/07\/IMG_20190703_112047598-630x420.jpg 630w, https:\/\/www.hoymercedes.com.ar\/principal\/wp-content\/uploads\/2019\/07\/IMG_20190703_112047598-720x480.jpg 720w, https:\/\/www.hoymercedes.com.ar\/principal\/wp-content\/uploads\/2019\/07\/IMG_20190703_112047598-360x240.jpg 360w\" sizes=\"auto, (max-width: 748px) 100vw, 748px\" \/><\/a><\/figure><\/li><li class=\"blocks-gallery-item\"><figure><a href=\"https:\/\/www.hoymercedes.com.ar\/principal\/wp-content\/uploads\/2019\/07\/IMG_20190703_111329378.jpg\"><img loading=\"lazy\" decoding=\"async\" width=\"748\" height=\"499\" data-attachment-id=\"96146\" data-permalink=\"https:\/\/www.hoymercedes.com.ar\/principal\/2019\/07\/03\/escuelas-reunidas-en-la-feria-distrital-de-ciencias-arte-y-tecnologias\/img_20190703_111329378\/#main\" data-orig-file=\"https:\/\/www.hoymercedes.com.ar\/principal\/wp-content\/uploads\/2019\/07\/IMG_20190703_111329378.jpg\" data-orig-size=\"748,499\" data-comments-opened=\"0\" data-image-meta=\"{&quot;aperture&quot;:&quot;2&quot;,&quot;credit&quot;:&quot;&quot;,&quot;camera&quot;:&quot;Moto G (5S) Plus&quot;,&quot;caption&quot;:&quot;&quot;,&quot;created_timestamp&quot;:&quot;1562152409&quot;,&quot;copyright&quot;:&quot;&quot;,&quot;focal_length&quot;:&quot;3.59&quot;,&quot;iso&quot;:&quot;3176&quot;,&quot;shutter_speed&quot;:&quot;0.0017123287671233&quot;,&quot;title&quot;:&quot;&quot;,&quot;orientation&quot;:&quot;1&quot;}\" data-image-title=\"IMG_20190703_111329378\" data-image-description=\"\" data-image-caption=\"\" data-large-file=\"https:\/\/www.hoymercedes.com.ar\/principal\/wp-content\/uploads\/2019\/07\/IMG_20190703_111329378.jpg\" src=\"https:\/\/www.hoymercedes.com.ar\/principal\/wp-content\/uploads\/2019\/07\/IMG_20190703_111329378.jpg\" alt=\"\" data-id=\"96146\" data-link=\"https:\/\/www.hoymercedes.com.ar\/principal\/?attachment_id=96146\" class=\"wp-image-96146\" srcset=\"https:\/\/www.hoymercedes.com.ar\/principal\/wp-content\/uploads\/2019\/07\/IMG_20190703_111329378.jpg 748w, https:\/\/www.hoymercedes.com.ar\/principal\/wp-content\/uploads\/2019\/07\/IMG_20190703_111329378-150x100.jpg 150w, https:\/\/www.hoymercedes.com.ar\/principal\/wp-content\/uploads\/2019\/07\/IMG_20190703_111329378-630x420.jpg 630w, https:\/\/www.hoymercedes.com.ar\/principal\/wp-content\/uploads\/2019\/07\/IMG_20190703_111329378-720x480.jpg 720w, https:\/\/www.hoymercedes.com.ar\/principal\/wp-content\/uploads\/2019\/07\/IMG_20190703_111329378-360x240.jpg 360w\" sizes=\"auto, (max-width: 748px) 100vw, 748px\" \/><\/a><\/figure><\/li><li class=\"blocks-gallery-item\"><figure><a href=\"https:\/\/www.hoymercedes.com.ar\/principal\/wp-content\/uploads\/2019\/07\/IMG_20190703_111053122.jpg\"><img loading=\"lazy\" decoding=\"async\" width=\"748\" height=\"499\" data-attachment-id=\"96145\" data-permalink=\"https:\/\/www.hoymercedes.com.ar\/principal\/2019\/07\/03\/escuelas-reunidas-en-la-feria-distrital-de-ciencias-arte-y-tecnologias\/img_20190703_111053122\/#main\" data-orig-file=\"https:\/\/www.hoymercedes.com.ar\/principal\/wp-content\/uploads\/2019\/07\/IMG_20190703_111053122.jpg\" data-orig-size=\"748,499\" data-comments-opened=\"0\" data-image-meta=\"{&quot;aperture&quot;:&quot;2&quot;,&quot;credit&quot;:&quot;&quot;,&quot;camera&quot;:&quot;Moto G (5S) Plus&quot;,&quot;caption&quot;:&quot;&quot;,&quot;created_timestamp&quot;:&quot;1562152253&quot;,&quot;copyright&quot;:&quot;&quot;,&quot;focal_length&quot;:&quot;3.59&quot;,&quot;iso&quot;:&quot;3192&quot;,&quot;shutter_speed&quot;:&quot;0.0024390243902439&quot;,&quot;title&quot;:&quot;&quot;,&quot;orientation&quot;:&quot;1&quot;}\" data-image-title=\"IMG_20190703_111053122\" data-image-description=\"\" data-image-caption=\"\" data-large-file=\"https:\/\/www.hoymercedes.com.ar\/principal\/wp-content\/uploads\/2019\/07\/IMG_20190703_111053122.jpg\" src=\"https:\/\/www.hoymercedes.com.ar\/principal\/wp-content\/uploads\/2019\/07\/IMG_20190703_111053122.jpg\" alt=\"\" data-id=\"96145\" data-link=\"https:\/\/www.hoymercedes.com.ar\/principal\/?attachment_id=96145\" class=\"wp-image-96145\" srcset=\"https:\/\/www.hoymercedes.com.ar\/principal\/wp-content\/uploads\/2019\/07\/IMG_20190703_111053122.jpg 748w, https:\/\/www.hoymercedes.com.ar\/principal\/wp-content\/uploads\/2019\/07\/IMG_20190703_111053122-150x100.jpg 150w, https:\/\/www.hoymercedes.com.ar\/principal\/wp-content\/uploads\/2019\/07\/IMG_20190703_111053122-630x420.jpg 630w, https:\/\/www.hoymercedes.com.ar\/principal\/wp-content\/uploads\/2019\/07\/IMG_20190703_111053122-720x480.jpg 720w, https:\/\/www.hoymercedes.com.ar\/principal\/wp-content\/uploads\/2019\/07\/IMG_20190703_111053122-360x240.jpg 360w\" sizes=\"auto, (max-width: 748px) 100vw, 748px\" \/><\/a><\/figure><\/li><li class=\"blocks-gallery-item\"><figure><a href=\"https:\/\/www.hoymercedes.com.ar\/principal\/wp-content\/uploads\/2019\/07\/IMG_20190703_110649754.jpg\"><img loading=\"lazy\" decoding=\"async\" width=\"748\" height=\"499\" data-attachment-id=\"96144\" data-permalink=\"https:\/\/www.hoymercedes.com.ar\/principal\/2019\/07\/03\/escuelas-reunidas-en-la-feria-distrital-de-ciencias-arte-y-tecnologias\/img_20190703_110649754\/#main\" data-orig-file=\"https:\/\/www.hoymercedes.com.ar\/principal\/wp-content\/uploads\/2019\/07\/IMG_20190703_110649754.jpg\" data-orig-size=\"748,499\" data-comments-opened=\"0\" data-image-meta=\"{&quot;aperture&quot;:&quot;2&quot;,&quot;credit&quot;:&quot;&quot;,&quot;camera&quot;:&quot;Moto G (5S) Plus&quot;,&quot;caption&quot;:&quot;&quot;,&quot;created_timestamp&quot;:&quot;1562152009&quot;,&quot;copyright&quot;:&quot;&quot;,&quot;focal_length&quot;:&quot;3.59&quot;,&quot;iso&quot;:&quot;3192&quot;,&quot;shutter_speed&quot;:&quot;0.0044052863436123&quot;,&quot;title&quot;:&quot;&quot;,&quot;orientation&quot;:&quot;1&quot;}\" data-image-title=\"IMG_20190703_110649754\" data-image-description=\"\" data-image-caption=\"\" data-large-file=\"https:\/\/www.hoymercedes.com.ar\/principal\/wp-content\/uploads\/2019\/07\/IMG_20190703_110649754.jpg\" src=\"https:\/\/www.hoymercedes.com.ar\/principal\/wp-content\/uploads\/2019\/07\/IMG_20190703_110649754.jpg\" alt=\"\" data-id=\"96144\" data-link=\"https:\/\/www.hoymercedes.com.ar\/principal\/?attachment_id=96144\" class=\"wp-image-96144\" srcset=\"https:\/\/www.hoymercedes.com.ar\/principal\/wp-content\/uploads\/2019\/07\/IMG_20190703_110649754.jpg 748w, https:\/\/www.hoymercedes.com.ar\/principal\/wp-content\/uploads\/2019\/07\/IMG_20190703_110649754-150x100.jpg 150w, https:\/\/www.hoymercedes.com.ar\/principal\/wp-content\/uploads\/2019\/07\/IMG_20190703_110649754-630x420.jpg 630w, https:\/\/www.hoymercedes.com.ar\/principal\/wp-content\/uploads\/2019\/07\/IMG_20190703_110649754-720x480.jpg 720w, https:\/\/www.hoymercedes.com.ar\/principal\/wp-content\/uploads\/2019\/07\/IMG_20190703_110649754-360x240.jpg 360w\" sizes=\"auto, (max-width: 748px) 100vw, 748px\" \/><\/a><\/figure><\/li><li class=\"blocks-gallery-item\"><figure><a href=\"https:\/\/www.hoymercedes.com.ar\/principal\/wp-content\/uploads\/2019\/07\/IMG_20190703_110408143.jpg\"><img loading=\"lazy\" decoding=\"async\" width=\"750\" height=\"500\" data-attachment-id=\"96143\" data-permalink=\"https:\/\/www.hoymercedes.com.ar\/principal\/2019\/07\/03\/escuelas-reunidas-en-la-feria-distrital-de-ciencias-arte-y-tecnologias\/img_20190703_110408143\/#main\" data-orig-file=\"https:\/\/www.hoymercedes.com.ar\/principal\/wp-content\/uploads\/2019\/07\/IMG_20190703_110408143.jpg\" data-orig-size=\"750,500\" data-comments-opened=\"0\" data-image-meta=\"{&quot;aperture&quot;:&quot;2&quot;,&quot;credit&quot;:&quot;&quot;,&quot;camera&quot;:&quot;Moto G (5S) Plus&quot;,&quot;caption&quot;:&quot;&quot;,&quot;created_timestamp&quot;:&quot;1562151848&quot;,&quot;copyright&quot;:&quot;&quot;,&quot;focal_length&quot;:&quot;3.59&quot;,&quot;iso&quot;:&quot;3192&quot;,&quot;shutter_speed&quot;:&quot;0.0066666666666667&quot;,&quot;title&quot;:&quot;&quot;,&quot;orientation&quot;:&quot;1&quot;}\" data-image-title=\"IMG_20190703_110408143\" data-image-description=\"\" data-image-caption=\"\" data-large-file=\"https:\/\/www.hoymercedes.com.ar\/principal\/wp-content\/uploads\/2019\/07\/IMG_20190703_110408143.jpg\" src=\"https:\/\/www.hoymercedes.com.ar\/principal\/wp-content\/uploads\/2019\/07\/IMG_20190703_110408143.jpg\" alt=\"\" data-id=\"96143\" data-link=\"https:\/\/www.hoymercedes.com.ar\/principal\/?attachment_id=96143\" class=\"wp-image-96143\" srcset=\"https:\/\/www.hoymercedes.com.ar\/principal\/wp-content\/uploads\/2019\/07\/IMG_20190703_110408143.jpg 750w, https:\/\/www.hoymercedes.com.ar\/principal\/wp-content\/uploads\/2019\/07\/IMG_20190703_110408143-150x100.jpg 150w, https:\/\/www.hoymercedes.com.ar\/principal\/wp-content\/uploads\/2019\/07\/IMG_20190703_110408143-630x420.jpg 630w, https:\/\/www.hoymercedes.com.ar\/principal\/wp-content\/uploads\/2019\/07\/IMG_20190703_110408143-720x480.jpg 720w, https:\/\/www.hoymercedes.com.ar\/principal\/wp-content\/uploads\/2019\/07\/IMG_20190703_110408143-360x240.jpg 360w\" sizes=\"auto, (max-width: 750px) 100vw, 750px\" \/><\/a><\/figure><\/li><li class=\"blocks-gallery-item\"><figure><a href=\"https:\/\/www.hoymercedes.com.ar\/principal\/wp-content\/uploads\/2019\/07\/IMG_20190703_105309.jpg\"><img loading=\"lazy\" decoding=\"async\" width=\"750\" height=\"500\" data-attachment-id=\"96142\" data-permalink=\"https:\/\/www.hoymercedes.com.ar\/principal\/2019\/07\/03\/escuelas-reunidas-en-la-feria-distrital-de-ciencias-arte-y-tecnologias\/bty\/#main\" data-orig-file=\"https:\/\/www.hoymercedes.com.ar\/principal\/wp-content\/uploads\/2019\/07\/IMG_20190703_105309.jpg\" data-orig-size=\"750,500\" data-comments-opened=\"0\" data-image-meta=\"{&quot;aperture&quot;:&quot;2&quot;,&quot;credit&quot;:&quot;&quot;,&quot;camera&quot;:&quot;HUAWEI VNS-L23&quot;,&quot;caption&quot;:&quot;bty&quot;,&quot;created_timestamp&quot;:&quot;1562151191&quot;,&quot;copyright&quot;:&quot;&quot;,&quot;focal_length&quot;:&quot;3.79&quot;,&quot;iso&quot;:&quot;200&quot;,&quot;shutter_speed&quot;:&quot;0.03&quot;,&quot;title&quot;:&quot;bty&quot;,&quot;orientation&quot;:&quot;0&quot;}\" data-image-title=\"bty\" data-image-description=\"\" data-image-caption=\"&lt;p&gt;bty&lt;\/p&gt;\n\" data-large-file=\"https:\/\/www.hoymercedes.com.ar\/principal\/wp-content\/uploads\/2019\/07\/IMG_20190703_105309.jpg\" src=\"https:\/\/www.hoymercedes.com.ar\/principal\/wp-content\/uploads\/2019\/07\/IMG_20190703_105309.jpg\" alt=\"\" data-id=\"96142\" data-link=\"https:\/\/www.hoymercedes.com.ar\/principal\/?attachment_id=96142\" class=\"wp-image-96142\" srcset=\"https:\/\/www.hoymercedes.com.ar\/principal\/wp-content\/uploads\/2019\/07\/IMG_20190703_105309.jpg 750w, https:\/\/www.hoymercedes.com.ar\/principal\/wp-content\/uploads\/2019\/07\/IMG_20190703_105309-150x100.jpg 150w, https:\/\/www.hoymercedes.com.ar\/principal\/wp-content\/uploads\/2019\/07\/IMG_20190703_105309-630x420.jpg 630w, https:\/\/www.hoymercedes.com.ar\/principal\/wp-content\/uploads\/2019\/07\/IMG_20190703_105309-720x480.jpg 720w, https:\/\/www.hoymercedes.com.ar\/principal\/wp-content\/uploads\/2019\/07\/IMG_20190703_105309-360x240.jpg 360w\" sizes=\"auto, (max-width: 750px) 100vw, 750px\" \/><\/a><figcaption>bty<\/figcaption><\/figure><\/li><\/ul>\n\n\n\n<p>Los seleccionados son: <\/p>\n\n\n\n<ul class=\"wp-block-list\"><li>GluTacc \u2013 EEST N\u00ba 2 (\u00e1rea Ingenier\u00eda y Tecnolog\u00eda)<\/li><li>Ecole\u00f1a \u2013 EEST N\u00ba 2 (\u00e1rea Ingenier\u00eda y Tecnolog\u00eda)<\/li><li>Tecno Mochilas \u2013 EEST N\u00ba 1 (\u00e1rea\nEmprendedorismo)<\/li><li>Casa Sustentable \u2013 EEST N\u00ba 1 (\u00e1rea Ingenier\u00eda y\nTecnolog\u00eda)<\/li><li>No Solo Lana \u2013 EESA N\u00ba 1 (\u00e1rea Ingenier\u00eda y Tecnolog\u00eda)<\/li><li>Interacci\u00f3n de los Materiales \u2013 N. Inicial Padre\nAnsaldo (\u00e1rea Ambiente Natural, Social y Tecnol\u00f3gico). <\/li><li>Salvemos a las Abejas \u2013 N. Primario San Luis Gonzaga\n(\u00e1rea Ciencias Naturales)<\/li><li>El S\u00faper Eclipse &#8211; &nbsp;N. Primario Padre Ansaldo (\u00e1rea Ciencias Naturales)<\/li><li>Cactuman\u00eda \u2013 EES N\u00ba 11 (\u00e1rea Emprendedorismo)<\/li><li>El Oso Panda \u2013 N. Inicial Espacios de Amor (\u00e1rea\nCiencias Naturales) <\/li><li>Cultivos Sumergibles \u2013 EESA N\u00ba 1 (\u00e1rea\nIngenier\u00eda y Tecnolog\u00eda)<\/li><li>Cerebro Electr\u00f3nico \u2013 EEST N\u00ba 1 (\u00e1rea Ingenier\u00eda\ny Tecnolog\u00eda)<\/li><li>Holograma 3D \u2013 EEST N\u00ba 1 (\u00e1rea Ingenier\u00eda y Tecnolog\u00eda)<\/li><li>Un Mural para Mi Jard\u00edn \u2013 J.I. N\u00ba 901 (Artes\nVisuales)<\/li><\/ul>\n\n\n\n<p>Tambi\u00e9n participaron los proyectos titulados \u201cGestionarte\u201d (EET N\u00ba 1), \u201cArenero del Jard\u00edn\u201d, \u201cSalame Quintero\u201d (CEPT N\u00ba 4), \u201cCavas del Arroyo Balta\u201d (EEST N\u00ba 2), \u201cCon el Coraz\u00f3n en la Mano\u201d (EEST N\u00ba 2), \u201cTe Veo desde Arriba\u201d, \u201cMini Sumo\u201d (EEST N\u00ba 1), \u201cM\u00e1quina de Automatismo\u201d, \u201cMuestra de Maestros de Mayor de Obras\u201d, \u201cEl Desarrollo del Bebe\u201d, \u201cClase Abierta de Dibujo\u201d (Escuela de Arte N\u00ba 2) y \u201cMozart en ritmo de chacarea\u201d (Conservatorio de M\u00fasica). <\/p>\n\n\n\n<p>Cada uno de los seleccionados recibi\u00f3 una medalla y todos los participantes se fueron con un certificado de participaci\u00f3n, gracias al aporte de la Municipalidad de Mercedes y el Concejo Deliberante de la ciudad que declar\u00f3 la Feria Distrital de inter\u00e9s legislativo. <\/p>\n","protected":false},"excerpt":{"rendered":"<p>De distintos niveles educativos e instituciones presentaron proyectos. Catorce ideas fueron seleccionadas para participar de la Feria Regional el 21 &#8230; <a title=\"Escuelas reunidas en la Feria Distrital de Ciencias, Arte y Tecnolog\u00edas\" class=\"read-more\" href=\"https:\/\/www.hoymercedes.com.ar\/principal\/2019\/07\/03\/escuelas-reunidas-en-la-feria-distrital-de-ciencias-arte-y-tecnologias\/\" aria-label=\"Leer m\u00e1s sobre Escuelas reunidas en la Feria Distrital de Ciencias, Arte y Tecnolog\u00edas\">Leer m\u00e1s<\/a><\/p>\n","protected":false},"author":1,"featured_media":96143,"comment_status":"closed","ping_status":"open","sticky":false,"template":"","format":"standard","meta":{"_monsterinsights_skip_tracking":false,"_monsterinsights_sitenote_active":false,"_monsterinsights_sitenote_note":"","_monsterinsights_sitenote_category":0,"jetpack_post_was_ever_published":false,"_jetpack_newsletter_access":"","_jetpack_dont_email_post_to_subs":false,"_jetpack_newsletter_tier_id":0,"_jetpack_memberships_contains_paywalled_content":false,"_jetpack_memberships_contains_paid_content":false,"footnotes":"","jetpack_publicize_message":"","jetpack_publicize_feature_enabled":true,"jetpack_social_post_already_shared":true,"jetpack_social_options":{"image_generator_settings":{"template":"highway","default_image_id":0,"font":"","enabled":false},"version":2},"_wpas_customize_per_network":false},"categories":[23],"tags":[47,989,10164,11510],"class_list":["post-96140","post","type-post","status-publish","format-standard","has-post-thumbnail","hentry","category-educacion","tag-educacion-2","tag-escuelas","tag-feria-de-ciencias","tag-feria-distrital","generate-columns","tablet-grid-50","mobile-grid-100","grid-parent","grid-50"],"jetpack_publicize_connections":[],"jetpack_featured_media_url":"https:\/\/www.hoymercedes.com.ar\/principal\/wp-content\/uploads\/2019\/07\/IMG_20190703_110408143.jpg","wps_subtitle":"Durante la jornada del mi\u00e9rcoles","jetpack_sharing_enabled":true,"_links":{"self":[{"href":"https:\/\/www.hoymercedes.com.ar\/principal\/wp-json\/wp\/v2\/posts\/96140","targetHints":{"allow":["GET"]}}],"collection":[{"href":"https:\/\/www.hoymercedes.com.ar\/principal\/wp-json\/wp\/v2\/posts"}],"about":[{"href":"https:\/\/www.hoymercedes.com.ar\/principal\/wp-json\/wp\/v2\/types\/post"}],"author":[{"embeddable":true,"href":"https:\/\/www.hoymercedes.com.ar\/principal\/wp-json\/wp\/v2\/users\/1"}],"replies":[{"embeddable":true,"href":"https:\/\/www.hoymercedes.com.ar\/principal\/wp-json\/wp\/v2\/comments?post=96140"}],"version-history":[{"count":0,"href":"https:\/\/www.hoymercedes.com.ar\/principal\/wp-json\/wp\/v2\/posts\/96140\/revisions"}],"wp:featuredmedia":[{"embeddable":true,"href":"https:\/\/www.hoymercedes.com.ar\/principal\/wp-json\/wp\/v2\/media\/96143"}],"wp:attachment":[{"href":"https:\/\/www.hoymercedes.com.ar\/principal\/wp-json\/wp\/v2\/media?parent=96140"}],"wp:term":[{"taxonomy":"category","embeddable":true,"href":"https:\/\/www.hoymercedes.com.ar\/principal\/wp-json\/wp\/v2\/categories?post=96140"},{"taxonomy":"post_tag","embeddable":true,"href":"https:\/\/www.hoymercedes.com.ar\/principal\/wp-json\/wp\/v2\/tags?post=96140"}],"curies":[{"name":"wp","href":"https:\/\/api.w.org\/{rel}","templated":true}]}}